{"id":7272,"date":"2019-09-25T23:28:37","date_gmt":"2019-09-25T23:28:37","guid":{"rendered":"https:\/\/jorgezanoni.com.br\/2019\/?p=7272"},"modified":"2019-09-25T23:28:37","modified_gmt":"2019-09-25T23:28:37","slug":"mae-e-detida-apos-acorrentar-filha-e-postar-desabafo-nas-redes-sociais","status":"publish","type":"post","link":"https:\/\/jorgezanoni.com.br\/2019\/mae-e-detida-apos-acorrentar-filha-e-postar-desabafo-nas-redes-sociais\/","title":{"rendered":"M\u00e3e \u00e9 detida ap\u00f3s acorrentar filha e postar &#8216;desabafo&#8217; nas redes sociais"},"content":{"rendered":"<h2 class=\"content-head__subtitle\" style=\"text-align: justify;\"><strong>Na postagem da m\u00e3e, a jovem aparece com o cabelo raspado. De acordo com o delegado, mulher afirmou que tomou a atitude para evitar que filha sa\u00edsse de casa para usar crack; ela foi solta ap\u00f3s passar por audi\u00eancia de cust\u00f3dia.<\/strong><\/h2>\n<p style=\"text-align: justify;\"><img loading=\"lazy\" decoding=\"async\" class=\"alignnone size-full wp-image-7273\" src=\"https:\/\/jorgezanoni.com.br\/2019\/wp-content\/uploads\/2019\/09\/m\u00e3e-1.jpeg\" alt=\"\" width=\"1000\" height=\"1633\" srcset=\"https:\/\/jorgezanoni.com.br\/2019\/wp-content\/uploads\/2019\/09\/m\u00e3e-1.jpeg 1000w, https:\/\/jorgezanoni.com.br\/2019\/wp-content\/uploads\/2019\/09\/m\u00e3e-1-184x300.jpeg 184w, https:\/\/jorgezanoni.com.br\/2019\/wp-content\/uploads\/2019\/09\/m\u00e3e-1-768x1254.jpeg 768w, https:\/\/jorgezanoni.com.br\/2019\/wp-content\/uploads\/2019\/09\/m\u00e3e-1-627x1024.jpeg 627w, https:\/\/jorgezanoni.com.br\/2019\/wp-content\/uploads\/2019\/09\/m\u00e3e-1-696x1137.jpeg 696w, https:\/\/jorgezanoni.com.br\/2019\/wp-content\/uploads\/2019\/09\/m\u00e3e-1-257x420.jpeg 257w\" sizes=\"auto, (max-width: 1000px) 100vw, 1000px\" \/>Mulher fez postagem nas redes sociais com fotos da filha com cabelo raspado e acorrentada \u2014 Foto: Reprodu\u00e7\u00e3o\/Facebook<\/p>\n<div class=\"mc-column content-text active-extra-styles \" style=\"text-align: justify;\" data-block-type=\"unstyled\" data-block-weight=\"42\" data-block-id=\"2\">\n<p class=\"content-text__container \" data-track-category=\"Link no Texto\" data-track-links=\"\">Uma mulher foi autuada por viol\u00eancia dom\u00e9stica e les\u00e3o corporal ap\u00f3s acorrentar a filha, de 20 anos, em um banco de madeira, raspar o cabelo da jovem e publicar fotos nas redes sociais, em Castilho (SP), na noite de ter\u00e7a-feira (24).<\/p>\n<\/div>\n<div class=\"wall protected-content\">\n<div class=\"mc-column content-text active-extra-styles \" style=\"text-align: justify;\" data-block-type=\"unstyled\" data-block-weight=\"37\" data-block-id=\"3\">\n<p class=\"content-text__container \" data-track-category=\"Link no Texto\" data-track-links=\"\">Segundo o delegado respons\u00e1vel pelo caso, Carlos S\u00e9rgio Franco Falsiroli, a m\u00e3e de 44 anos afirmou \u00e0 pol\u00edcia que resolveu acorrentar a menina para evitar que a jovem sa\u00edsse de casa para comprar e usar crack.<\/p>\n<\/div>\n<div class=\"mc-column content-text active-extra-styles \" style=\"text-align: justify;\" data-block-type=\"unstyled\" data-block-weight=\"41\" data-block-id=\"4\">\n<p class=\"content-text__container \" data-track-category=\"Link no Texto\" data-track-links=\"\">\u201cEla alegou que estava desesperada e n\u00e3o sabia mais o que fazer com a filha. Ent\u00e3o, a m\u00e3e acorrentou a menina e raspou o cabelo dela, acreditando que ela sentiria vergonha e n\u00e3o sairia para comprar droga\u201d, afirma o delegado.<\/p>\n<\/div>\n<div class=\"mc-column content-text active-extra-styles \" style=\"text-align: justify;\" data-block-type=\"unstyled\" data-block-weight=\"41\" data-block-id=\"5\">\n<p class=\"content-text__container \" data-track-category=\"Link no Texto\" data-track-links=\"\">Na publica\u00e7\u00e3o feita pela m\u00e3e em uma rede social \u00e9 poss\u00edvel ver duas fotos da jovem com o cabelo raspado e sentada em um banco de madeira. Em um dos p\u00e9s da menina, h\u00e1 um cadeado e uma corrente.<\/p>\n<\/div>\n<div class=\"mc-column content-text active-extra-styles \" data-block-type=\"unstyled\" data-block-weight=\"59\" data-block-id=\"6\">\n<p class=\"content-text__container \" style=\"text-align: justify;\" data-track-category=\"Link no Texto\" data-track-links=\"\">\u201cHoje eu comecei. Esta vagabunda sai de casa para as biqueiras. Estou doente, ela passa a noite na rua e o filho dela fica comigo chorando. Hoje eu fiz isso com ela!! Estou ultrapassando meu limite. Quero ver algum me apontar. Eu que criei, eu que fa\u00e7o. Chega pra mim j\u00e1 Deus\u201d, escreveu a m\u00e3e no mesmo post.<\/p>\n<div class=\"mc-column content-text active-extra-styles \" style=\"text-align: justify;\" data-block-type=\"unstyled\" data-block-weight=\"41\" data-block-id=\"8\">\n<p class=\"content-text__container \" data-track-category=\"Link no Texto\" data-track-links=\"\">Ao receber a den\u00fancia da coordenadora do Centro de Refer\u00eancia Especializado da Assist\u00eancia Social (Creas), que viu a postagem feita nas redes sociais, a Pol\u00edcia Militar foi at\u00e9 a casa da fam\u00edlia e realizou a pris\u00e3o em flagrante da mulher.<\/p>\n<div class=\"mc-column content-text active-extra-styles \" data-block-type=\"unstyled\" data-block-weight=\"51\" data-block-id=\"10\">\n<p class=\"content-text__container \" data-track-category=\"Link no Texto\" data-track-links=\"\">\u201cEu fui at\u00e9 a casa da fam\u00edlia. A jovem realmente estava acorrentada em um banco de madeira. Ela somente pediu para sair o mais r\u00e1pido poss\u00edvel do im\u00f3vel da m\u00e3e. Pelo o que sei, ela e o filho est\u00e3o na casa da irm\u00e3 mais velha dela\u201d, afirma Andrea Lopes de Sousa.<\/p>\n<\/div>\n<div class=\"mc-column content-text active-extra-styles \" data-block-type=\"unstyled\" data-block-weight=\"33\" data-block-id=\"11\">\n<p class=\"content-text__container \" data-track-category=\"Link no Texto\" data-track-links=\"\">A m\u00e3e foi levada \u00e0 delegacia da Pol\u00edcia Civil, onde prestou depoimento ao delegado respons\u00e1vel pelo caso. A menina passou por um exame de corpo de delito e as agress\u00f5es foram comprovadas.<\/p>\n<\/div>\n<div class=\"mc-column content-text active-extra-styles \" data-block-type=\"unstyled\" data-block-weight=\"42\" data-block-id=\"12\">\n<p class=\"content-text__container \" data-track-category=\"Link no Texto\" data-track-links=\"\">Ainda segundo o delegado, Carlos S\u00e9rgio Franco Falsiroli, essa n\u00e3o foi a primeira vez que a jovem foi agredida pela m\u00e3e, que ganhou liberdade ap\u00f3s passar por audi\u00eancia de cust\u00f3dia realizada na manh\u00e3 desta quarta-feira (25) no F\u00f3rum de Andradina (SP).<\/p>\n<\/div>\n<div class=\"mc-column content-text active-extra-styles \" data-block-type=\"unstyled\" data-block-weight=\"31\" data-block-id=\"13\">\n<p class=\"content-text__container \" data-track-category=\"Link no Texto\" data-track-links=\"\">\u201cEu acabei optando pela pris\u00e3o em flagrante da mulher por viol\u00eancia dom\u00e9stica e les\u00e3o corporal. Ela se excedeu na corre\u00e7\u00e3o aplicada contra filha. N\u00e3o precisa disso\u201d, alega o delegado que<\/p>\n<\/div>\n<div class=\"mc-column content-text active-extra-styles \" data-block-type=\"unstyled\" data-block-weight=\"33\" data-block-id=\"14\">\n<p class=\"content-text__container \" data-track-category=\"Link no Texto\" data-track-links=\"\">Em entrevista ao\u00a0<strong>G1<\/strong>, a coordenadora do Creas tamb\u00e9m afirmou que a jovem solicitou uma medida protetiva contra a m\u00e3e e que a fam\u00edlia passar\u00e1 por acompanhamento profissional oferecido pelo pr\u00f3prio munic\u00edpio.<\/p>\n<\/div>\n<div class=\"content-ads content-ads--reveal\" data-block-type=\"ads\" data-block-id=\"15\">\n<div id=\"banner_materia__b333d8cb-a42b-4b44-aa57-1971322b3b8f\" class=\"tag-manager-publicidade-container mc-has-reveal mc-has-ad-lazyload tag-manager-publicidade-banner_materia__b333d8cb-a42b-4b44-aa57-1971322b3b8f tag-manager-publicidade-container--carregado tag-manager-publicidade-container--visivel\" data-id=\"banner_materia__b333d8cb-a42b-4b44-aa57-1971322b3b8f\" data-google-query-id=\"CNGist-P7eQCFcMRgQodTDcHzw\" data-cid=\"138287646943\" data-lid=\"5171983151\">\n<div class=\"mc-column content-text active-extra-styles \" data-block-type=\"unstyled\" data-block-weight=\"20\" data-block-id=\"16\">\n<p class=\"content-text__container \" data-track-category=\"Link no Texto\" data-track-links=\"\">\u201cN\u00f3s vamos continuar acompanhando o dia a dia dessa fam\u00edlia e realizando nosso trabalho de assist\u00eancia social\u201d, diz Andrea.<\/p>\n<\/div>\n<div data-track-category=\"multicontent\" data-track-action=\"ultimo chunk conteudo\" data-track-noninteraction=\"false\" data-track-scroll=\"view\">\n<div class=\"mc-column content-text active-extra-styles \" data-block-type=\"unstyled\" data-block-weight=\"11\" data-block-id=\"17\">Fonte: G1<\/div>\n<\/div>\n<\/div>\n<\/div>\n<\/div>\n<div class=\"mc-column content-media content-video\" data-block-type=\"backstage-video\" data-block-id=\"9\">\n<div class=\"content-media__container\">\n<div class=\"content-video__bigger-player-description-fixer content-media__container--loaded\">\n<div class=\"content-video__video\">\n<div id=\"wp3-player-2\" class=\"clappr-player\" tabindex=\"9999\" data-player=\"\">\n<div class=\"media-control media-control-hide\">\n<div class=\"media-control-panel\">\n<div class=\"media-control-panel__between\" style=\"text-align: justify;\">\n<button class=\"media-control-button skip-button skip-button--left skip-button--start_over skip-button--hidden media-control-element\" data-skip-button=\"\"><\/button><\/div>\n<div class=\"media-control-panel__lower\" data-controls=\"\">\n<div class=\"media-control-position__center\">\n<div class=\"bar-container media-control-element\" data-seekbar=\"\">\n<div class=\"thumb-preview thumb-preview--hidden\">\n<div class=\"thumb-preview__thumb\"><\/div>\n<div class=\"thumb-preview__position\"><\/div>\n<\/div>\n<\/div>\n<div class=\"bar-container__placeholder\"><\/div>\n<div class=\"chromecast-sender-indicator media-control-element\"><\/div>\n<\/div>\n<div class=\"opposites-container\">\n<div class=\"media-control-position__between\">\n<div class=\"quick-seek-hint hidden media-control-element\"><\/div>\n<\/div>\n<div class=\"media-control-position__right\">\n<div class=\"drawer-container volume-hide media-control-element\" data-volume=\"\">\n<div class=\"drawer-icon-container\" data-volume=\"\"><\/div>\n<div class=\"bar-container\" data-volume=\"\">\n<div class=\"bar-background\" data-volume=\"\">\n<div class=\"bar-fill-1\" data-volume=\"\"><\/div>\n<div class=\"bar-hover\" data-volume=\"\"><\/div>\n<\/div>\n<div class=\"bar-scrubber\" data-volume=\"\">\n<div class=\"bar-scrubber-icon\" data-volume=\"\"><\/div>\n<\/div>\n<\/div>\n<\/div>\n<p><button class=\"media-control-button media-control-element\" data-fullscreen=\"\" aria-label=\"fullscreen\"><\/button><\/div>\n<\/div>\n<\/div>\n<div class=\"media-control-panel__front-layer\">\n<div class=\"media-control-position__left\"><\/div>\n<div class=\"media-control-position__center\"><\/div>\n<div class=\"media-control-position__right\"><\/div>\n<\/div>\n<div class=\"media-control-panel__modal\"><\/div>\n<\/div>\n<\/div>\n<\/div>\n<\/div>\n<\/div>\n<\/div>\n<\/div>\n<\/div>\n<\/div>\n","protected":false},"excerpt":{"rendered":"<p>Na postagem da m\u00e3e, a jovem aparece com o cabelo raspado. De acordo com o delegado, mulher afirmou que tomou a atitude para evitar que filha sa\u00edsse de casa para usar crack; ela foi solta ap\u00f3s passar por audi\u00eancia de cust\u00f3dia. Mulher fez postagem nas redes sociais com fotos da filha com cabelo raspado e [&hellip;]<\/p>\n","protected":false},"author":1,"featured_media":7274,"comment_status":"closed","ping_status":"open","sticky":false,"template":"","format":"standard","meta":{"footnotes":""},"categories":[110,2],"tags":[],"class_list":["post-7272","post","type-post","status-publish","format-standard","has-post-thumbnail","hentry","category-noticiasdestaque","category-policial"],"_links":{"self":[{"href":"https:\/\/jorgezanoni.com.br\/2019\/wp-json\/wp\/v2\/posts\/7272","targetHints":{"allow":["GET"]}}],"collection":[{"href":"https:\/\/jorgezanoni.com.br\/2019\/wp-json\/wp\/v2\/posts"}],"about":[{"href":"https:\/\/jorgezanoni.com.br\/2019\/wp-json\/wp\/v2\/types\/post"}],"author":[{"embeddable":true,"href":"https:\/\/jorgezanoni.com.br\/2019\/wp-json\/wp\/v2\/users\/1"}],"replies":[{"embeddable":true,"href":"https:\/\/jorgezanoni.com.br\/2019\/wp-json\/wp\/v2\/comments?post=7272"}],"version-history":[{"count":0,"href":"https:\/\/jorgezanoni.com.br\/2019\/wp-json\/wp\/v2\/posts\/7272\/revisions"}],"wp:featuredmedia":[{"embeddable":true,"href":"https:\/\/jorgezanoni.com.br\/2019\/wp-json\/wp\/v2\/media\/7274"}],"wp:attachment":[{"href":"https:\/\/jorgezanoni.com.br\/2019\/wp-json\/wp\/v2\/media?parent=7272"}],"wp:term":[{"taxonomy":"category","embeddable":true,"href":"https:\/\/jorgezanoni.com.br\/2019\/wp-json\/wp\/v2\/categories?post=7272"},{"taxonomy":"post_tag","embeddable":true,"href":"https:\/\/jorgezanoni.com.br\/2019\/wp-json\/wp\/v2\/tags?post=7272"}],"curies":[{"name":"wp","href":"https:\/\/api.w.org\/{rel}","templated":true}]}}