{"id":72690,"date":"2023-01-06T22:00:56","date_gmt":"2023-01-06T22:00:56","guid":{"rendered":"https:\/\/jorgezanoni.com.br\/2019\/?p=72690"},"modified":"2023-01-06T22:02:42","modified_gmt":"2023-01-06T22:02:42","slug":"chapa-unica-concorre-a-presidencia-para-eleger-pela-primeira-vez-na-historia-uma-mulher-na-presidencia-da-ace","status":"publish","type":"post","link":"https:\/\/jorgezanoni.com.br\/2019\/chapa-unica-concorre-a-presidencia-para-eleger-pela-primeira-vez-na-historia-uma-mulher-na-presidencia-da-ace\/","title":{"rendered":"Chapa \u00fanica concorre a presid\u00eancia para eleger pela primeira vez na hist\u00f3ria uma mulher na presid\u00eancia da ACE"},"content":{"rendered":"<p style=\"text-align: justify;\"><strong>Maria Neli Vieira Kato \u00e9 candidata em chapa \u00fanica na elei\u00e7\u00e3o da ACE que ocorre na ter\u00e7a-feira (10). Pela primeira vez na hist\u00f3ria da Associa\u00e7\u00e3o uma mulher dever\u00e1 ser a presidente. Ela \u00e9 propriet\u00e1ria da \u00f3tica Vis\u00e3o e Kasa Bella Presentes.<\/strong><\/p>\n<p>CONVOCA\u00c7\u00c3O ELEI\u00c7\u00c3O DA DIRETORIA 2023\/2024<\/p>\n<p style=\"text-align: justify;\">A associa\u00e7\u00e3o comercial e empresarial de Dracena, convoca todos os associados para participarem da elei\u00e7\u00e3o da chapa *DRACENA CONTEMPOR\u00c2NEA * Bi\u00eanio 2023\/2024.<br \/>\nQue tem como presidente a empres\u00e1ria Maria Neli Vieira Kato propriet\u00e1ria da empresa Otica vis\u00e3o.<br \/>\nSer\u00e1 nesta ter\u00e7a-feira dia 10\/01\/2023 das 14:00 as 17:00 na sede da associa\u00e7\u00e3o na avenida Rui Barbosa 1013.<\/p>\n<p>Att. Arildo Luciano Ferlin da Silva<br \/>\nPresidente 2021\/2022.<\/p>\n<p>Segue abaixo a chapa completa.<\/p>\n<p style=\"text-align: justify;\">ILMO SENHOR PRESIDENTE DA ASSOCIA\u00c7\u00c3O COMERCIAL E<br \/>\nEMPRESARIAL DE DRACENA \u2013 SP \u2013.<br \/>\nA chapa \u201cDRACENA CONTEMPOR\u00c2NEA\u201d, atrav\u00e9s de sua presidente Sra. Maria Neli Viera Kato, Brasileira, Casada, empres\u00e1ria, residente e domiciliado nesta cidade de Dracena- SP, portador do CPF 120.991.998-25 e RG 24.100.497-4 SSP-SP, vem em atendimento ao que disp\u00f5e o Estatuto Social e Regimento Interno, desta digna Associa\u00e7\u00e3o de Classe que congregam comerciantes e industriais de Dracena, requerer a inscri\u00e7\u00e3o nesta data da chapa com os nomes dos candidatos para comporem a diretoria executiva para o bi\u00eanio 2023\/2024, que participar\u00e1 do pleito eleitoral desta entidade no pr\u00f3ximo dia 10 de Janeiro de 2023, das 14:00 \u00e0s 17:00 nas depend\u00eancias desta casa.<br \/>\nCHAPA<br \/>\n\u201cDRACENA CONTEMPOR\u00c2NEA \u201d<br \/>\nPresidente Maria Neli Vieira Kato Otica Vis\u00e3o<br \/>\nVice Presidente Arildo Luciano Gerlin da Silva Luciano Turismo<br \/>\n1\u00ba Secretario Douglas Pontes Castilho Santa Helena<br \/>\n2\u00ba Secret\u00e1rio Renata Almeida de Brito Renata A. de Brito<br \/>\n1\u00ba Tesoureiro Luiz Carlos Scaliante Sol e Lua<br \/>\n2\u00ba Tesoureiro Fernando Silva Noguerol Barros Posto Central<br \/>\nCONSELHO DELIBERATIVO<br \/>\nEduardo Rebuci dos Reis Alves Farmais<br \/>\nJuliana Guedes Sales Camarin Kids<br \/>\nPaulo Rogerio Zimiani Garcia Cerealista Garcia Mesa<br \/>\nGlaciane Maria Machado Torres Gr\u00e3o da Terra<br \/>\nGabriela Milanez Morgado de Abreu \u00d3ticas Carol<br \/>\nLucas Tanganini dos Santos Olivar Moveis<br \/>\nBruno Dancieri Silveira Coimma<br \/>\nEdival Bruno Troiano Supermercados Troyano<br \/>\nThabath Cevallos Menegucci Dracea\u00e7o<br \/>\nHugo Okina Nakano Dracena Presentes<br \/>\nJuliano Baravelli Vicente Center Modas<br \/>\nSem mais para o momento despe\u00e7o-me.<br \/>\nDracena, 05 de Janeiro de 2023.<br \/>\nRespeitosamente.<br \/>\nMaria Neli Vieira Kato<br \/>\nCPF 120.991.998-25<br \/>\nRG 24.100.497-4 -SSP-SP<\/p>\n","protected":false},"excerpt":{"rendered":"<p>Maria Neli Vieira Kato \u00e9 candidata em chapa \u00fanica na elei\u00e7\u00e3o da ACE que ocorre na ter\u00e7a-feira (10). Pela primeira vez na hist\u00f3ria da Associa\u00e7\u00e3o uma mulher dever\u00e1 ser a presidente. Ela \u00e9 propriet\u00e1ria da \u00f3tica Vis\u00e3o e Kasa Bella Presentes. CONVOCA\u00c7\u00c3O ELEI\u00c7\u00c3O DA DIRETORIA 2023\/2024 A associa\u00e7\u00e3o comercial e empresarial de Dracena, convoca todos [&hellip;]<\/p>\n","protected":false},"author":1,"featured_media":72691,"comment_status":"closed","ping_status":"open","sticky":false,"template":"","format":"standard","meta":{"footnotes":""},"categories":[179,184,114,110],"tags":[],"class_list":["post-72690","post","type-post","status-publish","format-standard","has-post-thumbnail","hentry","category-cidadeseregiao","category-dracena","category-geralecomercio","category-noticiasdestaque"],"_links":{"self":[{"href":"https:\/\/jorgezanoni.com.br\/2019\/wp-json\/wp\/v2\/posts\/72690","targetHints":{"allow":["GET"]}}],"collection":[{"href":"https:\/\/jorgezanoni.com.br\/2019\/wp-json\/wp\/v2\/posts"}],"about":[{"href":"https:\/\/jorgezanoni.com.br\/2019\/wp-json\/wp\/v2\/types\/post"}],"author":[{"embeddable":true,"href":"https:\/\/jorgezanoni.com.br\/2019\/wp-json\/wp\/v2\/users\/1"}],"replies":[{"embeddable":true,"href":"https:\/\/jorgezanoni.com.br\/2019\/wp-json\/wp\/v2\/comments?post=72690"}],"version-history":[{"count":3,"href":"https:\/\/jorgezanoni.com.br\/2019\/wp-json\/wp\/v2\/posts\/72690\/revisions"}],"predecessor-version":[{"id":72694,"href":"https:\/\/jorgezanoni.com.br\/2019\/wp-json\/wp\/v2\/posts\/72690\/revisions\/72694"}],"wp:featuredmedia":[{"embeddable":true,"href":"https:\/\/jorgezanoni.com.br\/2019\/wp-json\/wp\/v2\/media\/72691"}],"wp:attachment":[{"href":"https:\/\/jorgezanoni.com.br\/2019\/wp-json\/wp\/v2\/media?parent=72690"}],"wp:term":[{"taxonomy":"category","embeddable":true,"href":"https:\/\/jorgezanoni.com.br\/2019\/wp-json\/wp\/v2\/categories?post=72690"},{"taxonomy":"post_tag","embeddable":true,"href":"https:\/\/jorgezanoni.com.br\/2019\/wp-json\/wp\/v2\/tags?post=72690"}],"curies":[{"name":"wp","href":"https:\/\/api.w.org\/{rel}","templated":true}]}}