{"id":72660,"date":"2023-01-05T17:30:14","date_gmt":"2023-01-05T17:30:14","guid":{"rendered":"https:\/\/jorgezanoni.com.br\/2019\/?p=72660"},"modified":"2023-01-05T17:30:14","modified_gmt":"2023-01-05T17:30:14","slug":"policia-militar-esclarece-furto-em-panorama","status":"publish","type":"post","link":"https:\/\/jorgezanoni.com.br\/2019\/policia-militar-esclarece-furto-em-panorama\/","title":{"rendered":"Pol\u00edcia Militar esclarece furto em Panorama"},"content":{"rendered":"<p style=\"text-align: justify;\">Na data de hoje por volta daa 15h18min segundo a solicitante havia relatado que um indiv\u00edduo haveria tomado posse de sua bicicleta sem a sua autoriza\u00e7\u00e3o no Bairro Ninho das Cobras.<br \/>\nA equipe efetuava patrulhamento pela rua Nicola Zwuing e se deparado com o poss\u00edvel indiciado de posse de uma bicicleta com as caracter\u00edsticas informada pela solicitante ( mulher), sendo que o mesmo abordado consigo carrega uma sacola com 3 carregadores de celulares novos e embalados e um ma\u00e7arico culin\u00e1rio tamb\u00e9m embalado indagado sobre tais objetos n\u00e3o soube relatar a origem. O indiciado foi levado ao Plant\u00e3o de Pol\u00edcia Judici\u00e1ria e elaborado o auto de exibi\u00e7\u00e3o e apreens\u00e3o dos objetos ouvindo e liberando as partes.<br \/>\nO indiciado estava de saidinha da penitenci\u00e1ria de Pacaembu.<br \/>\nElaborado BOPC DE FURTO AVERIGUA\u00c7\u00c3O\/ ESCLARECIMENTO.<\/p>\n<p><img loading=\"lazy\" decoding=\"async\" class=\"alignnone size-full wp-image-72662\" src=\"https:\/\/jorgezanoni.com.br\/2019\/wp-content\/uploads\/2023\/01\/panora.jpg\" alt=\"\" width=\"700\" height=\"525\" srcset=\"https:\/\/jorgezanoni.com.br\/2019\/wp-content\/uploads\/2023\/01\/panora.jpg 700w, https:\/\/jorgezanoni.com.br\/2019\/wp-content\/uploads\/2023\/01\/panora-300x225.jpg 300w, https:\/\/jorgezanoni.com.br\/2019\/wp-content\/uploads\/2023\/01\/panora-80x60.jpg 80w, https:\/\/jorgezanoni.com.br\/2019\/wp-content\/uploads\/2023\/01\/panora-265x198.jpg 265w, https:\/\/jorgezanoni.com.br\/2019\/wp-content\/uploads\/2023\/01\/panora-696x522.jpg 696w, https:\/\/jorgezanoni.com.br\/2019\/wp-content\/uploads\/2023\/01\/panora-560x420.jpg 560w\" sizes=\"auto, (max-width: 700px) 100vw, 700px\" \/><\/p>\n<p>Fonte: Com. Social Pol\u00edcia Militar<\/p>\n","protected":false},"excerpt":{"rendered":"<p>Na data de hoje por volta daa 15h18min segundo a solicitante havia relatado que um indiv\u00edduo haveria tomado posse de sua bicicleta sem a sua autoriza\u00e7\u00e3o no Bairro Ninho das Cobras. A equipe efetuava patrulhamento pela rua Nicola Zwuing e se deparado com o poss\u00edvel indiciado de posse de uma bicicleta com as caracter\u00edsticas informada [&hellip;]<\/p>\n","protected":false},"author":1,"featured_media":72661,"comment_status":"closed","ping_status":"open","sticky":false,"template":"","format":"standard","meta":{"footnotes":""},"categories":[110,2],"tags":[],"class_list":["post-72660","post","type-post","status-publish","format-standard","has-post-thumbnail","hentry","category-noticiasdestaque","category-policial"],"_links":{"self":[{"href":"https:\/\/jorgezanoni.com.br\/2019\/wp-json\/wp\/v2\/posts\/72660","targetHints":{"allow":["GET"]}}],"collection":[{"href":"https:\/\/jorgezanoni.com.br\/2019\/wp-json\/wp\/v2\/posts"}],"about":[{"href":"https:\/\/jorgezanoni.com.br\/2019\/wp-json\/wp\/v2\/types\/post"}],"author":[{"embeddable":true,"href":"https:\/\/jorgezanoni.com.br\/2019\/wp-json\/wp\/v2\/users\/1"}],"replies":[{"embeddable":true,"href":"https:\/\/jorgezanoni.com.br\/2019\/wp-json\/wp\/v2\/comments?post=72660"}],"version-history":[{"count":1,"href":"https:\/\/jorgezanoni.com.br\/2019\/wp-json\/wp\/v2\/posts\/72660\/revisions"}],"predecessor-version":[{"id":72663,"href":"https:\/\/jorgezanoni.com.br\/2019\/wp-json\/wp\/v2\/posts\/72660\/revisions\/72663"}],"wp:featuredmedia":[{"embeddable":true,"href":"https:\/\/jorgezanoni.com.br\/2019\/wp-json\/wp\/v2\/media\/72661"}],"wp:attachment":[{"href":"https:\/\/jorgezanoni.com.br\/2019\/wp-json\/wp\/v2\/media?parent=72660"}],"wp:term":[{"taxonomy":"category","embeddable":true,"href":"https:\/\/jorgezanoni.com.br\/2019\/wp-json\/wp\/v2\/categories?post=72660"},{"taxonomy":"post_tag","embeddable":true,"href":"https:\/\/jorgezanoni.com.br\/2019\/wp-json\/wp\/v2\/tags?post=72660"}],"curies":[{"name":"wp","href":"https:\/\/api.w.org\/{rel}","templated":true}]}}