{"id":72650,"date":"2023-01-05T16:00:08","date_gmt":"2023-01-05T16:00:08","guid":{"rendered":"https:\/\/jorgezanoni.com.br\/2019\/?p=72650"},"modified":"2023-01-05T16:01:31","modified_gmt":"2023-01-05T16:01:31","slug":"bebe-de-panorama-e-a-primeira-crianca-a-nascer-na-santa-casa-de-dracena-em-2-023","status":"publish","type":"post","link":"https:\/\/jorgezanoni.com.br\/2019\/bebe-de-panorama-e-a-primeira-crianca-a-nascer-na-santa-casa-de-dracena-em-2-023\/","title":{"rendered":"Beb\u00ea de Panorama \u00e9 a primeira crian\u00e7a a nascer na Santa Casa de Dracena em 2.023"},"content":{"rendered":"<div class=\"x11i5rnm xat24cr x1mh8g0r x1vvkbs xdj266r x126k92a\">\n<div dir=\"auto\" style=\"text-align: justify;\">Nasceu na Santa Casa de Dracena, \u00e0s 14:05 Horas de segunda-feira (2), a primeira beb\u00ea, que recebeu o nome de Mait\u00ea. O parto\u00a0foi ces\u00e1rea e a m\u00e3e passa bem.<\/div>\n<\/div>\n<div dir=\"auto\" style=\"text-align: justify;\"><\/div>\n<div dir=\"auto\" style=\"text-align: justify;\">A beb\u00ea pesou 2.615 kg e mediu 44 cent\u00edmetros.<\/div>\n<div class=\"x11i5rnm xat24cr x1mh8g0r x1vvkbs xdj266r x126k92a\" style=\"text-align: justify;\">\n<div dir=\"auto\"><\/div>\n<div dir=\"auto\">Os pais Diego Brito (34 anos) e Vanessa Rodrigues dos Santos (18), que s\u00e3o de Panorama,\u00a0 est\u00e3o felizes com a chegada da primeira filha.<\/div>\n<\/div>\n<div dir=\"auto\"><\/div>\n<div dir=\"auto\"><img loading=\"lazy\" decoding=\"async\" class=\"alignnone size-full wp-image-72652\" src=\"https:\/\/jorgezanoni.com.br\/2019\/wp-content\/uploads\/2023\/01\/bb1.jpg\" alt=\"\" width=\"700\" height=\"931\" srcset=\"https:\/\/jorgezanoni.com.br\/2019\/wp-content\/uploads\/2023\/01\/bb1.jpg 700w, https:\/\/jorgezanoni.com.br\/2019\/wp-content\/uploads\/2023\/01\/bb1-226x300.jpg 226w, https:\/\/jorgezanoni.com.br\/2019\/wp-content\/uploads\/2023\/01\/bb1-696x926.jpg 696w, https:\/\/jorgezanoni.com.br\/2019\/wp-content\/uploads\/2023\/01\/bb1-316x420.jpg 316w\" sizes=\"auto, (max-width: 700px) 100vw, 700px\" \/><\/div>\n<div dir=\"auto\"><\/div>\n<div dir=\"auto\" style=\"text-align: justify;\">Jorge Zanoni<\/div>\n<div dir=\"auto\" style=\"text-align: justify;\">Fotos cedida\/Vanessa Santos<\/div>\n","protected":false},"excerpt":{"rendered":"<p>Nasceu na Santa Casa de Dracena, \u00e0s 14:05 Horas de segunda-feira (2), a primeira beb\u00ea, que recebeu o nome de Mait\u00ea. O parto\u00a0foi ces\u00e1rea e a m\u00e3e passa bem. A beb\u00ea pesou 2.615 kg e mediu 44 cent\u00edmetros. Os pais Diego Brito (34 anos) e Vanessa Rodrigues dos Santos (18), que s\u00e3o de Panorama,\u00a0 est\u00e3o [&hellip;]<\/p>\n","protected":false},"author":1,"featured_media":72651,"comment_status":"closed","ping_status":"open","sticky":false,"template":"","format":"standard","meta":{"footnotes":""},"categories":[179,110,188],"tags":[],"class_list":["post-72650","post","type-post","status-publish","format-standard","has-post-thumbnail","hentry","category-cidadeseregiao","category-noticiasdestaque","category-panorama"],"_links":{"self":[{"href":"https:\/\/jorgezanoni.com.br\/2019\/wp-json\/wp\/v2\/posts\/72650","targetHints":{"allow":["GET"]}}],"collection":[{"href":"https:\/\/jorgezanoni.com.br\/2019\/wp-json\/wp\/v2\/posts"}],"about":[{"href":"https:\/\/jorgezanoni.com.br\/2019\/wp-json\/wp\/v2\/types\/post"}],"author":[{"embeddable":true,"href":"https:\/\/jorgezanoni.com.br\/2019\/wp-json\/wp\/v2\/users\/1"}],"replies":[{"embeddable":true,"href":"https:\/\/jorgezanoni.com.br\/2019\/wp-json\/wp\/v2\/comments?post=72650"}],"version-history":[{"count":1,"href":"https:\/\/jorgezanoni.com.br\/2019\/wp-json\/wp\/v2\/posts\/72650\/revisions"}],"predecessor-version":[{"id":72653,"href":"https:\/\/jorgezanoni.com.br\/2019\/wp-json\/wp\/v2\/posts\/72650\/revisions\/72653"}],"wp:featuredmedia":[{"embeddable":true,"href":"https:\/\/jorgezanoni.com.br\/2019\/wp-json\/wp\/v2\/media\/72651"}],"wp:attachment":[{"href":"https:\/\/jorgezanoni.com.br\/2019\/wp-json\/wp\/v2\/media?parent=72650"}],"wp:term":[{"taxonomy":"category","embeddable":true,"href":"https:\/\/jorgezanoni.com.br\/2019\/wp-json\/wp\/v2\/categories?post=72650"},{"taxonomy":"post_tag","embeddable":true,"href":"https:\/\/jorgezanoni.com.br\/2019\/wp-json\/wp\/v2\/tags?post=72650"}],"curies":[{"name":"wp","href":"https:\/\/api.w.org\/{rel}","templated":true}]}}