{"id":72620,"date":"2023-01-03T22:33:39","date_gmt":"2023-01-03T22:33:39","guid":{"rendered":"https:\/\/jorgezanoni.com.br\/2019\/?p=72620"},"modified":"2023-01-03T22:33:39","modified_gmt":"2023-01-03T22:33:39","slug":"mais-uma-vez-e-sempre-perderam-manes-por-sergio-barbosa","status":"publish","type":"post","link":"https:\/\/jorgezanoni.com.br\/2019\/mais-uma-vez-e-sempre-perderam-manes-por-sergio-barbosa\/","title":{"rendered":"Mais uma vez e sempre, PERDERAM MAN\u00c9S! (por S\u00e9rgio Barbosa)"},"content":{"rendered":"<p style=\"text-align: justify;\"><strong>Mais uma vez e sempre, PERDERAM MAN\u00c9S!<\/strong><\/p>\n<p style=\"text-align: justify;\"><strong>\u201cA mais lament\u00e1vel de todas as perdas \u00e9 a perda do tempo.\u201d (<\/strong><a href=\"https:\/\/www.pensador.com\/autor\/philip_chesterfield\/\"><strong>Philip Chesterfield<\/strong><\/a><strong>)<\/strong><strong>\u00a0<\/strong><\/p>\n<p style=\"text-align: justify;\"><strong>S\u00e9rgio Barbosa (*)<\/strong><\/p>\n<p style=\"text-align: justify;\">Torna-se a frase que deve continuar daqui pra frente cada vez mais presente nesta regi\u00e3o denominada de NOVA ALTA PAULISTA, ainda mais com aquela turma da tal DIREITA (sic) e ponto quase final neste TEMPO NOVO TEMPO para o Pa\u00eds&#8230;<\/p>\n<p style=\"text-align: justify;\">Ainda, espera-se que o JUDICI\u00c1RIO FEDERAL possa fazer a sua parte nestes ocasos quanto aos TERRORISTAS em geral, tendo em vista que s\u00e3o MAUS PERDEDORES\/AS buscando o lado do MAL em nome das suas FALSAS cren\u00e7as crist\u00e3s&#8230;<\/p>\n<p style=\"text-align: justify;\">Isso sem deixar de lado que o tal do MITO se mandou de MALA E CUIA pra terra do TIO SAM antes de terminar o seu DESGOVERNO BOZZONARO, portanto, tornou-se um FALSO PERSONAGEM at\u00e9 mesmo para os\/as PATRIOT\u00c1RIOS\/AS&#8230;<\/p>\n<p style=\"text-align: justify;\">Tamb\u00e9m, as famigeradas FAKE NEWS continuam agitando essa cambada de ALOPRADOS\/AS, tendo em vista que muitos, ainda, continuam em frente as UNIDADES MILITARES na espera das tais 72 HORAS com isto e mais aquilo&#8230;<\/p>\n<p style=\"text-align: justify;\">Outra coisa (sic) deste COISO com sua turma de ALUCINADOS\/AS pelas mensagens veiculadas nos grupos do ZAP, isso \u00e9, aqueles que est\u00e3o apenas preocupados em ALIMENTAR tais MENTES MED\u00cdOCRES, bem como, para manterem o esquema de sempre, se poss\u00edvel, com PIX&#8230;<\/p>\n<p style=\"text-align: justify;\">Mas, nada melhor do que um NOVO TEMPO NOVO neste ANO NOVO ANO pra fazer a diferen\u00e7a pra cima de todos\/as, se bem que o tal PIG, ou seja, o PARTIDO DA IMPRENSA GOLPISTA, aquele que trabalhou em parceria com o outro lado no GOLPE de 2.016, continua mais ativo do que nunca com suas NOVAS TEORIAS sobre as DIRETRIZES deste NOVO GOVERNO DEMOCR\u00c1TICO&#8230;<\/p>\n<p style=\"text-align: justify;\">O que a turma dos\/as PATRIOT\u00c1RIOS\/AS n\u00e3o deve esquecer dass 700 MIL V\u00cdTIMAS da PANDEMIA, ainda, todas foram de responsabilidade TOTAL daquele GOVERNO GENOCIDA com seu MINIST\u00c9RIO DE IN\u00daTEIS em todas as \u00e1reas&#8230;<\/p>\n<p style=\"text-align: justify;\">Entretanto, com o retorno das atividades democr\u00e1ticas neste PA\u00cdS, entendo que tais movimenta\u00e7\u00f5es, ou seja, das MENTES MED\u00cdOCRES denominadas de PATRIOT\u00c1RIOS\/AS em n\u00edvel GLOCAL, a saber: do GLOBAL (pa\u00eds) para o LOCAL (Alta Paulista), possam seguir aquilo que o Ministro disse: PERDERAM MAN\u00c9S!!!<\/p>\n<p style=\"text-align: justify;\">Mas, como tudo neste CEN\u00c1RIO atual pode ser aquilo que n\u00e3o \u00e9, tamb\u00e9m, nunca foi e nunca ser\u00e1, pode ser que tais DITOS CUJOS\/AS continuem firmes na ESPERAN\u00c7A das eternas 72 HORAS&#8230;<\/p>\n<p style=\"text-align: justify;\">Al\u00e9m do mais em meio ao tudo de menos com essa CAMBADA DE ALOPRADOS\/AS, fica a recomenda\u00e7\u00e3o para se preparem para voltarem daqui 4 anos para as URNAS ELETR\u00d4NICAS, todavia, N\u00d3S ficamos 6 ANOS na espera da espera com o VAMPIRO (2 anos) e o BOZZONARO (4 anos)&#8230;<\/p>\n<p style=\"text-align: justify;\">FORA PATRIOT\u00c1RIOS\/AS! PERDERAM MAN\u00c9S!<\/p>\n<p style=\"text-align: justify;\">AVE GOVERNO LULA!<\/p>\n<p style=\"text-align: justify;\"><strong>______________________________<\/strong><\/p>\n<p style=\"text-align: justify;\"><strong>(*) jornalista diplomado.<\/strong><\/p>\n<p style=\"text-align: justify;\"><strong>e-mail: <\/strong><a href=\"mailto:barbosa.sebar@gmail.com\"><strong>barbosa.sebar@gmail.com<\/strong><\/a><\/p>\n<p><strong>\u00a0<\/strong><\/p>\n<p>&nbsp;<\/p>\n<p>&nbsp;<\/p>\n<p>&nbsp;<\/p>\n<p>&nbsp;<\/p>\n","protected":false},"excerpt":{"rendered":"<p>Mais uma vez e sempre, PERDERAM MAN\u00c9S! \u201cA mais lament\u00e1vel de todas as perdas \u00e9 a perda do tempo.\u201d (Philip Chesterfield)\u00a0 S\u00e9rgio Barbosa (*) Torna-se a frase que deve continuar daqui pra frente cada vez mais presente nesta regi\u00e3o denominada de NOVA ALTA PAULISTA, ainda mais com aquela turma da tal DIREITA (sic) e ponto [&hellip;]<\/p>\n","protected":false},"author":1,"featured_media":72621,"comment_status":"closed","ping_status":"open","sticky":false,"template":"","format":"standard","meta":{"footnotes":""},"categories":[175],"tags":[],"class_list":["post-72620","post","type-post","status-publish","format-standard","has-post-thumbnail","hentry","category-artigos"],"_links":{"self":[{"href":"https:\/\/jorgezanoni.com.br\/2019\/wp-json\/wp\/v2\/posts\/72620","targetHints":{"allow":["GET"]}}],"collection":[{"href":"https:\/\/jorgezanoni.com.br\/2019\/wp-json\/wp\/v2\/posts"}],"about":[{"href":"https:\/\/jorgezanoni.com.br\/2019\/wp-json\/wp\/v2\/types\/post"}],"author":[{"embeddable":true,"href":"https:\/\/jorgezanoni.com.br\/2019\/wp-json\/wp\/v2\/users\/1"}],"replies":[{"embeddable":true,"href":"https:\/\/jorgezanoni.com.br\/2019\/wp-json\/wp\/v2\/comments?post=72620"}],"version-history":[{"count":1,"href":"https:\/\/jorgezanoni.com.br\/2019\/wp-json\/wp\/v2\/posts\/72620\/revisions"}],"predecessor-version":[{"id":72622,"href":"https:\/\/jorgezanoni.com.br\/2019\/wp-json\/wp\/v2\/posts\/72620\/revisions\/72622"}],"wp:featuredmedia":[{"embeddable":true,"href":"https:\/\/jorgezanoni.com.br\/2019\/wp-json\/wp\/v2\/media\/72621"}],"wp:attachment":[{"href":"https:\/\/jorgezanoni.com.br\/2019\/wp-json\/wp\/v2\/media?parent=72620"}],"wp:term":[{"taxonomy":"category","embeddable":true,"href":"https:\/\/jorgezanoni.com.br\/2019\/wp-json\/wp\/v2\/categories?post=72620"},{"taxonomy":"post_tag","embeddable":true,"href":"https:\/\/jorgezanoni.com.br\/2019\/wp-json\/wp\/v2\/tags?post=72620"}],"curies":[{"name":"wp","href":"https:\/\/api.w.org\/{rel}","templated":true}]}}