{"id":72617,"date":"2023-01-03T22:24:26","date_gmt":"2023-01-03T22:24:26","guid":{"rendered":"https:\/\/jorgezanoni.com.br\/2019\/?p=72617"},"modified":"2023-01-03T22:24:26","modified_gmt":"2023-01-03T22:24:26","slug":"policia-civil-recupera-tv-4k-furtada-no-bairro-porto-em-pauliceia","status":"publish","type":"post","link":"https:\/\/jorgezanoni.com.br\/2019\/policia-civil-recupera-tv-4k-furtada-no-bairro-porto-em-pauliceia\/","title":{"rendered":"Pol\u00edcia Civil recupera TV 4K furtada no Bairro Porto em Paulic\u00e9ia"},"content":{"rendered":"<p style=\"text-align: justify;\">A Pol\u00edcia Civil, por interm\u00e9dio da Delegacia de Pol\u00edcia de Paulic\u00e9ia e com o apoio da Pol\u00edcia Militar, nesta ter\u00e7a-feira (3), recuperou uma Smart TV 4k, de 55 polegadas, que foi furtada em agosto do ano passado. Os agentes tamb\u00e9m conduziram at\u00e9 a Delegacia, um homem, de 46 anos, suspeito de ter comprado o objeto furtado.<\/p>\n<p style=\"text-align: justify;\">Com investiga\u00e7\u00e3o da Pol\u00edcia Civil, e apoio operacional da Policia Militar para apreens\u00e3o, foi poss\u00edvel localizar um aparelho de televis\u00e3o furtado no dia 28\/8\/2022, de uma resid\u00eancia localizada no bairro Porto, na cidade Paulic\u00e9ia. O objeto subtra\u00eddo foi localizado e recuperado em uma resid\u00eancia situada na cidade de Panorama.<\/p>\n<p style=\"text-align: justify;\">O suspeito morador da casa de onde a Smart TV foi recuperada alegou que havia comprado o aparelho de um homem desconhecido que informou ser o dono do equipamento pelo valor de R$ 1.400,00. O homem ser\u00e1 investigado pela recepta\u00e7\u00e3o do produto furtado.<\/p>\n<p style=\"text-align: justify;\">A televis\u00e3o ap\u00f3s as formaliza\u00e7\u00f5es dos procedimentos de pol\u00edcia judici\u00e1ria ser\u00e1 entregue ao seu legitimo propriet\u00e1rio.<\/p>\n<p style=\"text-align: justify;\">A Pol\u00edcia Civil adverte a popula\u00e7\u00e3o para n\u00e3o adquirir objetos sem a devida comprova\u00e7\u00e3o da proced\u00eancia l\u00edcita.<\/p>\n<p style=\"text-align: justify;\">Fonte: Com. Social Pol\u00edcia Civil<\/p>\n","protected":false},"excerpt":{"rendered":"<p>A Pol\u00edcia Civil, por interm\u00e9dio da Delegacia de Pol\u00edcia de Paulic\u00e9ia e com o apoio da Pol\u00edcia Militar, nesta ter\u00e7a-feira (3), recuperou uma Smart TV 4k, de 55 polegadas, que foi furtada em agosto do ano passado. Os agentes tamb\u00e9m conduziram at\u00e9 a Delegacia, um homem, de 46 anos, suspeito de ter comprado o objeto [&hellip;]<\/p>\n","protected":false},"author":1,"featured_media":72618,"comment_status":"closed","ping_status":"open","sticky":false,"template":"","format":"standard","meta":{"footnotes":""},"categories":[110,2],"tags":[],"class_list":["post-72617","post","type-post","status-publish","format-standard","has-post-thumbnail","hentry","category-noticiasdestaque","category-policial"],"_links":{"self":[{"href":"https:\/\/jorgezanoni.com.br\/2019\/wp-json\/wp\/v2\/posts\/72617","targetHints":{"allow":["GET"]}}],"collection":[{"href":"https:\/\/jorgezanoni.com.br\/2019\/wp-json\/wp\/v2\/posts"}],"about":[{"href":"https:\/\/jorgezanoni.com.br\/2019\/wp-json\/wp\/v2\/types\/post"}],"author":[{"embeddable":true,"href":"https:\/\/jorgezanoni.com.br\/2019\/wp-json\/wp\/v2\/users\/1"}],"replies":[{"embeddable":true,"href":"https:\/\/jorgezanoni.com.br\/2019\/wp-json\/wp\/v2\/comments?post=72617"}],"version-history":[{"count":1,"href":"https:\/\/jorgezanoni.com.br\/2019\/wp-json\/wp\/v2\/posts\/72617\/revisions"}],"predecessor-version":[{"id":72619,"href":"https:\/\/jorgezanoni.com.br\/2019\/wp-json\/wp\/v2\/posts\/72617\/revisions\/72619"}],"wp:featuredmedia":[{"embeddable":true,"href":"https:\/\/jorgezanoni.com.br\/2019\/wp-json\/wp\/v2\/media\/72618"}],"wp:attachment":[{"href":"https:\/\/jorgezanoni.com.br\/2019\/wp-json\/wp\/v2\/media?parent=72617"}],"wp:term":[{"taxonomy":"category","embeddable":true,"href":"https:\/\/jorgezanoni.com.br\/2019\/wp-json\/wp\/v2\/categories?post=72617"},{"taxonomy":"post_tag","embeddable":true,"href":"https:\/\/jorgezanoni.com.br\/2019\/wp-json\/wp\/v2\/tags?post=72617"}],"curies":[{"name":"wp","href":"https:\/\/api.w.org\/{rel}","templated":true}]}}