{"id":72614,"date":"2023-01-03T17:43:12","date_gmt":"2023-01-03T17:43:12","guid":{"rendered":"https:\/\/jorgezanoni.com.br\/2019\/?p=72614"},"modified":"2023-01-03T17:43:12","modified_gmt":"2023-01-03T17:43:12","slug":"policia-militar-prende-homem-em-flagrante-por-furto-em-dracena-3","status":"publish","type":"post","link":"https:\/\/jorgezanoni.com.br\/2019\/policia-militar-prende-homem-em-flagrante-por-furto-em-dracena-3\/","title":{"rendered":"Pol\u00edcia Militar prende homem em flagrante por furto em Dracena"},"content":{"rendered":"<p style=\"text-align: justify;\">Na data de hoje (03) por volta das 10h10min a equipe da Pol\u00edcia Militar recebeu informa\u00e7\u00f5es via 190 que um indiv\u00edduo foi detido por populares realizando furto de ferramentas pelo Bairro Hosume em Dracena e em contato com as v\u00edtimas, relataram que o autor teria furtado as ferramentas dentro de um compartimento do trator e sendo detido naquele local. Autor (homem 37 anos) foi preso e permaneceu a disposi\u00e7\u00e3o da Justi\u00e7a.<\/p>\n<p>#25bpmi<br \/>\n#cpi8<br \/>\n#POLICIAMILITARSP<br \/>\n#AFOR\u00c7AP\u00daBLICADES\u00c3OPAULO<br \/>\nComunica\u00e7\u00e3o Social do 25BPMI e regi\u00e3o<\/p>\n","protected":false},"excerpt":{"rendered":"<p>Na data de hoje (03) por volta das 10h10min a equipe da Pol\u00edcia Militar recebeu informa\u00e7\u00f5es via 190 que um indiv\u00edduo foi detido por populares realizando furto de ferramentas pelo Bairro Hosume em Dracena e em contato com as v\u00edtimas, relataram que o autor teria furtado as ferramentas dentro de um compartimento do trator e [&hellip;]<\/p>\n","protected":false},"author":1,"featured_media":72615,"comment_status":"closed","ping_status":"open","sticky":false,"template":"","format":"standard","meta":{"footnotes":""},"categories":[110,2],"tags":[],"class_list":["post-72614","post","type-post","status-publish","format-standard","has-post-thumbnail","hentry","category-noticiasdestaque","category-policial"],"_links":{"self":[{"href":"https:\/\/jorgezanoni.com.br\/2019\/wp-json\/wp\/v2\/posts\/72614","targetHints":{"allow":["GET"]}}],"collection":[{"href":"https:\/\/jorgezanoni.com.br\/2019\/wp-json\/wp\/v2\/posts"}],"about":[{"href":"https:\/\/jorgezanoni.com.br\/2019\/wp-json\/wp\/v2\/types\/post"}],"author":[{"embeddable":true,"href":"https:\/\/jorgezanoni.com.br\/2019\/wp-json\/wp\/v2\/users\/1"}],"replies":[{"embeddable":true,"href":"https:\/\/jorgezanoni.com.br\/2019\/wp-json\/wp\/v2\/comments?post=72614"}],"version-history":[{"count":1,"href":"https:\/\/jorgezanoni.com.br\/2019\/wp-json\/wp\/v2\/posts\/72614\/revisions"}],"predecessor-version":[{"id":72616,"href":"https:\/\/jorgezanoni.com.br\/2019\/wp-json\/wp\/v2\/posts\/72614\/revisions\/72616"}],"wp:featuredmedia":[{"embeddable":true,"href":"https:\/\/jorgezanoni.com.br\/2019\/wp-json\/wp\/v2\/media\/72615"}],"wp:attachment":[{"href":"https:\/\/jorgezanoni.com.br\/2019\/wp-json\/wp\/v2\/media?parent=72614"}],"wp:term":[{"taxonomy":"category","embeddable":true,"href":"https:\/\/jorgezanoni.com.br\/2019\/wp-json\/wp\/v2\/categories?post=72614"},{"taxonomy":"post_tag","embeddable":true,"href":"https:\/\/jorgezanoni.com.br\/2019\/wp-json\/wp\/v2\/tags?post=72614"}],"curies":[{"name":"wp","href":"https:\/\/api.w.org\/{rel}","templated":true}]}}