{"id":7261,"date":"2019-09-25T22:53:42","date_gmt":"2019-09-25T22:53:42","guid":{"rendered":"https:\/\/jorgezanoni.com.br\/2019\/?p=7261"},"modified":"2019-09-25T22:53:42","modified_gmt":"2019-09-25T22:53:42","slug":"universidade-decreta-luto-por-jovem-que-foi-assassinada-apos-receber-ajuda-de-criminoso","status":"publish","type":"post","link":"https:\/\/jorgezanoni.com.br\/2019\/universidade-decreta-luto-por-jovem-que-foi-assassinada-apos-receber-ajuda-de-criminoso\/","title":{"rendered":"Universidade decreta luto por jovem que foi assassinada ap\u00f3s receber ajuda de criminoso"},"content":{"rendered":"<h2 class=\"content-head__subtitle\" style=\"text-align: justify;\"><strong>Mariana Bazza, de 19 anos, foi encontrada morta um dia depois de desaparecer. Suspeito foi preso e confessou o crime, segundo a pol\u00edcia.<\/strong><\/h2>\n<div class=\"mc-column content-text active-extra-styles \" data-block-type=\"unstyled\" data-block-weight=\"48\" data-block-id=\"2\">\n<p class=\"content-text__container \" style=\"text-align: justify;\" data-track-category=\"Link no Texto\" data-track-links=\"\">A universidade Unisagrado, em Bauru (SP), decretou luto pela morte da jovem Mariana Bazza, de 19 anos. Mariana\u00a0<a href=\"https:\/\/g1.globo.com\/sp\/bauru-marilia\/noticia\/2019\/09\/24\/jovem-de-19-anos-desaparece-apos-sair-de-academia-no-interior-de-sp.ghtml\">desapareceu na manh\u00e3 de ter\u00e7a-feira (24)<\/a>, ao sair de uma academia em Bariri (SP), e\u00a0<a href=\"https:\/\/g1.globo.com\/sp\/bauru-marilia\/noticia\/2019\/09\/25\/policia-encontra-corpo-de-universitaria-que-estava-desaparecida-em-bariri.ghtml\">foi encontrada morta nesta quarta<\/a>, depois que o suspeito preso pela pol\u00edcia confessou o assassinato.<\/p>\n<\/div>\n<div class=\"wall protected-content\">\n<div class=\"mc-column content-text active-extra-styles \" data-block-type=\"unstyled\" data-block-weight=\"22\" data-block-id=\"3\">\n<p class=\"content-text__container \" style=\"text-align: justify;\" data-track-category=\"Link no Texto\" data-track-links=\"\">A jovem cursava o 2\u00ba ano de fisioterapia em Bauru e fazia diariamente o percurso entre a cidade e Bariri, onde morava.<\/p>\n<\/div>\n<div class=\"row medium-uncollapsed content-media content-photo\" data-block-type=\"backstage-photo\" data-block-id=\"4\">\n<div class=\"mc-column content-media__container\">\n<div class=\"progressive-img can-open-lightbox\" data-min-size=\"1008x518\" data-min-size-url=\"https:\/\/s2.glbimg.com\/BujPKoXem9_1VcfbbpH4U1ZeUPE=\/0x0:1266x651\/1008x0\/smart\/filters:strip_icc()\/i.s3.glbimg.com\/v1\/AUTH_59edd422c0c84a879bd37670ae4f538a\/internal_photos\/bs\/2019\/c\/b\/gfe9ugQg2rTe72zT4rjQ\/luto.jpg\" data-max-size=\"1600x822\" data-max-size-url=\"https:\/\/s2.glbimg.com\/G9Jn9FetbfqnaF6vKRNITCQsVmk=\/0x0:1266x651\/1600x0\/smart\/filters:strip_icc()\/i.s3.glbimg.com\/v1\/AUTH_59edd422c0c84a879bd37670ae4f538a\/internal_photos\/bs\/2019\/c\/b\/gfe9ugQg2rTe72zT4rjQ\/luto.jpg\" data-media-index=\"1\"><img loading=\"lazy\" decoding=\"async\" class=\"alignnone size-full wp-image-7262\" src=\"https:\/\/jorgezanoni.com.br\/2019\/wp-content\/uploads\/2019\/09\/luto.jpg\" alt=\"\" width=\"1000\" height=\"514\" srcset=\"https:\/\/jorgezanoni.com.br\/2019\/wp-content\/uploads\/2019\/09\/luto.jpg 1000w, https:\/\/jorgezanoni.com.br\/2019\/wp-content\/uploads\/2019\/09\/luto-300x154.jpg 300w, https:\/\/jorgezanoni.com.br\/2019\/wp-content\/uploads\/2019\/09\/luto-768x395.jpg 768w, https:\/\/jorgezanoni.com.br\/2019\/wp-content\/uploads\/2019\/09\/luto-696x358.jpg 696w, https:\/\/jorgezanoni.com.br\/2019\/wp-content\/uploads\/2019\/09\/luto-817x420.jpg 817w\" sizes=\"auto, (max-width: 1000px) 100vw, 1000px\" \/><\/p>\n<div class=\"row medium-uncollapsed content-media content-photo\" data-block-type=\"backstage-photo\" data-block-id=\"4\">\n<div class=\"mc-column content-media__container\">\n<p class=\"content-media__description \">Universidade onde jovem estudava decretou luto \u2014 Foto: Reprodu\u00e7\u00e3o\/Facebook<\/p>\n<\/div>\n<\/div>\n<div class=\"mc-column content-text active-extra-styles \" data-block-type=\"unstyled\" data-block-weight=\"63\" data-block-id=\"5\">\n<p class=\"content-text__container \" style=\"text-align: justify;\" data-track-category=\"Link no Texto\" data-track-links=\"\">&#8220;Infelizmente um sonho, um futuro, uma mente, um cora\u00e7\u00e3o jovem foi perdido! Essa ruptura dolorosa imp\u00f5e a reflex\u00e3o sobre o que a sociedade precisa fazer pelos seus jovens e reafirma o importante papel das institui\u00e7\u00f5es de ensino como promotoras de um mundo em que as esperan\u00e7as e entusiasmos n\u00e3o deem espa\u00e7o para a precariedade, que gera o medo&#8221;, afirma a universidade no comunicado.<\/p>\n<div class=\"mc-column content-text active-extra-styles \" style=\"text-align: justify;\" data-block-type=\"unstyled\" data-block-weight=\"19\" data-block-id=\"7\">\n<p class=\"content-text__container \" data-track-category=\"Link no Texto\" data-track-links=\"\">A institui\u00e7\u00e3o marcou uma missa em homenagem \u00e0 mem\u00f3ria da jovem \u00e0s 18h desta quarta, no anfiteatro do campus.<\/p>\n<\/div>\n<div class=\"mc-column content-text active-extra-styles \" style=\"text-align: justify;\" data-block-type=\"unstyled\" data-block-weight=\"27\" data-block-id=\"8\">\n<p class=\"content-text__container \" data-track-category=\"Link no Texto\" data-track-links=\"\">&#8220;A comunidade universit\u00e1ria se une \u00e0 fam\u00edlia e amigos em prece e suplica ao Cora\u00e7\u00e3o de Jesus fortaleza e paz, neste momento de dor&#8221;, conclui a nota.<\/p>\n<\/div>\n<div class=\"mc-column content-text active-extra-styles \" style=\"text-align: justify;\" data-block-type=\"unstyled\" data-block-weight=\"10\" data-block-id=\"9\">\n<p class=\"content-text__container \" data-track-category=\"Link no Texto\" data-track-links=\"\">A Prefeitura de Bariri tamb\u00e9m decretou luto de tr\u00eas dias.<\/p>\n<\/div>\n<div class=\"mc-column content-text active-extra-styles\" style=\"text-align: justify;\" data-block-type=\"raw\" data-block-weight=\"3\" data-block-id=\"10\">\n<div class=\"content-intertitle\">\n<h2>Entenda o crime<\/h2>\n<\/div>\n<\/div>\n<div class=\"mc-column content-text active-extra-styles \" style=\"text-align: justify;\" data-block-type=\"unstyled\" data-block-weight=\"47\" data-block-id=\"11\">\n<p class=\"content-text__container \" data-track-category=\"Link no Texto\" data-track-links=\"\">A investiga\u00e7\u00e3o da pol\u00edcia apontou que Mariana\u00a0<a href=\"https:\/\/g1.globo.com\/sp\/bauru-marilia\/noticia\/2019\/09\/25\/homem-que-ofereceu-ajuda-para-universitaria-desaparecida-e-preso-escondido-em-telhado-de-casa.ghtml\">foi morta por Rodrigo Pereira Alves, de 37 anos<\/a>. Ele \u00e9 quem aparece nas\u00a0<a href=\"https:\/\/g1.globo.com\/sp\/bauru-marilia\/noticia\/2019\/09\/24\/universitaria-que-desapareceu-recebeu-ajuda-de-desconhecido-para-trocar-pneu-do-carro-video.ghtml\">imagens da c\u00e2mera de seguran\u00e7a da academia que a v\u00edtima frequentava conversando com a jovem<\/a>, que, ao sair do local, encontrou o pneu do carro esvaziado.<\/p>\n<\/div>\n<div class=\"mc-column content-text active-extra-styles \" data-block-type=\"unstyled\" data-block-weight=\"23\" data-block-id=\"12\">\n<p class=\"content-text__container \" style=\"text-align: justify;\" data-track-category=\"Link no Texto\" data-track-links=\"\">As imagens mostram o momento em que o suspeito aborda Mariana na sa\u00edda da academia e os dois conversam.<\/p>\n<div class=\"mc-column content-text active-extra-styles \" style=\"text-align: justify;\" data-block-type=\"unstyled\" data-block-weight=\"41\" data-block-id=\"14\">\n<p class=\"content-text__container \" data-track-category=\"Link no Texto\" data-track-links=\"\">Logo depois ele atravessa a rua e entra em um terreno de ch\u00e1cara onde trabalhava como pintor. Mariana pega o carro, d\u00e1 a volta na avenida e entra no im\u00f3vel onde o criminoso estava esperando para trocar o pneu do ve\u00edculo.<\/p>\n<\/div>\n<div class=\"mc-column content-text active-extra-styles \" data-block-type=\"unstyled\" data-block-weight=\"34\" data-block-id=\"15\">\n<p class=\"content-text__container \" style=\"text-align: justify;\" data-track-category=\"Link no Texto\" data-track-links=\"\">A jovem chegou a mandar para o namorado\u00a0<a href=\"https:\/\/g1.globo.com\/sp\/bauru-marilia\/noticia\/2019\/09\/25\/foto-que-jovem-tirou-de-suspeito-momentos-antes-de-ser-morta-ajudou-policia-a-identificar-criminoso.ghtml\">uma foto do suspeito fazendo a substitui\u00e7\u00e3o do pneu furado, para avisar o que tinha acontecido<\/a>. A imagem ajudou a pol\u00edcia a chegar at\u00e9 o assassino.<\/p>\n<div class=\"mc-column content-text active-extra-styles \" style=\"text-align: justify;\" data-block-type=\"unstyled\" data-block-weight=\"32\" data-block-id=\"17\">\n<p class=\"content-text__container \" data-track-category=\"Link no Texto\" data-track-links=\"\">A c\u00e2mera tamb\u00e9m registrou o momento em que o carro da jovem deixa o terreno, cerca de uma hora depois. Mas nas imagens n\u00e3o \u00e9 poss\u00edvel ver quem estava na dire\u00e7\u00e3o.<\/p>\n<\/div>\n<div class=\"mc-column content-text active-extra-styles \" style=\"text-align: justify;\" data-block-type=\"unstyled\" data-block-weight=\"34\" data-block-id=\"18\">\n<p class=\"content-text__container \" data-track-category=\"Link no Texto\" data-track-links=\"\">Com base nas imagens a pol\u00edcia identificou o suspeito, que j\u00e1 tem v\u00e1rias passagens pela pol\u00edcia, e conseguiu fazer a pris\u00e3o em It\u00e1polis, a 60 quil\u00f4metros de Bariri,\u00a0<a href=\"https:\/\/g1.globo.com\/sp\/bauru-marilia\/noticia\/2019\/09\/25\/homem-que-ofereceu-ajuda-para-universitaria-desaparecida-e-preso-escondido-em-telhado-de-casa.ghtml\">escondido no telhado de uma casa<\/a>.<\/p>\n<\/div>\n<div class=\"mc-column content-text active-extra-styles \" style=\"text-align: justify;\" data-block-type=\"unstyled\" data-block-weight=\"45\" data-block-id=\"19\">\n<p class=\"content-text__container \" data-track-category=\"Link no Texto\" data-track-links=\"\">Rodrigo foi levado para a delegacia, onde passou a madrugada, e indicou onde estava o corpo. Com a localiza\u00e7\u00e3o fornecida pelo criminoso, a pol\u00edcia\u00a0<a href=\"https:\/\/g1.globo.com\/sp\/bauru-marilia\/noticia\/2019\/09\/25\/policia-encontra-corpo-de-universitaria-que-estava-desaparecida-em-bariri.ghtml\">encontrou Mariana<\/a>. Ela estava amarrada a amorda\u00e7ada em uma \u00e1rea de canavial em Cambaratiba, distrito de Ibitinga, cidade pr\u00f3xima a Bariri.<\/p>\n<\/div>\n<div class=\"mc-column content-text active-extra-styles \" style=\"text-align: justify;\" data-block-type=\"unstyled\" data-block-weight=\"39\" data-block-id=\"20\">\n<p class=\"content-text__container \" data-track-category=\"Link no Texto\" data-track-links=\"\">Aparentemente n\u00e3o havia sinais de crime sexual, mas segundo a pol\u00edcia, somente a per\u00edcia vai apontar o que aconteceu, inclusive a causa da morte. A per\u00edcia esteve no local e o corpo foi encaminhado para o IML de Araraquara.<\/p>\n<\/div>\n<div class=\"mc-column content-text active-extra-styles \" style=\"text-align: justify;\" data-block-type=\"unstyled\" data-block-weight=\"34\" data-block-id=\"21\">\n<p class=\"content-text__container \" data-track-category=\"Link no Texto\" data-track-links=\"\">De acordo com a pol\u00edcia, o homem negou ter matado a universit\u00e1ria e afirmou que houve a participa\u00e7\u00e3o de uma segunda pessoa no crime. No entanto, a pol\u00edcia considera essa vers\u00e3o fantasiosa.<\/p>\n<\/div>\n<div class=\"mc-column content-text active-extra-styles \" data-block-type=\"unstyled\" data-block-weight=\"22\" data-block-id=\"22\">\n<p class=\"content-text__container \" style=\"text-align: justify;\" data-track-category=\"Link no Texto\" data-track-links=\"\">A pol\u00edcia ainda n\u00e3o sabe o que motivou o crime. Ainda n\u00e3o h\u00e1 informa\u00e7\u00f5es sobre o vel\u00f3rio e o enterro da jovem.<\/p>\n<p style=\"text-align: justify;\" data-track-category=\"Link no Texto\" data-track-links=\"\"><img loading=\"lazy\" decoding=\"async\" class=\"alignnone size-full wp-image-7263\" src=\"https:\/\/jorgezanoni.com.br\/2019\/wp-content\/uploads\/2019\/09\/Luto1.jpeg\" alt=\"\" width=\"1000\" height=\"563\" srcset=\"https:\/\/jorgezanoni.com.br\/2019\/wp-content\/uploads\/2019\/09\/Luto1.jpeg 1000w, https:\/\/jorgezanoni.com.br\/2019\/wp-content\/uploads\/2019\/09\/Luto1-300x169.jpeg 300w, https:\/\/jorgezanoni.com.br\/2019\/wp-content\/uploads\/2019\/09\/Luto1-768x432.jpeg 768w, https:\/\/jorgezanoni.com.br\/2019\/wp-content\/uploads\/2019\/09\/Luto1-696x392.jpeg 696w, https:\/\/jorgezanoni.com.br\/2019\/wp-content\/uploads\/2019\/09\/Luto1-746x420.jpeg 746w\" sizes=\"auto, (max-width: 1000px) 100vw, 1000px\" \/>Corpo foi encontrado em uma \u00e1rea de canavial na regi\u00e3o de Bariri \u2014 Foto: Pol\u00edcia Civil \/ Divulga\u00e7\u00e3o<\/p>\n<p data-track-category=\"Link no Texto\" data-track-links=\"\">Fonte: G1<\/p>\n<\/div>\n<\/div>\n<\/div>\n<\/div>\n<\/div>\n<\/div>\n<\/div>\n<\/div>\n","protected":false},"excerpt":{"rendered":"<p>Mariana Bazza, de 19 anos, foi encontrada morta um dia depois de desaparecer. Suspeito foi preso e confessou o crime, segundo a pol\u00edcia. A universidade Unisagrado, em Bauru (SP), decretou luto pela morte da jovem Mariana Bazza, de 19 anos. Mariana\u00a0desapareceu na manh\u00e3 de ter\u00e7a-feira (24), ao sair de uma academia em Bariri (SP), e\u00a0foi [&hellip;]<\/p>\n","protected":false},"author":1,"featured_media":7264,"comment_status":"closed","ping_status":"open","sticky":false,"template":"","format":"standard","meta":{"footnotes":""},"categories":[110,2],"tags":[],"class_list":["post-7261","post","type-post","status-publish","format-standard","has-post-thumbnail","hentry","category-noticiasdestaque","category-policial"],"_links":{"self":[{"href":"https:\/\/jorgezanoni.com.br\/2019\/wp-json\/wp\/v2\/posts\/7261","targetHints":{"allow":["GET"]}}],"collection":[{"href":"https:\/\/jorgezanoni.com.br\/2019\/wp-json\/wp\/v2\/posts"}],"about":[{"href":"https:\/\/jorgezanoni.com.br\/2019\/wp-json\/wp\/v2\/types\/post"}],"author":[{"embeddable":true,"href":"https:\/\/jorgezanoni.com.br\/2019\/wp-json\/wp\/v2\/users\/1"}],"replies":[{"embeddable":true,"href":"https:\/\/jorgezanoni.com.br\/2019\/wp-json\/wp\/v2\/comments?post=7261"}],"version-history":[{"count":0,"href":"https:\/\/jorgezanoni.com.br\/2019\/wp-json\/wp\/v2\/posts\/7261\/revisions"}],"wp:featuredmedia":[{"embeddable":true,"href":"https:\/\/jorgezanoni.com.br\/2019\/wp-json\/wp\/v2\/media\/7264"}],"wp:attachment":[{"href":"https:\/\/jorgezanoni.com.br\/2019\/wp-json\/wp\/v2\/media?parent=7261"}],"wp:term":[{"taxonomy":"category","embeddable":true,"href":"https:\/\/jorgezanoni.com.br\/2019\/wp-json\/wp\/v2\/categories?post=7261"},{"taxonomy":"post_tag","embeddable":true,"href":"https:\/\/jorgezanoni.com.br\/2019\/wp-json\/wp\/v2\/tags?post=7261"}],"curies":[{"name":"wp","href":"https:\/\/api.w.org\/{rel}","templated":true}]}}