{"id":72607,"date":"2023-01-03T14:00:03","date_gmt":"2023-01-03T14:00:03","guid":{"rendered":"https:\/\/jorgezanoni.com.br\/2019\/?p=72607"},"modified":"2023-01-03T14:02:14","modified_gmt":"2023-01-03T14:02:14","slug":"concessionaria-garante-que-radares-da-sp-294-e-sp-425-recem-instalados-ainda-nao-estao-operando","status":"publish","type":"post","link":"https:\/\/jorgezanoni.com.br\/2019\/concessionaria-garante-que-radares-da-sp-294-e-sp-425-recem-instalados-ainda-nao-estao-operando\/","title":{"rendered":"Concession\u00e1ria garante que radares da SP-294 e SP-425 rec\u00e9m instalados, ainda n\u00e3o est\u00e3o operando"},"content":{"rendered":"<p style=\"text-align: justify;\">Diferente do que alguns que se dizem jornalistas e s\u00e3o mal informados, dizendo que opera\u00e7\u00e3o come\u00e7aria a zero hoje de hoje (3), concession\u00e1ria informa que nenhum Radar rec\u00e9m instalado est\u00e1 em opera\u00e7\u00e3o.<\/p>\n<p style=\"text-align: justify;\">Ap\u00f3s recebimento ontem a noite (2) e hoje pela manh\u00e3 (3), o Site JZ e TOP TV buscou informa\u00e7\u00f5es junto a Eixo-SP que em nota informou que os novos radares instalados nas rodovias sob sua concess\u00e3o,\u00a0 ainda n\u00e3o foram homologados, portanto n\u00e3o est\u00e3o operando.<\/p>\n<p style=\"text-align: justify;\">A nota da concession\u00e1ria diz diz ainda que:\u00a0 &#8220;Aat\u00e9 a conclus\u00e3o definitiva da localiza\u00e7\u00e3o dos equipamentos, est\u00e1 previsto o remanejamento, caso apontada a necessidade por \u00f3rg\u00e3os competentes\u201d.<\/p>\n<p style=\"text-align: justify;\">N\u00e3o h\u00e1 ainda uma data definida para o in\u00edcio da opera\u00e7\u00f5es.<\/p>\n<p>Informa\u00e7\u00e3o \u00e9 coisa s\u00e9ria, e toda vez que \u00e9 sem fundamentos, acaba causando transtornos aos leitores e colegas de trabalho.<\/p>\n<p>Jorge Zanoni<\/p>\n<p>Foto Arquivo<\/p>\n","protected":false},"excerpt":{"rendered":"<p>Diferente do que alguns que se dizem jornalistas e s\u00e3o mal informados, dizendo que opera\u00e7\u00e3o come\u00e7aria a zero hoje de hoje (3), concession\u00e1ria informa que nenhum Radar rec\u00e9m instalado est\u00e1 em opera\u00e7\u00e3o. Ap\u00f3s recebimento ontem a noite (2) e hoje pela manh\u00e3 (3), o Site JZ e TOP TV buscou informa\u00e7\u00f5es junto a Eixo-SP que [&hellip;]<\/p>\n","protected":false},"author":1,"featured_media":72608,"comment_status":"closed","ping_status":"open","sticky":false,"template":"","format":"standard","meta":{"footnotes":""},"categories":[180,110],"tags":[],"class_list":["post-72607","post","type-post","status-publish","format-standard","has-post-thumbnail","hentry","category-estradastransitoveiculos","category-noticiasdestaque"],"_links":{"self":[{"href":"https:\/\/jorgezanoni.com.br\/2019\/wp-json\/wp\/v2\/posts\/72607","targetHints":{"allow":["GET"]}}],"collection":[{"href":"https:\/\/jorgezanoni.com.br\/2019\/wp-json\/wp\/v2\/posts"}],"about":[{"href":"https:\/\/jorgezanoni.com.br\/2019\/wp-json\/wp\/v2\/types\/post"}],"author":[{"embeddable":true,"href":"https:\/\/jorgezanoni.com.br\/2019\/wp-json\/wp\/v2\/users\/1"}],"replies":[{"embeddable":true,"href":"https:\/\/jorgezanoni.com.br\/2019\/wp-json\/wp\/v2\/comments?post=72607"}],"version-history":[{"count":1,"href":"https:\/\/jorgezanoni.com.br\/2019\/wp-json\/wp\/v2\/posts\/72607\/revisions"}],"predecessor-version":[{"id":72609,"href":"https:\/\/jorgezanoni.com.br\/2019\/wp-json\/wp\/v2\/posts\/72607\/revisions\/72609"}],"wp:featuredmedia":[{"embeddable":true,"href":"https:\/\/jorgezanoni.com.br\/2019\/wp-json\/wp\/v2\/media\/72608"}],"wp:attachment":[{"href":"https:\/\/jorgezanoni.com.br\/2019\/wp-json\/wp\/v2\/media?parent=72607"}],"wp:term":[{"taxonomy":"category","embeddable":true,"href":"https:\/\/jorgezanoni.com.br\/2019\/wp-json\/wp\/v2\/categories?post=72607"},{"taxonomy":"post_tag","embeddable":true,"href":"https:\/\/jorgezanoni.com.br\/2019\/wp-json\/wp\/v2\/tags?post=72607"}],"curies":[{"name":"wp","href":"https:\/\/api.w.org\/{rel}","templated":true}]}}