{"id":72585,"date":"2023-01-03T01:11:12","date_gmt":"2023-01-03T01:11:12","guid":{"rendered":"https:\/\/jorgezanoni.com.br\/2019\/?p=72585"},"modified":"2023-01-03T01:11:12","modified_gmt":"2023-01-03T01:11:12","slug":"top-tv-oeste-paulista-estreia-jornalismo-a-partir-de-amanha","status":"publish","type":"post","link":"https:\/\/jorgezanoni.com.br\/2019\/top-tv-oeste-paulista-estreia-jornalismo-a-partir-de-amanha\/","title":{"rendered":"TOP -TV Oeste Paulista estreia jornalismo a partir de amanh\u00e3"},"content":{"rendered":"<p style=\"text-align: justify;\">A TOP &#8211; TV Oeste Paulista, tem o prazer de comunicar que a partir de amanh\u00e3, dia 3 de janeiro, inicia oficialmente o TOP NEWS AGORA.<\/p>\n<p>VOC\u00ca \u00c9 O(a) NOSSO(a) CONVIDADO(a).!!!!<\/p>\n<p style=\"text-align: justify;\">Um jornalismo independente com as principais not\u00edcias de Dracena, regi\u00e3o, oeste Paulista, Brasil e do mundo.<\/p>\n<p style=\"text-align: justify;\">A apresenta\u00e7\u00e3o di\u00e1ria com in\u00edcio as 08:00 Horas ser\u00e1 do renomado jornalista CIDO OLIVEIRA. Compet\u00eancia, seriedade, respeito e independ\u00eancia no que fala.<\/p>\n<p style=\"text-align: justify;\">Voc\u00ea pode conferir as mais variadas not\u00edcias logo no come\u00e7o do dia e participar com cr\u00edticas, elogios, sugest\u00f5es e reclama\u00e7\u00f5es, ajudando a fazer o jornal, atrav\u00e9s do Celular\/ZAP (18) 99720 8171<\/p>\n<p style=\"text-align: justify;\">A Equipe TOP TV d\u00e1 as boas vindas ao Cido Oliveira, e espera assim estar contribuindo em muito com mais uma m\u00eddia de respeito para todo o Oeste Paulista.<\/p>\n<p style=\"text-align: justify;\">Acesse: FACEBOOK: https:\/\/www.facebook.com\/tvoestepaulista\u00a0 \u00a0 \u00a0 \u00a0 \u00a0 \u00a0 \u00a0 \u00a0 \u00a0 \u00a0 \u00a0 \u00a0 \u00a0 \u00a0 \u00a0 \u00a0 \u00a0 \u00a0 \u00a0 \u00a0 \u00a0 \u00a0 \u00a0 \u00a0 \u00a0 \u00a0 YOUTUBE: @tvoestepaulista.com.br\u00a0 \u00a0 \u00a0 \u00a0 \u00a0 \u00a0 \u00a0 \u00a0 \u00a0 \u00a0 \u00a0 \u00a0 \u00a0 \u00a0 \u00a0 \u00a0 \u00a0 \u00a0 \u00a0 \u00a0 \u00a0 \u00a0 \u00a0 \u00a0 \u00a0 \u00a0 \u00a0 \u00a0 \u00a0 \u00a0 \u00a0 \u00a0 \u00a0 \u00a0 \u00a0 \u00a0 \u00a0 \u00a0 \u00a0 \u00a0 INSTAGRAM: tvoestepaulista<\/p>\n<p style=\"text-align: justify;\">Fique bem informado logo pela manh\u00e3, n\u00e3o esque\u00e7a, come\u00e7a \u00e0s 8 H.<\/p>\n<p style=\"text-align: justify;\">TOP &#8211; TV OESTE PAULISTA &#8211; (O ESTE PAUL\u00cdSTA EM DESTAQUE)<\/p>\n<p style=\"text-align: justify;\">Dire\u00e7\u00e3o: Zanoni e Diniz<\/p>\n<p><img loading=\"lazy\" decoding=\"async\" class=\"alignnone size-full wp-image-72587\" src=\"https:\/\/jorgezanoni.com.br\/2019\/wp-content\/uploads\/2023\/01\/TOP-31-12.jpg\" alt=\"\" width=\"700\" height=\"695\" srcset=\"https:\/\/jorgezanoni.com.br\/2019\/wp-content\/uploads\/2023\/01\/TOP-31-12.jpg 700w, https:\/\/jorgezanoni.com.br\/2019\/wp-content\/uploads\/2023\/01\/TOP-31-12-300x298.jpg 300w, https:\/\/jorgezanoni.com.br\/2019\/wp-content\/uploads\/2023\/01\/TOP-31-12-150x150.jpg 150w, https:\/\/jorgezanoni.com.br\/2019\/wp-content\/uploads\/2023\/01\/TOP-31-12-696x691.jpg 696w, https:\/\/jorgezanoni.com.br\/2019\/wp-content\/uploads\/2023\/01\/TOP-31-12-423x420.jpg 423w\" sizes=\"auto, (max-width: 700px) 100vw, 700px\" \/><\/p>\n<p>&nbsp;<\/p>\n","protected":false},"excerpt":{"rendered":"<p>A TOP &#8211; TV Oeste Paulista, tem o prazer de comunicar que a partir de amanh\u00e3, dia 3 de janeiro, inicia oficialmente o TOP NEWS AGORA. VOC\u00ca \u00c9 O(a) NOSSO(a) CONVIDADO(a).!!!! Um jornalismo independente com as principais not\u00edcias de Dracena, regi\u00e3o, oeste Paulista, Brasil e do mundo. A apresenta\u00e7\u00e3o di\u00e1ria com in\u00edcio as 08:00 Horas [&hellip;]<\/p>\n","protected":false},"author":1,"featured_media":72588,"comment_status":"closed","ping_status":"open","sticky":false,"template":"","format":"standard","meta":{"footnotes":""},"categories":[179,184,114,110],"tags":[],"class_list":["post-72585","post","type-post","status-publish","format-standard","has-post-thumbnail","hentry","category-cidadeseregiao","category-dracena","category-geralecomercio","category-noticiasdestaque"],"_links":{"self":[{"href":"https:\/\/jorgezanoni.com.br\/2019\/wp-json\/wp\/v2\/posts\/72585","targetHints":{"allow":["GET"]}}],"collection":[{"href":"https:\/\/jorgezanoni.com.br\/2019\/wp-json\/wp\/v2\/posts"}],"about":[{"href":"https:\/\/jorgezanoni.com.br\/2019\/wp-json\/wp\/v2\/types\/post"}],"author":[{"embeddable":true,"href":"https:\/\/jorgezanoni.com.br\/2019\/wp-json\/wp\/v2\/users\/1"}],"replies":[{"embeddable":true,"href":"https:\/\/jorgezanoni.com.br\/2019\/wp-json\/wp\/v2\/comments?post=72585"}],"version-history":[{"count":1,"href":"https:\/\/jorgezanoni.com.br\/2019\/wp-json\/wp\/v2\/posts\/72585\/revisions"}],"predecessor-version":[{"id":72589,"href":"https:\/\/jorgezanoni.com.br\/2019\/wp-json\/wp\/v2\/posts\/72585\/revisions\/72589"}],"wp:featuredmedia":[{"embeddable":true,"href":"https:\/\/jorgezanoni.com.br\/2019\/wp-json\/wp\/v2\/media\/72588"}],"wp:attachment":[{"href":"https:\/\/jorgezanoni.com.br\/2019\/wp-json\/wp\/v2\/media?parent=72585"}],"wp:term":[{"taxonomy":"category","embeddable":true,"href":"https:\/\/jorgezanoni.com.br\/2019\/wp-json\/wp\/v2\/categories?post=72585"},{"taxonomy":"post_tag","embeddable":true,"href":"https:\/\/jorgezanoni.com.br\/2019\/wp-json\/wp\/v2\/tags?post=72585"}],"curies":[{"name":"wp","href":"https:\/\/api.w.org\/{rel}","templated":true}]}}