{"id":72581,"date":"2023-01-02T22:55:54","date_gmt":"2023-01-02T22:55:54","guid":{"rendered":"https:\/\/jorgezanoni.com.br\/2019\/?p=72581"},"modified":"2023-01-02T22:55:54","modified_gmt":"2023-01-02T22:55:54","slug":"policia-civil-cumpre-mandado-de-prisao-preventiva-contra-investigado-por-ameaca-e-lesao-corporal-a-ex-mulher-em-dracena","status":"publish","type":"post","link":"https:\/\/jorgezanoni.com.br\/2019\/policia-civil-cumpre-mandado-de-prisao-preventiva-contra-investigado-por-ameaca-e-lesao-corporal-a-ex-mulher-em-dracena\/","title":{"rendered":"Pol\u00edcia Civil cumpre mandado de pris\u00e3o preventiva contra investigado por amea\u00e7a e les\u00e3o corporal a ex-mulher em Dracena"},"content":{"rendered":"<p style=\"text-align: justify;\">A Pol\u00edcia Civil, por interm\u00e9dio da Delegacia de Pol\u00edcia de Defesa da Mulher &#8211; DDM, prendeu nesta segunda-feira (2), um homem de 35 anos, em cumprimento a um mandado de pris\u00e3o preventiva em decorr\u00eancia a suspeita da pr\u00e1tica de crimes de viol\u00eancia dom\u00e9stica, no \u00e2mbito da Lei Maria da Penha. Durante a\u00e7\u00e3o policial o acusado n\u00e3o ofereceu resist\u00eancia \u00e0 ordem de pris\u00e3o.<\/p>\n<p style=\"text-align: justify;\">A agress\u00e3o e a amea\u00e7a utilizando uma faca, que vitimou a ex-mulher, com quem o suspeito foi casado por tr\u00eas anos, e possuem um filho de 3 anos, aconteceu no \u00faltimo dia 26. A v\u00edtima ao registrar a ocorr\u00eancia policial informou que estava separada do mesmo h\u00e1 dois meses, por\u00e9m o suspeito n\u00e3o aceitava a separa\u00e7\u00e3o.<\/p>\n<p style=\"text-align: justify;\">Diante do fato comunicado, a Autoridade Policial da Delegacia de Pol\u00edcia de Defesa da Mulher instaurou inqu\u00e9rito policial e representou pelas medidas judiciais cab\u00edveis. E o mandado de pris\u00e3o preventiva foi expedido pela Vara de Plant\u00e3o, da Comarca de Dracena.<\/p>\n<p style=\"text-align: justify;\">O homem aguardar\u00e1 a audi\u00eancia de cust\u00f3dia para posterior remo\u00e7\u00e3o ao sistema prisional, onde permanecer\u00e1 \u00e0 disposi\u00e7\u00e3o da Justi\u00e7a.<\/p>\n<p>Fonte: Com. Social Pol\u00edcia Civil<\/p>\n","protected":false},"excerpt":{"rendered":"<p>A Pol\u00edcia Civil, por interm\u00e9dio da Delegacia de Pol\u00edcia de Defesa da Mulher &#8211; DDM, prendeu nesta segunda-feira (2), um homem de 35 anos, em cumprimento a um mandado de pris\u00e3o preventiva em decorr\u00eancia a suspeita da pr\u00e1tica de crimes de viol\u00eancia dom\u00e9stica, no \u00e2mbito da Lei Maria da Penha. Durante a\u00e7\u00e3o policial o acusado [&hellip;]<\/p>\n","protected":false},"author":1,"featured_media":72582,"comment_status":"closed","ping_status":"open","sticky":false,"template":"","format":"standard","meta":{"footnotes":""},"categories":[110,2],"tags":[],"class_list":["post-72581","post","type-post","status-publish","format-standard","has-post-thumbnail","hentry","category-noticiasdestaque","category-policial"],"_links":{"self":[{"href":"https:\/\/jorgezanoni.com.br\/2019\/wp-json\/wp\/v2\/posts\/72581","targetHints":{"allow":["GET"]}}],"collection":[{"href":"https:\/\/jorgezanoni.com.br\/2019\/wp-json\/wp\/v2\/posts"}],"about":[{"href":"https:\/\/jorgezanoni.com.br\/2019\/wp-json\/wp\/v2\/types\/post"}],"author":[{"embeddable":true,"href":"https:\/\/jorgezanoni.com.br\/2019\/wp-json\/wp\/v2\/users\/1"}],"replies":[{"embeddable":true,"href":"https:\/\/jorgezanoni.com.br\/2019\/wp-json\/wp\/v2\/comments?post=72581"}],"version-history":[{"count":1,"href":"https:\/\/jorgezanoni.com.br\/2019\/wp-json\/wp\/v2\/posts\/72581\/revisions"}],"predecessor-version":[{"id":72583,"href":"https:\/\/jorgezanoni.com.br\/2019\/wp-json\/wp\/v2\/posts\/72581\/revisions\/72583"}],"wp:featuredmedia":[{"embeddable":true,"href":"https:\/\/jorgezanoni.com.br\/2019\/wp-json\/wp\/v2\/media\/72582"}],"wp:attachment":[{"href":"https:\/\/jorgezanoni.com.br\/2019\/wp-json\/wp\/v2\/media?parent=72581"}],"wp:term":[{"taxonomy":"category","embeddable":true,"href":"https:\/\/jorgezanoni.com.br\/2019\/wp-json\/wp\/v2\/categories?post=72581"},{"taxonomy":"post_tag","embeddable":true,"href":"https:\/\/jorgezanoni.com.br\/2019\/wp-json\/wp\/v2\/tags?post=72581"}],"curies":[{"name":"wp","href":"https:\/\/api.w.org\/{rel}","templated":true}]}}