{"id":72575,"date":"2023-01-02T22:48:26","date_gmt":"2023-01-02T22:48:26","guid":{"rendered":"https:\/\/jorgezanoni.com.br\/2019\/?p=72575"},"modified":"2023-01-02T23:02:41","modified_gmt":"2023-01-02T23:02:41","slug":"loja-de-motos-e-totalmente-destruida-por-incendio-em-dracena","status":"publish","type":"post","link":"https:\/\/jorgezanoni.com.br\/2019\/loja-de-motos-e-totalmente-destruida-por-incendio-em-dracena\/","title":{"rendered":"Loja de Motos \u00e9 totalmente destru\u00edda por inc\u00eandio em Dracena"},"content":{"rendered":"<p style=\"text-align: justify;\">POL\u00cdCIA MILITAR ATENDE OCORR\u00caNCIA DE INC\u00caNDIO EM DRACENA.<\/p>\n<p style=\"text-align: justify;\">Na noite de ontem (01) por volta das 23h28min a Pol\u00edcia Militar foi acionada para a avenida Jos\u00e9 Bonif\u00e1cio, centro da cidade de Dracena, a fim de auxiliar a interdi\u00e7\u00e3o das vias que circundavam o quarteir\u00e3o de uma empresa de motos (loja\/oficina) que estava sendo naquele momento consumida por grandes labaredas de fogo. No local as unidades de auto-bomba do Corpo de Bombeiros j\u00e1 controlavam e extinguiam o inc\u00eandio. Segundo declara\u00e7\u00e3o do propriet\u00e1rio da empresa \u00e9 dono h\u00e1 pelo menos 05 (cinco) anos, a cerca de 01 ano, vem informando o locador do im\u00f3vel quanto a problemas de ordem el\u00e9trica no pr\u00e9dio, inclusive tais incidentes el\u00e9tricos t\u00eam danificado implementos de trabalho seus, cita como exemplo: computadores. A estimativa de perca financeira com o inc\u00eandio segundo o propriet\u00e1rio seja algo entre 700.000,00 e 1.000.000,00 (setecentos mil e um milh\u00e3o de reais ), pois o pr\u00e9dio possui cerca de aproximadamente 300 metros quadrados e fora totalmente consumido&#8221;. A pol\u00edcia cient\u00edfica compareceu no local em data posterior ao evento, uma vez que \u00e9 imposs\u00edvel no mesmo dia, dadas as condi\u00e7\u00f5es prec\u00e1rias para a sa\u00fade e seguran\u00e7a daqueles profissionais. Foi confeccionado BOPM e BOPC referentes aos fatos.<\/p>\n<p>No final da tarde de hoje (2), funcion\u00e1rios de uma empresa estavam fechando o local.<\/p>\n<p><img loading=\"lazy\" decoding=\"async\" class=\"alignnone size-full wp-image-72577\" src=\"https:\/\/jorgezanoni.com.br\/2019\/wp-content\/uploads\/2023\/01\/Incendio.jpg\" alt=\"\" width=\"1024\" height=\"768\" srcset=\"https:\/\/jorgezanoni.com.br\/2019\/wp-content\/uploads\/2023\/01\/Incendio.jpg 1024w, https:\/\/jorgezanoni.com.br\/2019\/wp-content\/uploads\/2023\/01\/Incendio-300x225.jpg 300w, https:\/\/jorgezanoni.com.br\/2019\/wp-content\/uploads\/2023\/01\/Incendio-768x576.jpg 768w, https:\/\/jorgezanoni.com.br\/2019\/wp-content\/uploads\/2023\/01\/Incendio-80x60.jpg 80w, https:\/\/jorgezanoni.com.br\/2019\/wp-content\/uploads\/2023\/01\/Incendio-265x198.jpg 265w, https:\/\/jorgezanoni.com.br\/2019\/wp-content\/uploads\/2023\/01\/Incendio-696x522.jpg 696w, https:\/\/jorgezanoni.com.br\/2019\/wp-content\/uploads\/2023\/01\/Incendio-560x420.jpg 560w\" sizes=\"auto, (max-width: 1024px) 100vw, 1024px\" \/> <img loading=\"lazy\" decoding=\"async\" class=\"alignnone size-full wp-image-72578\" src=\"https:\/\/jorgezanoni.com.br\/2019\/wp-content\/uploads\/2023\/01\/Incendio1.webp\" alt=\"\" width=\"984\" height=\"738\" srcset=\"https:\/\/jorgezanoni.com.br\/2019\/wp-content\/uploads\/2023\/01\/Incendio1.webp 984w, https:\/\/jorgezanoni.com.br\/2019\/wp-content\/uploads\/2023\/01\/Incendio1-300x225.webp 300w, https:\/\/jorgezanoni.com.br\/2019\/wp-content\/uploads\/2023\/01\/Incendio1-768x576.webp 768w, https:\/\/jorgezanoni.com.br\/2019\/wp-content\/uploads\/2023\/01\/Incendio1-80x60.webp 80w, https:\/\/jorgezanoni.com.br\/2019\/wp-content\/uploads\/2023\/01\/Incendio1-265x198.webp 265w, https:\/\/jorgezanoni.com.br\/2019\/wp-content\/uploads\/2023\/01\/Incendio1-696x522.webp 696w, https:\/\/jorgezanoni.com.br\/2019\/wp-content\/uploads\/2023\/01\/Incendio1-560x420.webp 560w\" sizes=\"auto, (max-width: 984px) 100vw, 984px\" \/><\/p>\n<p>Fotos: Jorge Zanoni e Internautas<\/p>\n<p>#25bpmi<br \/>\n#cpi8<br \/>\n#POLICIAMILITARSP<br \/>\n#AFOR\u00c7AP\u00daBLICADES\u00c3OPAULO<br \/>\nComunica\u00e7\u00e3o Social do 25BPMI e regi\u00e3o<\/p>\n","protected":false},"excerpt":{"rendered":"<p>POL\u00cdCIA MILITAR ATENDE OCORR\u00caNCIA DE INC\u00caNDIO EM DRACENA. Na noite de ontem (01) por volta das 23h28min a Pol\u00edcia Militar foi acionada para a avenida Jos\u00e9 Bonif\u00e1cio, centro da cidade de Dracena, a fim de auxiliar a interdi\u00e7\u00e3o das vias que circundavam o quarteir\u00e3o de uma empresa de motos (loja\/oficina) que estava sendo naquele momento [&hellip;]<\/p>\n","protected":false},"author":1,"featured_media":72584,"comment_status":"closed","ping_status":"open","sticky":false,"template":"","format":"standard","meta":{"footnotes":""},"categories":[110,2],"tags":[],"class_list":["post-72575","post","type-post","status-publish","format-standard","has-post-thumbnail","hentry","category-noticiasdestaque","category-policial"],"_links":{"self":[{"href":"https:\/\/jorgezanoni.com.br\/2019\/wp-json\/wp\/v2\/posts\/72575","targetHints":{"allow":["GET"]}}],"collection":[{"href":"https:\/\/jorgezanoni.com.br\/2019\/wp-json\/wp\/v2\/posts"}],"about":[{"href":"https:\/\/jorgezanoni.com.br\/2019\/wp-json\/wp\/v2\/types\/post"}],"author":[{"embeddable":true,"href":"https:\/\/jorgezanoni.com.br\/2019\/wp-json\/wp\/v2\/users\/1"}],"replies":[{"embeddable":true,"href":"https:\/\/jorgezanoni.com.br\/2019\/wp-json\/wp\/v2\/comments?post=72575"}],"version-history":[{"count":1,"href":"https:\/\/jorgezanoni.com.br\/2019\/wp-json\/wp\/v2\/posts\/72575\/revisions"}],"predecessor-version":[{"id":72580,"href":"https:\/\/jorgezanoni.com.br\/2019\/wp-json\/wp\/v2\/posts\/72575\/revisions\/72580"}],"wp:featuredmedia":[{"embeddable":true,"href":"https:\/\/jorgezanoni.com.br\/2019\/wp-json\/wp\/v2\/media\/72584"}],"wp:attachment":[{"href":"https:\/\/jorgezanoni.com.br\/2019\/wp-json\/wp\/v2\/media?parent=72575"}],"wp:term":[{"taxonomy":"category","embeddable":true,"href":"https:\/\/jorgezanoni.com.br\/2019\/wp-json\/wp\/v2\/categories?post=72575"},{"taxonomy":"post_tag","embeddable":true,"href":"https:\/\/jorgezanoni.com.br\/2019\/wp-json\/wp\/v2\/tags?post=72575"}],"curies":[{"name":"wp","href":"https:\/\/api.w.org\/{rel}","templated":true}]}}