{"id":7255,"date":"2019-09-25T22:29:00","date_gmt":"2019-09-25T22:29:00","guid":{"rendered":"https:\/\/jorgezanoni.com.br\/2019\/?p=7255"},"modified":"2019-09-25T22:29:00","modified_gmt":"2019-09-25T22:29:00","slug":"reuniao-do-conseg-enfoca-a-campanha-setembro-amarelo","status":"publish","type":"post","link":"https:\/\/jorgezanoni.com.br\/2019\/reuniao-do-conseg-enfoca-a-campanha-setembro-amarelo\/","title":{"rendered":"Reuni\u00e3o do Conseg enfoca a campanha Setembro Amarelo"},"content":{"rendered":"<p class=\"ydp69cca7f6MsoNormal\" style=\"text-align: justify;\"><b>A Associa\u00e7\u00e3o Comercial recebeu na ter\u00e7a-feira a reuni\u00e3o mensal do Conselho Comunit\u00e1rio de Seguran\u00e7a. Houve debates sobre seguran\u00e7a e tr\u00e2nsito, com cerca de 20 participantes.<\/b><\/p>\n<p class=\"ydp69cca7f6MsoNormal\" style=\"text-align: justify;\"><b>Destaque na reuni\u00e3o para a palestra do delegado F\u00e9res Cury Karam sobre a campanha Setembro Amarelo, que destaca a preven\u00e7\u00e3o ao suic\u00eddio. Ainda foram comentadas as a\u00e7\u00f5es educativas durante a Semana Nacional de Tr\u00e2nsito em Dracena.<\/b><\/p>\n<p class=\"ydp69cca7f6MsoNormal\" style=\"text-align: justify;\"><b>A pr\u00f3xima reuni\u00e3o ser\u00e1 realizada dia 29 de outubro na Casa do Advogado.<\/b><b>\u00a0<\/b><\/p>\n<p><img loading=\"lazy\" decoding=\"async\" class=\"alignnone size-full wp-image-7256\" src=\"https:\/\/jorgezanoni.com.br\/2019\/wp-content\/uploads\/2019\/09\/Conseg-1.jpg\" alt=\"\" width=\"707\" height=\"474\" srcset=\"https:\/\/jorgezanoni.com.br\/2019\/wp-content\/uploads\/2019\/09\/Conseg-1.jpg 707w, https:\/\/jorgezanoni.com.br\/2019\/wp-content\/uploads\/2019\/09\/Conseg-1-300x201.jpg 300w, https:\/\/jorgezanoni.com.br\/2019\/wp-content\/uploads\/2019\/09\/Conseg-1-696x467.jpg 696w, https:\/\/jorgezanoni.com.br\/2019\/wp-content\/uploads\/2019\/09\/Conseg-1-626x420.jpg 626w\" sizes=\"auto, (max-width: 707px) 100vw, 707px\" \/> <img loading=\"lazy\" decoding=\"async\" class=\"alignnone size-full wp-image-7257\" src=\"https:\/\/jorgezanoni.com.br\/2019\/wp-content\/uploads\/2019\/09\/Conseg-2.jpg\" alt=\"\" width=\"1236\" height=\"646\" srcset=\"https:\/\/jorgezanoni.com.br\/2019\/wp-content\/uploads\/2019\/09\/Conseg-2.jpg 1236w, https:\/\/jorgezanoni.com.br\/2019\/wp-content\/uploads\/2019\/09\/Conseg-2-300x157.jpg 300w, https:\/\/jorgezanoni.com.br\/2019\/wp-content\/uploads\/2019\/09\/Conseg-2-768x401.jpg 768w, https:\/\/jorgezanoni.com.br\/2019\/wp-content\/uploads\/2019\/09\/Conseg-2-1024x535.jpg 1024w, https:\/\/jorgezanoni.com.br\/2019\/wp-content\/uploads\/2019\/09\/Conseg-2-696x364.jpg 696w, https:\/\/jorgezanoni.com.br\/2019\/wp-content\/uploads\/2019\/09\/Conseg-2-1068x558.jpg 1068w, https:\/\/jorgezanoni.com.br\/2019\/wp-content\/uploads\/2019\/09\/Conseg-2-804x420.jpg 804w\" sizes=\"auto, (max-width: 1236px) 100vw, 1236px\" \/><\/p>\n<p class=\"ydp69cca7f6MsoNormal\" style=\"text-align: justify;\"><b>Ass. Imprensa<\/b><\/p>\n","protected":false},"excerpt":{"rendered":"<p>A Associa\u00e7\u00e3o Comercial recebeu na ter\u00e7a-feira a reuni\u00e3o mensal do Conselho Comunit\u00e1rio de Seguran\u00e7a. Houve debates sobre seguran\u00e7a e tr\u00e2nsito, com cerca de 20 participantes. Destaque na reuni\u00e3o para a palestra do delegado F\u00e9res Cury Karam sobre a campanha Setembro Amarelo, que destaca a preven\u00e7\u00e3o ao suic\u00eddio. Ainda foram comentadas as a\u00e7\u00f5es educativas durante a [&hellip;]<\/p>\n","protected":false},"author":1,"featured_media":7258,"comment_status":"closed","ping_status":"open","sticky":false,"template":"","format":"standard","meta":{"footnotes":""},"categories":[114],"tags":[],"class_list":["post-7255","post","type-post","status-publish","format-standard","has-post-thumbnail","hentry","category-geralecomercio"],"_links":{"self":[{"href":"https:\/\/jorgezanoni.com.br\/2019\/wp-json\/wp\/v2\/posts\/7255","targetHints":{"allow":["GET"]}}],"collection":[{"href":"https:\/\/jorgezanoni.com.br\/2019\/wp-json\/wp\/v2\/posts"}],"about":[{"href":"https:\/\/jorgezanoni.com.br\/2019\/wp-json\/wp\/v2\/types\/post"}],"author":[{"embeddable":true,"href":"https:\/\/jorgezanoni.com.br\/2019\/wp-json\/wp\/v2\/users\/1"}],"replies":[{"embeddable":true,"href":"https:\/\/jorgezanoni.com.br\/2019\/wp-json\/wp\/v2\/comments?post=7255"}],"version-history":[{"count":0,"href":"https:\/\/jorgezanoni.com.br\/2019\/wp-json\/wp\/v2\/posts\/7255\/revisions"}],"wp:featuredmedia":[{"embeddable":true,"href":"https:\/\/jorgezanoni.com.br\/2019\/wp-json\/wp\/v2\/media\/7258"}],"wp:attachment":[{"href":"https:\/\/jorgezanoni.com.br\/2019\/wp-json\/wp\/v2\/media?parent=7255"}],"wp:term":[{"taxonomy":"category","embeddable":true,"href":"https:\/\/jorgezanoni.com.br\/2019\/wp-json\/wp\/v2\/categories?post=7255"},{"taxonomy":"post_tag","embeddable":true,"href":"https:\/\/jorgezanoni.com.br\/2019\/wp-json\/wp\/v2\/tags?post=7255"}],"curies":[{"name":"wp","href":"https:\/\/api.w.org\/{rel}","templated":true}]}}