{"id":72536,"date":"2022-12-31T15:54:42","date_gmt":"2022-12-31T15:54:42","guid":{"rendered":"https:\/\/jorgezanoni.com.br\/2019\/?p=72536"},"modified":"2022-12-31T15:54:42","modified_gmt":"2022-12-31T15:54:42","slug":"morador-de-presidente-venceslau-morre-em-acidente-na-rodovia-da-integracao-em-dracena","status":"publish","type":"post","link":"https:\/\/jorgezanoni.com.br\/2019\/morador-de-presidente-venceslau-morre-em-acidente-na-rodovia-da-integracao-em-dracena\/","title":{"rendered":"Morador de Presidente Venceslau morre em acidente na Rodovia da Integra\u00e7\u00e3o em Dracena"},"content":{"rendered":"<p style=\"text-align: justify;\"><strong>O venceslauense Rodrigo Teixeira, de 41 anos, faleceu na madrugada deste s\u00e1bado (31), ap\u00f3s colidir seu ve\u00edculo contra uma \u00e1rvore, na Rodovia General Euclides de Oliveira Figueiredo (Integra\u00e7\u00e3o), no trecho de Dracena.<\/strong><\/p>\n<div class=\"georgia\">\n<p style=\"text-align: justify;\">De acordo com informa\u00e7\u00f5es da Pol\u00edcia Militar Rodovi\u00e1ria, uma equipe policial encontrou o ve\u00edculo Ford Ecosport fora do acostamento, por volta das 5h20. Ao prestar socorro, perceberam o motorista ferido e desacordado, sozinho no carro. Ele foi resgatado pelo Corpo de Bombeiros de Dracena para o Pronto Atendimento Municipal da cidade, mas n\u00e3o resistiu aos ferimentos e veio a \u00f3bito.<\/p>\n<p style=\"text-align: justify;\">Pela din\u00e2mica do acidente, a pol\u00edcia informou que o motorista transitava no sentido Tupi Paulista a Presidente Venceslau, quando por motivos a serem esclarecidos, perdeu o controle da dire\u00e7\u00e3o e chocou em uma \u00e1rvore al\u00e9m do acostamento.<\/p>\n<p style=\"text-align: justify;\">Rodrigo era casado e deixa um filho e duas filhas.<\/p>\n<p><img decoding=\"async\" src=\"https:\/\/www.portalbueno.com.br\/uploads\/news\/31_12_2022_122122_907.jpeg\" alt=\"\" \/><\/p>\n<p>Fonte: Portal Bueno<\/p>\n<\/div>\n<div class=\"featured-inner \">\n<div class=\"row\"><\/div>\n<div class=\"row\">\n<div class=\"featured-inner\"><\/div>\n<\/div>\n<\/div>\n","protected":false},"excerpt":{"rendered":"<p>O venceslauense Rodrigo Teixeira, de 41 anos, faleceu na madrugada deste s\u00e1bado (31), ap\u00f3s colidir seu ve\u00edculo contra uma \u00e1rvore, na Rodovia General Euclides de Oliveira Figueiredo (Integra\u00e7\u00e3o), no trecho de Dracena. De acordo com informa\u00e7\u00f5es da Pol\u00edcia Militar Rodovi\u00e1ria, uma equipe policial encontrou o ve\u00edculo Ford Ecosport fora do acostamento, por volta das 5h20. [&hellip;]<\/p>\n","protected":false},"author":1,"featured_media":72537,"comment_status":"closed","ping_status":"open","sticky":false,"template":"","format":"standard","meta":{"footnotes":""},"categories":[170,110],"tags":[],"class_list":["post-72536","post","type-post","status-publish","format-standard","has-post-thumbnail","hentry","category-acidentes","category-noticiasdestaque"],"_links":{"self":[{"href":"https:\/\/jorgezanoni.com.br\/2019\/wp-json\/wp\/v2\/posts\/72536","targetHints":{"allow":["GET"]}}],"collection":[{"href":"https:\/\/jorgezanoni.com.br\/2019\/wp-json\/wp\/v2\/posts"}],"about":[{"href":"https:\/\/jorgezanoni.com.br\/2019\/wp-json\/wp\/v2\/types\/post"}],"author":[{"embeddable":true,"href":"https:\/\/jorgezanoni.com.br\/2019\/wp-json\/wp\/v2\/users\/1"}],"replies":[{"embeddable":true,"href":"https:\/\/jorgezanoni.com.br\/2019\/wp-json\/wp\/v2\/comments?post=72536"}],"version-history":[{"count":1,"href":"https:\/\/jorgezanoni.com.br\/2019\/wp-json\/wp\/v2\/posts\/72536\/revisions"}],"predecessor-version":[{"id":72538,"href":"https:\/\/jorgezanoni.com.br\/2019\/wp-json\/wp\/v2\/posts\/72536\/revisions\/72538"}],"wp:featuredmedia":[{"embeddable":true,"href":"https:\/\/jorgezanoni.com.br\/2019\/wp-json\/wp\/v2\/media\/72537"}],"wp:attachment":[{"href":"https:\/\/jorgezanoni.com.br\/2019\/wp-json\/wp\/v2\/media?parent=72536"}],"wp:term":[{"taxonomy":"category","embeddable":true,"href":"https:\/\/jorgezanoni.com.br\/2019\/wp-json\/wp\/v2\/categories?post=72536"},{"taxonomy":"post_tag","embeddable":true,"href":"https:\/\/jorgezanoni.com.br\/2019\/wp-json\/wp\/v2\/tags?post=72536"}],"curies":[{"name":"wp","href":"https:\/\/api.w.org\/{rel}","templated":true}]}}