{"id":72533,"date":"2022-12-31T13:41:14","date_gmt":"2022-12-31T13:41:14","guid":{"rendered":"https:\/\/jorgezanoni.com.br\/2019\/?p=72533"},"modified":"2022-12-31T13:41:14","modified_gmt":"2022-12-31T13:41:14","slug":"papa-bento-xvi-morre-aos-95-anos","status":"publish","type":"post","link":"https:\/\/jorgezanoni.com.br\/2019\/papa-bento-xvi-morre-aos-95-anos\/","title":{"rendered":"Papa Bento XVI morre aos 95 anos"},"content":{"rendered":"<h2 class=\"content-head__subtitle\" style=\"text-align: justify;\"><strong>Primeiro papa a renunciar em quase 600 anos, a sa\u00fade de Joseph Ratzinger vinha se debilitando nos \u00faltimos anos.<\/strong><\/h2>\n<div id=\"chunk-bhrmc\" style=\"text-align: justify;\">\n<div class=\"mc-column content-text active-extra-styles \" data-block-type=\"unstyled\" data-block-weight=\"57\" data-block-id=\"3\">\n<p class=\"content-text__container \" data-track-category=\"Link no Texto\" data-track-links=\"\">O Papa Em\u00e9rito Bento XVI morreu neste s\u00e1bado (31), aos 95 anos, ap\u00f3s passar por uma piora repentina de sa\u00fade nos \u00faltimos dias. O vel\u00f3rio est\u00e1 marcado para come\u00e7ar na segunda-feira (2) na Bas\u00edlica de S\u00e3o Pedro, sendo que o funeral ser\u00e1 na quinta-feira (5) na Pra\u00e7a de S\u00e3o Pedro, presidido pelo\u00a0<a href=\"https:\/\/g1.globo.com\/tudo-sobre\/papa-francisco\/\">Papa Francisco<\/a>, segundo o\u00a0<a href=\"https:\/\/g1.globo.com\/tudo-sobre\/vaticano\/\">Vaticano<\/a>.<\/p>\n<\/div>\n<\/div>\n<div class=\"wall protected-content\">\n<div id=\"chunk-bhfm4\" style=\"text-align: justify;\">\n<div class=\"mc-column content-text active-extra-styles \" data-block-type=\"unstyled\" data-block-weight=\"36\" data-block-id=\"5\">\n<p class=\"content-text__container \" data-track-category=\"Link no Texto\" data-track-links=\"\">&#8220;\u00c9 com pesar que informo que o Papa Em\u00e9rito Bento XVI faleceu hoje \u00e0s 9h34 [5h34 no hor\u00e1rio de Bras\u00edlia] no Mosteiro Mater Ecclesiae no Vaticano&#8221;, escreveu o perfil de not\u00edcias do Vaticano no Twitter.<\/p>\n<\/div>\n<\/div>\n<div id=\"chunk-7ksr0\">\n<div class=\"mc-column content-text active-extra-styles \" data-block-type=\"unstyled\" data-block-weight=\"51\" data-block-id=\"6\">\n<p class=\"content-text__container \" style=\"text-align: justify;\" data-track-category=\"Link no Texto\" data-track-links=\"\"><span class=\"highlight highlighted\">A sa\u00fade de Joseph Ratzinger vinha se debilitando nos \u00faltimos anos<\/span>. O Vaticano havia dito nesta sexta-feira (30) em um comunicado sua condi\u00e7\u00e3o era\u00a0<strong>grave<\/strong>, mas\u00a0<strong>est\u00e1vel<\/strong>, com aten\u00e7\u00e3o m\u00e9dica constante. Desde a ren\u00fancia, em 10 de fevereiro de 2013, o te\u00f3logo alem\u00e3o vivia em um pequeno mosteiro no Vaticano.<\/p>\n<div id=\"chunk-35s5b\">\n<div class=\"mc-column content-text active-extra-styles \" data-block-type=\"unstyled\" data-block-weight=\"52\" data-block-id=\"8\">\n<p class=\"content-text__container \" style=\"text-align: justify;\" data-track-category=\"Link no Texto\" data-track-links=\"\">Embora o gesto mais marcante de seu pontificado tenha sido a pr\u00f3pria\u00a0<strong>ren\u00fancia<\/strong>, os quase oito anos no comando da Igreja Cat\u00f3lica tamb\u00e9m foram marcados\u00a0<span class=\"highlight highlighted\">por textos teol\u00f3gicos de f\u00f4lego, uma linha conservadora nas quest\u00f5es morais, e esc\u00e2ndalos de disputas pol\u00edticas e vazamentos de documentos<\/span> do Vaticano \u2013 os chamados Vatileaks.<\/p>\n<p class=\"content-text__container \" style=\"text-align: justify;\" data-track-category=\"Link no Texto\" data-track-links=\"\"><span style=\"font-style: italic; text-align: center;\">\u201cHouve tempos dif\u00edceis, mas sempre Deus me guiou e me ajudou a sair, de modo que eu pudesse continuar o meu caminho\u201d, disse Ratzinger no seu anivers\u00e1rio de 90 anos, j\u00e1 aposentado.<\/span><\/p>\n<div class=\"mc-column content-text active-extra-styles\" style=\"text-align: justify;\" data-block-type=\"raw\" data-block-weight=\"3\" data-block-id=\"11\">\n<div class=\"content-intertitle\">\n<h2>Ren\u00fancia ao papado<\/h2>\n<\/div>\n<\/div>\n<div id=\"chunk-7fm06\">\n<div class=\"mc-column content-text active-extra-styles \" data-block-type=\"unstyled\" data-block-weight=\"53\" data-block-id=\"12\">\n<p class=\"content-text__container \" style=\"text-align: justify;\" data-track-category=\"Link no Texto\" data-track-links=\"\"><a href=\"https:\/\/g1.globo.com\/tudo-sobre\/papa-bento-xvi\/\">Papa Bento XVI<\/a>\u00a0surpreendeu o mundo quando anunciou sua ren\u00fancia, em latim, durante uma reuni\u00e3o rotineira com os cardeais presentes em Roma. Muitos papas da era moderna chegaram a cogitar a ren\u00fancia por motivos de sa\u00fade, entre eles Paulo VI e Jo\u00e3o Paulo II, mas nenhum deles havia concretizado essa decis\u00e3o.<\/p>\n<div id=\"chunk-5j3h7\" style=\"text-align: justify;\">\n<div class=\"mc-column content-text active-extra-styles \" data-block-type=\"unstyled\" data-block-weight=\"27\" data-block-id=\"14\">\n<p class=\"content-text__container \" data-track-category=\"Link no Texto\" data-track-links=\"\">Na ocasi\u00e3o, aos 85 anos, Bento XVI disse que o\u00a0<span class=\"highlight highlighted\">motivo para deixar o cargo era a falta de for\u00e7as na mente e no corpo<\/span>.<\/p>\n<\/div>\n<\/div>\n<div id=\"chunk-6lk01\">\n<div class=\"mc-column content-text active-extra-styles \" data-block-type=\"unstyled\" data-block-weight=\"73\" data-block-id=\"15\">\n<p class=\"content-text__container \" style=\"text-align: justify;\" data-track-category=\"Link no Texto\" data-track-links=\"\">\u201cNo mundo de hoje, sujeito a r\u00e1pidas mudan\u00e7as e agitado por quest\u00f5es de grande relev\u00e2ncia para a vida da f\u00e9, para governar a barca de S\u00e3o Pedro e anunciar o Evangelho,\u00a0<span class=\"highlight highlighted\">\u00e9 necess\u00e1rio tamb\u00e9m o vigor, seja do corpo, seja do \u00e2nimo, vigor que, nos \u00faltimos meses, em mim diminuiu<\/span>, de modo tal a ter que reconhecer minha incapacidade de administrar bem o minist\u00e9rio a mim confiado.\u201d \u2013 Papa Bento XVI<\/p>\n<p style=\"text-align: justify;\" data-track-category=\"Link no Texto\" data-track-links=\"\">Fonte: https:\/\/g1.globo.com\/mundo\/noticia\/2022\/12\/31\/bento-xvi-morre.ghtml<\/p>\n<\/div>\n<\/div>\n<\/div>\n<\/div>\n<\/div>\n<\/div>\n<p data-track-category=\"Link no Texto\" data-track-links=\"\">\n<\/div>\n<\/div>\n<\/div>\n","protected":false},"excerpt":{"rendered":"<p>Primeiro papa a renunciar em quase 600 anos, a sa\u00fade de Joseph Ratzinger vinha se debilitando nos \u00faltimos anos. O Papa Em\u00e9rito Bento XVI morreu neste s\u00e1bado (31), aos 95 anos, ap\u00f3s passar por uma piora repentina de sa\u00fade nos \u00faltimos dias. O vel\u00f3rio est\u00e1 marcado para come\u00e7ar na segunda-feira (2) na Bas\u00edlica de S\u00e3o [&hellip;]<\/p>\n","protected":false},"author":1,"featured_media":72534,"comment_status":"closed","ping_status":"open","sticky":false,"template":"","format":"standard","meta":{"footnotes":""},"categories":[178,110,118],"tags":[],"class_list":["post-72533","post","type-post","status-publish","format-standard","has-post-thumbnail","hentry","category-notadefalecimento","category-noticiasdestaque","category-religiaoesolidariedade"],"_links":{"self":[{"href":"https:\/\/jorgezanoni.com.br\/2019\/wp-json\/wp\/v2\/posts\/72533","targetHints":{"allow":["GET"]}}],"collection":[{"href":"https:\/\/jorgezanoni.com.br\/2019\/wp-json\/wp\/v2\/posts"}],"about":[{"href":"https:\/\/jorgezanoni.com.br\/2019\/wp-json\/wp\/v2\/types\/post"}],"author":[{"embeddable":true,"href":"https:\/\/jorgezanoni.com.br\/2019\/wp-json\/wp\/v2\/users\/1"}],"replies":[{"embeddable":true,"href":"https:\/\/jorgezanoni.com.br\/2019\/wp-json\/wp\/v2\/comments?post=72533"}],"version-history":[{"count":1,"href":"https:\/\/jorgezanoni.com.br\/2019\/wp-json\/wp\/v2\/posts\/72533\/revisions"}],"predecessor-version":[{"id":72535,"href":"https:\/\/jorgezanoni.com.br\/2019\/wp-json\/wp\/v2\/posts\/72533\/revisions\/72535"}],"wp:featuredmedia":[{"embeddable":true,"href":"https:\/\/jorgezanoni.com.br\/2019\/wp-json\/wp\/v2\/media\/72534"}],"wp:attachment":[{"href":"https:\/\/jorgezanoni.com.br\/2019\/wp-json\/wp\/v2\/media?parent=72533"}],"wp:term":[{"taxonomy":"category","embeddable":true,"href":"https:\/\/jorgezanoni.com.br\/2019\/wp-json\/wp\/v2\/categories?post=72533"},{"taxonomy":"post_tag","embeddable":true,"href":"https:\/\/jorgezanoni.com.br\/2019\/wp-json\/wp\/v2\/tags?post=72533"}],"curies":[{"name":"wp","href":"https:\/\/api.w.org\/{rel}","templated":true}]}}