{"id":72507,"date":"2022-12-30T17:13:42","date_gmt":"2022-12-30T17:13:42","guid":{"rendered":"https:\/\/jorgezanoni.com.br\/2019\/?p=72507"},"modified":"2022-12-30T17:13:42","modified_gmt":"2022-12-30T17:13:42","slug":"emdaep-orienta-a-populacao-a-economizar-agua","status":"publish","type":"post","link":"https:\/\/jorgezanoni.com.br\/2019\/emdaep-orienta-a-populacao-a-economizar-agua\/","title":{"rendered":"EMDAEP orienta a popula\u00e7\u00e3o a economizar \u00e1gua"},"content":{"rendered":"<p style=\"text-align: justify;\">A EMDAEP vem observando o crescimento do consumo de \u00e1gua, especialmente nesta semana, por causa do aumento de visitantes na cidade para o r\u00e9veillon e pelas altas temperaturas da \u00e9poca.<\/p>\n<p style=\"text-align: justify;\">A empresa municipal orienta que a popula\u00e7\u00e3o e visitantes economizem \u00e1gua para evitar desabastecimento. O sistema de po\u00e7os e reservat\u00f3rios est\u00e1 funcionando normalmente, por\u00e9m o consumo excessivo prejudica os servi\u00e7os normais.<\/p>\n<p style=\"text-align: justify;\">A EMDAEP manter\u00e1 plant\u00e3o para emerg\u00eancias nos setores de \u00c1gua e Esgoto, durante o dia, em todo o per\u00edodo (final de semana e segunda-feira\/ponto facultativo). Os telefones do plant\u00e3o s\u00e3o 3821-1146 e 3821-4110.<\/p>\n<p style=\"text-align: justify;\">Ass. Rela\u00e7\u00f5es P\u00fablicas da EMDAEP<\/p>\n","protected":false},"excerpt":{"rendered":"<p>A EMDAEP vem observando o crescimento do consumo de \u00e1gua, especialmente nesta semana, por causa do aumento de visitantes na cidade para o r\u00e9veillon e pelas altas temperaturas da \u00e9poca. A empresa municipal orienta que a popula\u00e7\u00e3o e visitantes economizem \u00e1gua para evitar desabastecimento. O sistema de po\u00e7os e reservat\u00f3rios est\u00e1 funcionando normalmente, por\u00e9m o [&hellip;]<\/p>\n","protected":false},"author":1,"featured_media":72508,"comment_status":"closed","ping_status":"open","sticky":false,"template":"","format":"standard","meta":{"footnotes":""},"categories":[179,184,110],"tags":[],"class_list":["post-72507","post","type-post","status-publish","format-standard","has-post-thumbnail","hentry","category-cidadeseregiao","category-dracena","category-noticiasdestaque"],"_links":{"self":[{"href":"https:\/\/jorgezanoni.com.br\/2019\/wp-json\/wp\/v2\/posts\/72507","targetHints":{"allow":["GET"]}}],"collection":[{"href":"https:\/\/jorgezanoni.com.br\/2019\/wp-json\/wp\/v2\/posts"}],"about":[{"href":"https:\/\/jorgezanoni.com.br\/2019\/wp-json\/wp\/v2\/types\/post"}],"author":[{"embeddable":true,"href":"https:\/\/jorgezanoni.com.br\/2019\/wp-json\/wp\/v2\/users\/1"}],"replies":[{"embeddable":true,"href":"https:\/\/jorgezanoni.com.br\/2019\/wp-json\/wp\/v2\/comments?post=72507"}],"version-history":[{"count":1,"href":"https:\/\/jorgezanoni.com.br\/2019\/wp-json\/wp\/v2\/posts\/72507\/revisions"}],"predecessor-version":[{"id":72509,"href":"https:\/\/jorgezanoni.com.br\/2019\/wp-json\/wp\/v2\/posts\/72507\/revisions\/72509"}],"wp:featuredmedia":[{"embeddable":true,"href":"https:\/\/jorgezanoni.com.br\/2019\/wp-json\/wp\/v2\/media\/72508"}],"wp:attachment":[{"href":"https:\/\/jorgezanoni.com.br\/2019\/wp-json\/wp\/v2\/media?parent=72507"}],"wp:term":[{"taxonomy":"category","embeddable":true,"href":"https:\/\/jorgezanoni.com.br\/2019\/wp-json\/wp\/v2\/categories?post=72507"},{"taxonomy":"post_tag","embeddable":true,"href":"https:\/\/jorgezanoni.com.br\/2019\/wp-json\/wp\/v2\/tags?post=72507"}],"curies":[{"name":"wp","href":"https:\/\/api.w.org\/{rel}","templated":true}]}}