{"id":72490,"date":"2022-12-29T21:31:25","date_gmt":"2022-12-29T21:31:25","guid":{"rendered":"https:\/\/jorgezanoni.com.br\/2019\/?p=72490"},"modified":"2022-12-29T21:31:25","modified_gmt":"2022-12-29T21:31:25","slug":"pele-atleta-do-seculo-morre-em-sao-paulo-aos-82-anos","status":"publish","type":"post","link":"https:\/\/jorgezanoni.com.br\/2019\/pele-atleta-do-seculo-morre-em-sao-paulo-aos-82-anos\/","title":{"rendered":"Pel\u00e9, atleta do s\u00e9culo, morre em S\u00e3o Paulo aos 82 anos"},"content":{"rendered":"<h2 class=\"content-head__subtitle\" style=\"text-align: justify;\"><strong>Rei do Futebol descobriu um c\u00e2ncer de c\u00f3lon em setembro de 2021 e estava internado no Hospital Albert Einstein desde 29 de novembro. Em carta aberta sobre sonho, Pel\u00e9 disse: &#8216;A vida \u00e9 oportunidade. O que fazemos com ela cabe a cada um de n\u00f3s. Acertamos e erramos&#8217;.<\/strong><\/h2>\n<p><img loading=\"lazy\" decoding=\"async\" class=\"alignnone size-full wp-image-72492\" src=\"https:\/\/jorgezanoni.com.br\/2019\/wp-content\/uploads\/2022\/12\/Pele-1.webp\" alt=\"\" width=\"924\" height=\"492\" srcset=\"https:\/\/jorgezanoni.com.br\/2019\/wp-content\/uploads\/2022\/12\/Pele-1.webp 924w, https:\/\/jorgezanoni.com.br\/2019\/wp-content\/uploads\/2022\/12\/Pele-1-300x160.webp 300w, https:\/\/jorgezanoni.com.br\/2019\/wp-content\/uploads\/2022\/12\/Pele-1-768x409.webp 768w, https:\/\/jorgezanoni.com.br\/2019\/wp-content\/uploads\/2022\/12\/Pele-1-696x371.webp 696w, https:\/\/jorgezanoni.com.br\/2019\/wp-content\/uploads\/2022\/12\/Pele-1-789x420.webp 789w\" sizes=\"auto, (max-width: 924px) 100vw, 924px\" \/><\/p>\n<p style=\"text-align: justify;\">Edson Arantes Nascimento, o\u00a0<a href=\"https:\/\/g1.globo.com\/tudo-sobre\/pele\/\">Pel\u00e9<\/a>, o maior jogador de futebol do mundo, morreu nesta quinta-feira (29) aos 82 anos, em\u00a0<a href=\"https:\/\/g1.globo.com\/sp\/sao-paulo\/cidade\/sao-paulo\/\">S\u00e3o Paulo<\/a>.<\/p>\n<div id=\"chunk-c415o\" style=\"text-align: justify;\">\n<div class=\"mc-column content-text active-extra-styles \" data-block-type=\"unstyled\" data-block-weight=\"35\" data-block-id=\"5\">\n<p class=\"content-text__container \" data-track-category=\"Link no Texto\" data-track-links=\"\">Ele estava\u00a0<a href=\"https:\/\/g1.globo.com\/sp\/sao-paulo\/noticia\/2022\/11\/30\/pele-e-internado-em-hospital-diz-filha-que-tranquiliza-fas-nao-tem-surpresa-e-nem-emergencia.ghtml\">internado desde o dia 29 de novembro no Hospital Albert Einstein<\/a>, na Zona Sul de S\u00e3o Paulo para reavalia\u00e7\u00e3o da quimioterapia contra o tumor de c\u00f3lon e o tratamento de uma infec\u00e7\u00e3o respirat\u00f3ria.<\/p>\n<\/div>\n<\/div>\n<div id=\"chunk-cdegi\" style=\"text-align: justify;\">\n<div class=\"mc-column content-text active-extra-styles \" data-block-type=\"unstyled\" data-block-weight=\"26\" data-block-id=\"6\">\n<p class=\"content-text__container \" data-track-category=\"Link no Texto\" data-track-links=\"\">Pel\u00e9 foi\u00a0<a href=\"https:\/\/g1.globo.com\/saude\/noticia\/2022\/12\/04\/pele-internado-entenda-o-que-e-cancer-de-colon.ghtml\">diagnosticado com c\u00e2ncer em setembro de 2021<\/a>. J\u00e1 em fevereiro deste ano, o ex-jogador se internou no Albert Einstein para dar continuidade \u00e0 quimioterapia.<\/p>\n<\/div>\n<\/div>\n<div id=\"chunk-8btvn\">\n<div class=\"mc-column content-text active-extra-styles \" data-block-type=\"unstyled\" data-block-weight=\"35\" data-block-id=\"7\">\n<p class=\"content-text__container \" style=\"text-align: justify;\" data-track-category=\"Link no Texto\" data-track-links=\"\">Um boletim m\u00e9dico divulgado na tarde desta quinta-feira informou que a morte aconteceu \u00e0s 15h27, &#8220;em decorr\u00eancia da fal\u00eancia de m\u00faltiplos \u00f3rg\u00e3os, resultado da progress\u00e3o do c\u00e2ncer de c\u00f3lon associado \u00e0 sua condi\u00e7\u00e3o cl\u00ednica pr\u00e9via&#8221;.<\/p>\n<div id=\"chunk-eqmq7\" style=\"text-align: justify;\">\n<div class=\"mc-column content-text active-extra-styles \" data-block-type=\"unstyled\" data-block-weight=\"49\" data-block-id=\"9\">\n<p class=\"content-text__container \" data-track-category=\"Link no Texto\" data-track-links=\"\">&#8220;O Hospital Israelita Albert Einstein se solidariza com a fam\u00edlia e todos que sofrem com a perda do nosso querido Rei do Futebol&#8221;, completa o comunicado, assinado pelos m\u00e9dicos Fabio Nasri, geriatra e endocrinologista; Rene Gansl, oncologista; Alexandre Holthausen, cardiologista; e Miguel Cendoroglo Neto, Diretor-Superintendente M\u00e9dico e Servi\u00e7os Hospitalares.<\/p>\n<\/div>\n<\/div>\n<div id=\"chunk-9ifod\" style=\"text-align: justify;\">\n<div class=\"mc-column content-text active-extra-styles \" data-block-type=\"unstyled\" data-block-weight=\"32\" data-block-id=\"10\">\n<p class=\"content-text__container \" data-track-category=\"Link no Texto\" data-track-links=\"\">Em outro boletim, do dia 22, os m\u00e9dicos\u00a0<a href=\"https:\/\/g1.globo.com\/sp\/sao-paulo\/noticia\/2022\/12\/21\/pele-tem-progressao-da-doenca-oncologica-e-requer-maiores-cuidados-diz-boletim-medico.ghtml\">j\u00e1 haviam alertado para a progress\u00e3o do c\u00e2ncer<\/a><a href=\"https:\/\/g1.globo.com\/sp\/sao-paulo\/noticia\/2022\/12\/21\/pele-tem-progressao-da-doenca-oncologica-e-requer-maiores-cuidados-diz-boletim-medico.ghtml\">\u00a0<\/a>e afirmaram que o paciente estava necessitando de maiores cuidados referentes \u00e0s disfun\u00e7\u00f5es renal e card\u00edaca.<\/p>\n<\/div>\n<\/div>\n<div id=\"chunk-ev7ng\" style=\"text-align: justify;\">\n<div class=\"mc-column content-text active-extra-styles \" data-block-type=\"unstyled\" data-block-weight=\"35\" data-block-id=\"11\">\n<p class=\"content-text__container \" data-track-category=\"Link no Texto\" data-track-links=\"\">O<a href=\"https:\/\/g1.globo.com\/sp\/santos-regiao\/noticia\/2022\/12\/29\/santos-prepara-despedida-de-realeza-para-pele-bolsonaro-e-lula-sao-esperados-na-vila-belmiro.ghtml\">\u00a0Rei do Futebol ser\u00e1 velado, a princ\u00edpio, durante um dia e meio, no gramado do est\u00e1dio do Santos<\/a>, a Vila Belmiro. A cerim\u00f4nia ser\u00e1 aberta ao p\u00fablico, mas o hor\u00e1rio n\u00e3o foi divulgado.<\/p>\n<\/div>\n<\/div>\n<div id=\"chunk-g8a6\">\n<div class=\"mc-column content-text active-extra-styles \" data-block-type=\"unstyled\" data-block-weight=\"20\" data-block-id=\"12\">\n<p class=\"content-text__container \" style=\"text-align: justify;\" data-track-category=\"Link no Texto\" data-track-links=\"\">J\u00e1 o enterro ser\u00e1 no Memorial Necr\u00f3pole Ecum\u00eanica, tamb\u00e9m em\u00a0<a href=\"https:\/\/g1.globo.com\/sp\/santos-regiao\/cidade\/santos\/\">Santos<\/a>, em uma cerim\u00f4nia reservada para amigos \u00edntimos e familiares.<\/p>\n<p style=\"text-align: justify;\" data-track-category=\"Link no Texto\" data-track-links=\"\">Fonte: https:\/\/g1.globo.com\/sp\/sao-paulo\/noticia\/2022\/12\/29\/pele-atleta-do-seculo-morre-em-sao-paulo-aos-82-anos.ghtml<\/p>\n<\/div>\n<\/div>\n<\/div>\n<\/div>\n<p>&nbsp;<\/p>\n","protected":false},"excerpt":{"rendered":"<p>Rei do Futebol descobriu um c\u00e2ncer de c\u00f3lon em setembro de 2021 e estava internado no Hospital Albert Einstein desde 29 de novembro. Em carta aberta sobre sonho, Pel\u00e9 disse: &#8216;A vida \u00e9 oportunidade. O que fazemos com ela cabe a cada um de n\u00f3s. Acertamos e erramos&#8217;. Edson Arantes Nascimento, o\u00a0Pel\u00e9, o maior jogador [&hellip;]<\/p>\n","protected":false},"author":1,"featured_media":72491,"comment_status":"closed","ping_status":"open","sticky":false,"template":"","format":"standard","meta":{"footnotes":""},"categories":[111,178,110],"tags":[],"class_list":["post-72490","post","type-post","status-publish","format-standard","has-post-thumbnail","hentry","category-esporteecultura","category-notadefalecimento","category-noticiasdestaque"],"_links":{"self":[{"href":"https:\/\/jorgezanoni.com.br\/2019\/wp-json\/wp\/v2\/posts\/72490","targetHints":{"allow":["GET"]}}],"collection":[{"href":"https:\/\/jorgezanoni.com.br\/2019\/wp-json\/wp\/v2\/posts"}],"about":[{"href":"https:\/\/jorgezanoni.com.br\/2019\/wp-json\/wp\/v2\/types\/post"}],"author":[{"embeddable":true,"href":"https:\/\/jorgezanoni.com.br\/2019\/wp-json\/wp\/v2\/users\/1"}],"replies":[{"embeddable":true,"href":"https:\/\/jorgezanoni.com.br\/2019\/wp-json\/wp\/v2\/comments?post=72490"}],"version-history":[{"count":1,"href":"https:\/\/jorgezanoni.com.br\/2019\/wp-json\/wp\/v2\/posts\/72490\/revisions"}],"predecessor-version":[{"id":72493,"href":"https:\/\/jorgezanoni.com.br\/2019\/wp-json\/wp\/v2\/posts\/72490\/revisions\/72493"}],"wp:featuredmedia":[{"embeddable":true,"href":"https:\/\/jorgezanoni.com.br\/2019\/wp-json\/wp\/v2\/media\/72491"}],"wp:attachment":[{"href":"https:\/\/jorgezanoni.com.br\/2019\/wp-json\/wp\/v2\/media?parent=72490"}],"wp:term":[{"taxonomy":"category","embeddable":true,"href":"https:\/\/jorgezanoni.com.br\/2019\/wp-json\/wp\/v2\/categories?post=72490"},{"taxonomy":"post_tag","embeddable":true,"href":"https:\/\/jorgezanoni.com.br\/2019\/wp-json\/wp\/v2\/tags?post=72490"}],"curies":[{"name":"wp","href":"https:\/\/api.w.org\/{rel}","templated":true}]}}