{"id":7248,"date":"2019-09-25T21:45:52","date_gmt":"2019-09-25T21:45:52","guid":{"rendered":"https:\/\/jorgezanoni.com.br\/2019\/?p=7248"},"modified":"2019-09-25T21:47:03","modified_gmt":"2019-09-25T21:47:03","slug":"profissionais-de-niveis-fundamental-medio-e-superior-podem-se-candidatar-a-concursos-publicos-no-oeste-paulista","status":"publish","type":"post","link":"https:\/\/jorgezanoni.com.br\/2019\/profissionais-de-niveis-fundamental-medio-e-superior-podem-se-candidatar-a-concursos-publicos-no-oeste-paulista\/","title":{"rendered":"Profissionais de n\u00edveis fundamental, m\u00e9dio e superior podem se candidatar a concursos p\u00fablicos no Oeste Paulista"},"content":{"rendered":"<h2 class=\"content-head__subtitle\" style=\"text-align: justify;\"><strong>H\u00e1 oportunidades em prefeituras da regi\u00e3o de Presidente Prudente, Pol\u00edcia Militar e Minist\u00e9rio P\u00fablico Estadual (MPE).<\/strong><\/h2>\n<div class=\"mc-column content-text active-extra-styles \" data-block-type=\"unstyled\" data-block-weight=\"26\" data-block-id=\"2\">\n<p class=\"content-text__container \" style=\"text-align: justify;\" data-track-category=\"Link no Texto\" data-track-links=\"\">Nesta semana, diversos concursos p\u00fablicos e processos seletivos est\u00e3o com inscri\u00e7\u00f5es abertas no Oeste Paulista voltados ao preenchimento de vagas e \u00e0 forma\u00e7\u00e3o de cadastro reserva.<\/p>\n<\/div>\n<div class=\"wall protected-content\" style=\"text-align: justify;\">\n<div class=\"mc-column content-text active-extra-styles \" data-block-type=\"unstyled\" data-block-weight=\"18\" data-block-id=\"3\">\n<p class=\"content-text__container \" data-track-category=\"Link no Texto\" data-track-links=\"\">As jornadas de trabalho, os benef\u00edcios, as fun\u00e7\u00f5es e os sal\u00e1rios variam de acordo com o cargo pretendido.<\/p>\n<\/div>\n<div class=\"mc-column content-text active-extra-styles \" data-block-type=\"unstyled\" data-block-weight=\"4\" data-block-id=\"4\">\n<p class=\"content-text__container \" data-track-category=\"Link no Texto\" data-track-links=\"\">Confira as oportunidades abaixo:<\/p>\n<\/div>\n<div class=\"mc-column content-text active-extra-styles\" data-block-type=\"raw\" data-block-weight=\"2\" data-block-id=\"5\">\n<div class=\"content-intertitle\">\n<h2>Jo\u00e3o Ramalho<\/h2>\n<\/div>\n<\/div>\n<div class=\"mc-column content-text active-extra-styles \" data-block-type=\"unstyled\" data-block-weight=\"43\" data-block-id=\"6\">\n<p class=\"content-text__container \" data-track-category=\"Link no Texto\" data-track-links=\"\">Em\u00a0<a href=\"https:\/\/g1.globo.com\/sp\/bauru-marilia\/cidade\/joao-ramalho\/\">Jo\u00e3o Ramalho\u00a0<\/a>tem concurso p\u00fablico voltado ao preenchimento de vagas e \u00e0 forma\u00e7\u00e3o de cadastro reserva. As inscri\u00e7\u00f5es v\u00e3o at\u00e9 4 de outubro,\u00a0<a href=\"http:\/\/www.cscconsultoria.com.br\/evento.php?codigo=205\" target=\"_blank\" rel=\"noopener noreferrer\">pela internet<\/a>, mediante o pagamento de taxas que v\u00e3o de R$ 17,90 a R$ 19,90.<\/p>\n<\/div>\n<div class=\"mc-column content-text active-extra-styles \" data-block-type=\"unstyled\" data-block-weight=\"22\" data-block-id=\"7\">\n<p class=\"content-text__container \" data-track-category=\"Link no Texto\" data-track-links=\"\">As oportunidades s\u00e3o para profissionais com ensino fundamental, m\u00e9dio e superior. As jornadas de trabalho variam de 20h a 40h por semana.<\/p>\n<\/div>\n<div class=\"mc-column content-text active-extra-styles \" data-block-type=\"unstyled\" data-block-weight=\"39\" data-block-id=\"8\">\n<p class=\"content-text__container \" data-track-category=\"Link no Texto\" data-track-links=\"\">Os cargos dispon\u00edveis s\u00e3o para agente de combate \u00e0s endemias (CR), auxiliar de consult\u00f3rio dent\u00e1rio (CR), secret\u00e1rio de escola (1 vaga), secret\u00e1rio do pa\u00e7o municipal (1 vaga), advogado (CR), farmac\u00eautico (CR), m\u00e9dico (1 vaga), nutricionista (CR) e psic\u00f3logo (CR).<\/p>\n<\/div>\n<div class=\"mc-column content-text active-extra-styles \" data-block-type=\"unstyled\" data-block-weight=\"10\" data-block-id=\"9\">\n<p class=\"content-text__container \" data-track-category=\"Link no Texto\" data-track-links=\"\">Os vencimentos salariais variam de R$ 1.036,45 a R$ 4.206,18.<\/p>\n<\/div>\n<div class=\"mc-column content-text active-extra-styles \" data-block-type=\"unstyled\" data-block-weight=\"19\" data-block-id=\"10\">\n<p class=\"content-text__container \" data-track-category=\"Link no Texto\" data-track-links=\"\">A previs\u00e3o \u00e9 de que a prova objetiva seja aplicada em 3 de novembro de 2019, em dois turnos.<\/p>\n<\/div>\n<div class=\"mc-column content-text active-extra-styles \" data-block-type=\"unstyled\" data-block-weight=\"10\" data-block-id=\"11\">\n<p class=\"content-text__container \" data-track-category=\"Link no Texto\" data-track-links=\"\">Mais detalhes podem ser consultados no\u00a0<a href=\"http:\/\/www.cscconsultoria.com.br\/uploads\/editaldeaberturan012019concursopublicon012019jo_oramalho.pdf\" target=\"_blank\" rel=\"noopener noreferrer\">edital<\/a>.<\/p>\n<\/div>\n<div class=\"mc-column content-text active-extra-styles\" data-block-type=\"raw\" data-block-weight=\"1\" data-block-id=\"12\">\n<div class=\"content-intertitle\">\n<h2>Luc\u00e9lia<\/h2>\n<\/div>\n<\/div>\n<div class=\"mc-column content-text active-extra-styles \" data-block-type=\"unstyled\" data-block-weight=\"32\" data-block-id=\"13\">\n<p class=\"content-text__container \" data-track-category=\"Link no Texto\" data-track-links=\"\">A Prefeitura de\u00a0<a href=\"https:\/\/g1.globo.com\/sp\/presidente-prudente-regiao\/cidade\/lucelia\/\">Luc\u00e9lia\u00a0<\/a>tem processo seletivo para docentes com inscri\u00e7\u00f5es abertas. Os interessados podem se candidatar pela\u00a0<a href=\"http:\/\/www.institutoexcelenciapr.com.br\/concurso\/Processo-Seletivo-PML002\" target=\"_blank\" rel=\"noopener noreferrer\">internet\u00a0<\/a>at\u00e9 a pr\u00f3xima segunda-feira (30). A taxa de participa\u00e7\u00e3o \u00e9 de R$ 20,02.<\/p>\n<\/div>\n<div class=\"mc-column content-text active-extra-styles \" data-block-type=\"unstyled\" data-block-weight=\"42\" data-block-id=\"15\">\n<p class=\"content-text__container \" data-track-category=\"Link no Texto\" data-track-links=\"\">O processo \u00e9 destinado \u00e0 forma\u00e7\u00e3o de cadastro reserva no cargo de professor, nas seguintes \u00e1reas: educa\u00e7\u00e3o infantil I e II; educa\u00e7\u00e3o b\u00e1sica I; educa\u00e7\u00e3o b\u00e1sica II \u2013 arte, ci\u00eancias f\u00edsicas e biol\u00f3gicas, educa\u00e7\u00e3o f\u00edsica, geografia, hist\u00f3ria, ingl\u00eas, l\u00edngua portuguesa e matem\u00e1tica.<\/p>\n<\/div>\n<div class=\"mc-column content-text active-extra-styles \" data-block-type=\"unstyled\" data-block-weight=\"28\" data-block-id=\"16\">\n<p class=\"content-text__container \" data-track-category=\"Link no Texto\" data-track-links=\"\">A jornada de trabalho vai de 18 a 33 horas semanais e a remunera\u00e7\u00e3o varia entre R$ 1.077,94 e R$ 1.941,76, mais os benef\u00edcios, conforme a \u00e1rea escolhida.<\/p>\n<\/div>\n<div class=\"mc-column content-text active-extra-styles \" data-block-type=\"unstyled\" data-block-weight=\"33\" data-block-id=\"17\">\n<p class=\"content-text__container \" data-track-category=\"Link no Texto\" data-track-links=\"\">A sele\u00e7\u00e3o ocorrer\u00e1 por meio de prova objetiva a ser aplicada na prov\u00e1vel data de 10 de novembro de 2019, em local a ser divulgado at\u00e9 cinco dias antes da data da avalia\u00e7\u00e3o.<\/p>\n<\/div>\n<div class=\"mc-column content-text active-extra-styles \" data-block-type=\"unstyled\" data-block-weight=\"5\" data-block-id=\"18\">\n<p class=\"content-text__container \" data-track-category=\"Link no Texto\" data-track-links=\"\">Tamb\u00e9m haver\u00e1 prova de t\u00edtulos.<\/p>\n<\/div>\n<div class=\"mc-column content-text active-extra-styles \" data-block-type=\"unstyled\" data-block-weight=\"7\" data-block-id=\"19\">\n<p class=\"content-text__container \" data-track-category=\"Link no Texto\" data-track-links=\"\">Mais detalhes podem ser consultados no\u00a0<a href=\"http:\/\/www.institutoexcelenciapr.com.br\/sistema\/uploads\/Edital_PS_002_2019_-_Processo_Seletivo.pdf\" target=\"_blank\" rel=\"noopener noreferrer\">edital<\/a>.<\/p>\n<\/div>\n<div class=\"mc-column content-text active-extra-styles \" data-block-type=\"unstyled\" data-block-weight=\"34\" data-block-id=\"20\">\n<p class=\"content-text__container \" data-track-category=\"Link no Texto\" data-track-links=\"\">Tamb\u00e9m pela Prefeitura de Luc\u00e9lia h\u00e1 um concurso p\u00fablico para o preenchimento de oito vagas em fun\u00e7\u00f5es de n\u00edveis alfabetizado, fundamental e superior. As inscri\u00e7\u00f5es v\u00e3o at\u00e9 14 de outubro, pela\u00a0<a href=\"http:\/\/www.institutoexcelenciapr.com.br\/concurso\/Concurso-Publico-PML0042019\" target=\"_blank\" rel=\"noopener noreferrer\">internet<\/a>.<\/p>\n<\/div>\n<div class=\"mc-column content-text active-extra-styles \" data-block-type=\"unstyled\" data-block-weight=\"26\" data-block-id=\"21\">\n<p class=\"content-text__container \" data-track-category=\"Link no Texto\" data-track-links=\"\">Os cargos a serem preenchidos s\u00e3o os de auxiliar de manuten\u00e7\u00e3o em pr\u00e9dios p\u00fablicos e logradouros (3), guarda noturno\/vigilante (3), fonoaudi\u00f3logo (1) e m\u00e9dico ortopedista (1).<\/p>\n<\/div>\n<div class=\"mc-column content-text active-extra-styles \" data-block-type=\"unstyled\" data-block-weight=\"33\" data-block-id=\"22\">\n<p class=\"content-text__container \" data-track-category=\"Link no Texto\" data-track-links=\"\">As fun\u00e7\u00f5es ser\u00e3o cumpridas em jornadas de 44h semanais, exceto para m\u00e9dico ortopedista, cuja carga hor\u00e1ria de trabalho \u00e9 de 10h semanais. O valor da remunera\u00e7\u00e3o vai de R$ 998 a R$ 2.719,07.<\/p>\n<\/div>\n<div class=\"mc-column content-text active-extra-styles \" data-block-type=\"unstyled\" data-block-weight=\"17\" data-block-id=\"23\">\n<p class=\"content-text__container \" data-track-category=\"Link no Texto\" data-track-links=\"\">A taxa de inscri\u00e7\u00e3o \u00e9 de R$ 17,78 e de R$ 20,02, conforme a fun\u00e7\u00e3o pretendida.<\/p>\n<\/div>\n<div class=\"mc-column content-text active-extra-styles \" data-block-type=\"unstyled\" data-block-weight=\"15\" data-block-id=\"24\">\n<p class=\"content-text__container \" data-track-category=\"Link no Texto\" data-track-links=\"\">A prova objetiva est\u00e1 prevista para ser aplicada em 10 de novembro de 2019.<\/p>\n<\/div>\n<div class=\"mc-column content-text active-extra-styles \" data-block-type=\"unstyled\" data-block-weight=\"15\" data-block-id=\"25\">\n<p class=\"content-text__container \" data-track-category=\"Link no Texto\" data-track-links=\"\">O\u00a0<a href=\"http:\/\/www.institutoexcelenciapr.com.br\/sistema\/uploads\/Edital_004-2019.pdf\" target=\"_blank\" rel=\"noopener noreferrer\">edital\u00a0<\/a>com mais detalhes est\u00e1 dispon\u00edvel no site da banca organizadora.<\/p>\n<\/div>\n<div class=\"mc-column content-text active-extra-styles\" data-block-type=\"raw\" data-block-weight=\"3\" data-block-id=\"26\">\n<div class=\"content-intertitle\">\n<h2>Soldado da PM<\/h2>\n<\/div>\n<\/div>\n<div class=\"mc-column content-text active-extra-styles \" data-block-type=\"unstyled\" data-block-weight=\"56\" data-block-id=\"27\">\n<p class=\"content-text__container \" data-track-category=\"Link no Texto\" data-track-links=\"\">Encerram-se nesta quarta-feira (25) as inscri\u00e7\u00f5es para ingresso na Pol\u00edcia Militar do Estado de S\u00e3o Paulo. O certame \u00e9 voltado ao preenchimento de 2,7 mil vagas para o cargo de soldado de 2\u00aa classe, destinadas a candidatos dos sexos feminino e masculino. Os interessados devem garantir a participa\u00e7\u00e3o pela\u00a0<a href=\"https:\/\/www.vunesp.com.br\/PMES1902\" target=\"_blank\" rel=\"noopener noreferrer\">internet<\/a>. A taxa \u00e9 de R$ 50.<\/p>\n<\/div>\n<div class=\"content-ads content-ads--reveal\" data-block-type=\"ads\" data-block-id=\"28\">\n<div id=\"banner_materia__1f742ed2-4854-4e2b-a185-79ff73aaa0c8\" class=\"tag-manager-publicidade-container mc-has-reveal mc-has-ad-lazyload tag-manager-publicidade-banner_materia__1f742ed2-4854-4e2b-a185-79ff73aaa0c8 tag-manager-publicidade-container--carregado tag-manager-publicidade-container--visivel\" data-id=\"banner_materia__1f742ed2-4854-4e2b-a185-79ff73aaa0c8\" data-google-query-id=\"CKe517n47OQCFQ8UswAdeboKSQ\" data-cid=\"138247988797\" data-lid=\"4836653263\">\n<div id=\"google_ads_iframe_\/95377733\/tvg_G1\/Sua_Regiao&gt;Sudeste&gt;Sao_Paulo_(Pres_Prudente)_3__container__\" style=\"box-sizing: inherit; margin: auto; padding: 0px; border: 0pt none; font: inherit; vertical-align: baseline; width: 970px; max-width: 100%; text-align: center; height: 250px;\">Podem participar pessoas com idades entre 17 e 30 anos. A altura m\u00ednima exigida para a fun\u00e7\u00e3o \u00e9 de 1,55 metro para mulheres e de 1,60 metro para homens.A prova de conhecimentos est\u00e1 prevista para ser aplicada em 24 de novembro em v\u00e1rias cidades, entre elas, Presidente Prudente. A avalia\u00e7\u00e3o \u00e9 composta por 60 quest\u00f5es divididas entre conte\u00fados de l\u00edngua portuguesa, matem\u00e1tica, conhecimentos gerais, no\u00e7\u00f5es b\u00e1sicas de inform\u00e1tica e no\u00e7\u00f5es de administra\u00e7\u00e3o p\u00fablica.<\/div>\n<div style=\"box-sizing: inherit; margin: auto; padding: 0px; border: 0pt none; font: inherit; vertical-align: baseline; width: 970px; max-width: 100%; text-align: center; height: 250px;\">O concurso p\u00fablico conta com v\u00e1rias etapas, sendo a prova de conhecimentos e testes f\u00edsicos (de car\u00e1ter classificat\u00f3rio e eliminat\u00f3rio), bem como avalia\u00e7\u00f5es m\u00e9dicas e psicol\u00f3gicas, investiga\u00e7\u00e3o de conduta social e an\u00e1lise de documentos (de car\u00e1ter eliminat\u00f3rio). O valor da remunera\u00e7\u00e3o dos aprovados \u00e9 de R$ 3.164,58.\u00a0ais detalhes podem ser consultados no <a href=\"https:\/\/documento.vunesp.com.br\/documento\/stream\/MTI5MDc1NQ%3d%3d\" target=\"_blank\" rel=\"noopener noreferrer\">edital<\/a>.<\/div>\n<div style=\"box-sizing: inherit; margin: auto; padding: 0px; border: 0pt none; font: inherit; vertical-align: baseline; width: 970px; max-width: 100%; text-align: center; height: 250px;\"><span style=\"color: #111111; font-family: Roboto, sans-serif; font-size: 27px;\">Minist\u00e9rio P\u00fablico<\/span><\/div>\n<div style=\"box-sizing: inherit; margin: auto; padding: 0px; border: 0pt none; font: inherit; vertical-align: baseline; width: 970px; max-width: 100%; text-align: center; height: 250px;\">O Minist\u00e9rio P\u00fablico do Estado de S\u00e3o Paulo (MPE-SP) est\u00e1 com inscri\u00e7\u00f5es abertas em um processo seletivo para estagi\u00e1rios na \u00e1rea de Direito. S\u00e3o 44 vagas dispon\u00edveis em\u00a0<a href=\"https:\/\/g1.globo.com\/sp\/presidente-prudente-regiao\/cidade\/presidente-prudente\/\">Presidente Prudente<\/a>.<\/div>\n<\/div>\n<\/div>\n<div class=\"mc-column content-text active-extra-styles \" data-block-type=\"unstyled\" data-block-weight=\"25\" data-block-id=\"35\">\n<p class=\"content-text__container \" data-track-category=\"Link no Texto\" data-track-links=\"\">O estagi\u00e1rio dever\u00e1 exercer suas fun\u00e7\u00f5es em regime de 20 horas semanais, distribu\u00eddas em quatro horas di\u00e1rias. O valor da remunera\u00e7\u00e3o \u00e9 de R$ 750.<\/p>\n<\/div>\n<div class=\"mc-column content-text active-extra-styles \" data-block-type=\"unstyled\" data-block-weight=\"20\" data-block-id=\"36\">\n<p class=\"content-text__container \" data-track-category=\"Link no Texto\" data-track-links=\"\">Os interessados devem efetuar inscri\u00e7\u00f5es, com taxa no valor de R$ 80, at\u00e9 as 17h desta sexta-feira (27), pela\u00a0<a href=\"https:\/\/wwwj.mpsp.mp.br\/eventosInscricao\/evento!carregarEvento.action\" target=\"_blank\" rel=\"noopener noreferrer\">internet<\/a>.<\/p>\n<\/div>\n<div class=\"mc-column content-text active-extra-styles \" data-block-type=\"unstyled\" data-block-weight=\"6\" data-block-id=\"37\">\n<p class=\"content-text__container \" data-track-category=\"Link no Texto\" data-track-links=\"\">O\u00a0<a href=\"https:\/\/docs.wixstatic.com\/ugd\/fba7a4_b1cc926d13cc417cbeea398017ad016a.pdf\" target=\"_blank\" rel=\"noopener noreferrer\">edital\u00a0<\/a>pode ser consultado aqui.<\/p>\n<\/div>\n<div class=\"mc-column content-text active-extra-styles\" data-block-type=\"raw\" data-block-weight=\"2\" data-block-id=\"38\">\n<div class=\"content-intertitle\">\n<h2>Osvaldo Cruz<\/h2>\n<\/div>\n<\/div>\n<div class=\"mc-column content-text active-extra-styles \" data-block-type=\"unstyled\" data-block-weight=\"55\" data-block-id=\"39\">\n<p class=\"content-text__container \" data-track-category=\"Link no Texto\" data-track-links=\"\">Est\u00e3o abertas, at\u00e9 o dia 11 de outubro, as inscri\u00e7\u00f5es do concurso p\u00fablico da Prefeitura de\u00a0<a href=\"https:\/\/g1.globo.com\/sp\/presidente-prudente-regiao\/cidade\/osvaldo-cruz\/\">Osvaldo Cruz<\/a>, que visa a contratar profissionais com ensino m\u00e9dio e superior para diversas \u00e1reas. A taxa de participa\u00e7\u00e3o, que deve ser garantida pela\u00a0<a href=\"http:\/\/www.institutoexcelenciapr.com.br\/concurso\/Concurso-Publico-PMOC003\" target=\"_blank\" rel=\"noopener noreferrer\">internet<\/a>, \u00e9 de R$ 13,63 e de R$ 15,67, de acordo com o cargo pretendido.<\/p>\n<\/div>\n<div class=\"mc-column content-text active-extra-styles \" data-block-type=\"unstyled\" data-block-weight=\"47\" data-block-id=\"40\">\n<p class=\"content-text__container \" data-track-category=\"Link no Texto\" data-track-links=\"\">As oportunidades dispon\u00edveis s\u00e3o para os seguintes cargos: bibliotec\u00e1rio (1 vaga), m\u00e9dico cl\u00ednico geral (1 vaga), m\u00e9dico do trabalho (1 vaga), m\u00e9dico ginecologista (1 vaga), m\u00e9dico neurologista (1 vaga), m\u00e9dico pediatra (1 vaga), m\u00e9dico psiquiatra (1 vaga), monitor de atividades art\u00edsticas (1 vaga), terapeuta ocupacional (1 vaga).<\/p>\n<\/div>\n<div class=\"mc-column content-text active-extra-styles \" data-block-type=\"unstyled\" data-block-weight=\"33\" data-block-id=\"42\">\n<p class=\"content-text__container \" data-track-category=\"Link no Texto\" data-track-links=\"\">Os profissionais devem atuar em jornadas de 10h a 40h semanais. Os sal\u00e1rios variam de R$ 1.260,22 a R$ 2.478,56 e, em alguns casos, ser\u00e1 paga a hora\/aula no valor de R$ 10,83.<\/p>\n<\/div>\n<div class=\"mc-column content-text active-extra-styles \" data-block-type=\"unstyled\" data-block-weight=\"22\" data-block-id=\"43\">\n<p class=\"content-text__container \" data-track-category=\"Link no Texto\" data-track-links=\"\">A aplica\u00e7\u00e3o da prova objetiva est\u00e1 prevista para 10 de novembro de 2019 em locais que ser\u00e3o divulgados at\u00e9 tr\u00eas dias antes.<\/p>\n<\/div>\n<div class=\"mc-column content-text active-extra-styles \" data-block-type=\"unstyled\" data-block-weight=\"8\" data-block-id=\"44\">\n<p class=\"content-text__container \" data-track-category=\"Link no Texto\" data-track-links=\"\">O\u00a0<a href=\"http:\/\/www.institutoexcelenciapr.com.br\/sistema\/uploads\/Edital_0032019.pdf\" target=\"_blank\" rel=\"noopener noreferrer\">edital\u00a0<\/a>pode ser consultado para mais detalhes.<\/p>\n<p data-track-category=\"Link no Texto\" data-track-links=\"\">Fonte: G1<\/p>\n<\/div>\n<\/div>\n<p style=\"text-align: justify;\">\n","protected":false},"excerpt":{"rendered":"<p>H\u00e1 oportunidades em prefeituras da regi\u00e3o de Presidente Prudente, Pol\u00edcia Militar e Minist\u00e9rio P\u00fablico Estadual (MPE). Nesta semana, diversos concursos p\u00fablicos e processos seletivos est\u00e3o com inscri\u00e7\u00f5es abertas no Oeste Paulista voltados ao preenchimento de vagas e \u00e0 forma\u00e7\u00e3o de cadastro reserva. As jornadas de trabalho, os benef\u00edcios, as fun\u00e7\u00f5es e os sal\u00e1rios variam de [&hellip;]<\/p>\n","protected":false},"author":1,"featured_media":7250,"comment_status":"closed","ping_status":"open","sticky":false,"template":"","format":"standard","meta":{"footnotes":""},"categories":[122],"tags":[],"class_list":["post-7248","post","type-post","status-publish","format-standard","has-post-thumbnail","hentry","category-saudeeducacaoeconcurso"],"_links":{"self":[{"href":"https:\/\/jorgezanoni.com.br\/2019\/wp-json\/wp\/v2\/posts\/7248","targetHints":{"allow":["GET"]}}],"collection":[{"href":"https:\/\/jorgezanoni.com.br\/2019\/wp-json\/wp\/v2\/posts"}],"about":[{"href":"https:\/\/jorgezanoni.com.br\/2019\/wp-json\/wp\/v2\/types\/post"}],"author":[{"embeddable":true,"href":"https:\/\/jorgezanoni.com.br\/2019\/wp-json\/wp\/v2\/users\/1"}],"replies":[{"embeddable":true,"href":"https:\/\/jorgezanoni.com.br\/2019\/wp-json\/wp\/v2\/comments?post=7248"}],"version-history":[{"count":0,"href":"https:\/\/jorgezanoni.com.br\/2019\/wp-json\/wp\/v2\/posts\/7248\/revisions"}],"wp:featuredmedia":[{"embeddable":true,"href":"https:\/\/jorgezanoni.com.br\/2019\/wp-json\/wp\/v2\/media\/7250"}],"wp:attachment":[{"href":"https:\/\/jorgezanoni.com.br\/2019\/wp-json\/wp\/v2\/media?parent=7248"}],"wp:term":[{"taxonomy":"category","embeddable":true,"href":"https:\/\/jorgezanoni.com.br\/2019\/wp-json\/wp\/v2\/categories?post=7248"},{"taxonomy":"post_tag","embeddable":true,"href":"https:\/\/jorgezanoni.com.br\/2019\/wp-json\/wp\/v2\/tags?post=7248"}],"curies":[{"name":"wp","href":"https:\/\/api.w.org\/{rel}","templated":true}]}}