{"id":72463,"date":"2022-12-28T22:22:29","date_gmt":"2022-12-28T22:22:29","guid":{"rendered":"https:\/\/jorgezanoni.com.br\/2019\/?p=72463"},"modified":"2022-12-28T22:22:29","modified_gmt":"2022-12-28T22:22:29","slug":"acao-conjunta-das-policias-civil-e-militar-prende-suspeito-de-furtas-acessorios-de-caminhao-em-panorama","status":"publish","type":"post","link":"https:\/\/jorgezanoni.com.br\/2019\/acao-conjunta-das-policias-civil-e-militar-prende-suspeito-de-furtas-acessorios-de-caminhao-em-panorama\/","title":{"rendered":"A\u00e7\u00e3o conjunta das Pol\u00edcias Civil e Militar prende suspeito de furtas acess\u00f3rios de caminh\u00e3o em Panorama"},"content":{"rendered":"<p style=\"text-align: justify;\"><strong>O homem era benefici\u00e1rio de saidinha tempor\u00e1ria de Natal. Os objetos furtados foram localizados escondido na resid\u00eancia do acusado.<\/strong><\/p>\n<p style=\"text-align: justify;\">A Pol\u00edcia Civil, por meio da Delegacia de Pol\u00edcia de Panorama, em a\u00e7\u00e3o conjunta com a Pol\u00edcia Militar, prendeu nesta quarta-feira (28), um homem de 44 anos, acusado do crime de furto qualificado. Na resid\u00eancia do suspeito os policiais localizaram e apreenderam um aparelho r\u00e1dio PX, um r\u00e1dio automotivo e uma antena para radio PX. Esses acess\u00f3rios foram subtra\u00eddos de dois caminh\u00f5es que estavam estacionados regularmente na via p\u00fablica, no bairro Nosso Teto.<br \/>\nNa manh\u00e3 desta quarta-feira (28), a v\u00edtima procurou a Delegacia de Pol\u00edcia de Panorama noticiando que haviam subtra\u00eddo acess\u00f3rios automotivos do interior de dois caminh\u00f5es de sua propriedade, que estavam estacionados na via p\u00fablica. Para furtar os objetos o suspeito &#8220;arrombo&#8221; a \u201cventu\u00ednha\u201d do lado do passageiro, acessando a cabine do caminh\u00e3o.<br \/>\nDiante do noticiado, os agentes da Pol\u00edcia Civil em companhia dos Policiais Militares, iniciaram as diligencias e com imagens de c\u00e2meras de monitoramento identificaram o suspeito, que est\u00e1 em gozo do benef\u00edcio da sa\u00edda tempor\u00e1ria de Natal.<br \/>\nO acusado foi localizado e encaminhado \u00e0 Delegacia de Pol\u00edcia de Panorama, onde negou a pr\u00e1tica do furto, mas em raz\u00e3o da fundada suspeita foi realizado uma busca no seu im\u00f3vel e encontrado os objetos furtados, que estavam escondidos embrulhados num peda\u00e7o de pano.<br \/>\nO homem foi preso em flagrante por crime de furto qualificado e passar\u00e1 por Audi\u00eancia de Cust\u00f3dia.<\/p>\n<p style=\"text-align: justify;\">Fonte: Com. Social Pol\u00edcia Civil<\/p>\n","protected":false},"excerpt":{"rendered":"<p>O homem era benefici\u00e1rio de saidinha tempor\u00e1ria de Natal. Os objetos furtados foram localizados escondido na resid\u00eancia do acusado. A Pol\u00edcia Civil, por meio da Delegacia de Pol\u00edcia de Panorama, em a\u00e7\u00e3o conjunta com a Pol\u00edcia Militar, prendeu nesta quarta-feira (28), um homem de 44 anos, acusado do crime de furto qualificado. Na resid\u00eancia do [&hellip;]<\/p>\n","protected":false},"author":1,"featured_media":72464,"comment_status":"closed","ping_status":"open","sticky":false,"template":"","format":"standard","meta":{"footnotes":""},"categories":[110,2],"tags":[],"class_list":["post-72463","post","type-post","status-publish","format-standard","has-post-thumbnail","hentry","category-noticiasdestaque","category-policial"],"_links":{"self":[{"href":"https:\/\/jorgezanoni.com.br\/2019\/wp-json\/wp\/v2\/posts\/72463","targetHints":{"allow":["GET"]}}],"collection":[{"href":"https:\/\/jorgezanoni.com.br\/2019\/wp-json\/wp\/v2\/posts"}],"about":[{"href":"https:\/\/jorgezanoni.com.br\/2019\/wp-json\/wp\/v2\/types\/post"}],"author":[{"embeddable":true,"href":"https:\/\/jorgezanoni.com.br\/2019\/wp-json\/wp\/v2\/users\/1"}],"replies":[{"embeddable":true,"href":"https:\/\/jorgezanoni.com.br\/2019\/wp-json\/wp\/v2\/comments?post=72463"}],"version-history":[{"count":1,"href":"https:\/\/jorgezanoni.com.br\/2019\/wp-json\/wp\/v2\/posts\/72463\/revisions"}],"predecessor-version":[{"id":72465,"href":"https:\/\/jorgezanoni.com.br\/2019\/wp-json\/wp\/v2\/posts\/72463\/revisions\/72465"}],"wp:featuredmedia":[{"embeddable":true,"href":"https:\/\/jorgezanoni.com.br\/2019\/wp-json\/wp\/v2\/media\/72464"}],"wp:attachment":[{"href":"https:\/\/jorgezanoni.com.br\/2019\/wp-json\/wp\/v2\/media?parent=72463"}],"wp:term":[{"taxonomy":"category","embeddable":true,"href":"https:\/\/jorgezanoni.com.br\/2019\/wp-json\/wp\/v2\/categories?post=72463"},{"taxonomy":"post_tag","embeddable":true,"href":"https:\/\/jorgezanoni.com.br\/2019\/wp-json\/wp\/v2\/tags?post=72463"}],"curies":[{"name":"wp","href":"https:\/\/api.w.org\/{rel}","templated":true}]}}