{"id":72452,"date":"2022-12-28T17:26:41","date_gmt":"2022-12-28T17:26:41","guid":{"rendered":"https:\/\/jorgezanoni.com.br\/2019\/?p=72452"},"modified":"2022-12-28T17:26:41","modified_gmt":"2022-12-28T17:26:41","slug":"morre-ventura-rangel-da-silva-que-dirigiu-o-trenzinho-da-casa-do-menor","status":"publish","type":"post","link":"https:\/\/jorgezanoni.com.br\/2019\/morre-ventura-rangel-da-silva-que-dirigiu-o-trenzinho-da-casa-do-menor\/","title":{"rendered":"Morre Ventura Rangel da Silva que dirigiu o Trenzinho da Casa do Menor"},"content":{"rendered":"<div class=\"x11i5rnm xat24cr x1mh8g0r x1vvkbs xdj266r x126k92a\">\n<div dir=\"auto\" style=\"text-align: justify;\">Comunicamos com pesar o falecimento do senhor Ventura Rangel da Silva, que dirigiu o Trenzinho da Alegria da Casa do Menor de Dracena, por 26 anos.<\/div>\n<div dir=\"auto\" style=\"text-align: justify;\"><\/div>\n<div dir=\"auto\" style=\"text-align: justify;\">Ventura faleceu em Ara\u00e7atuba e o vel\u00f3rio est\u00e1 previsto para Dracena, onde residiu por muitos anos. O corpo ser\u00e1 cremado em Ara\u00e7atuba.<\/div>\n<div dir=\"auto\" style=\"text-align: justify;\"><\/div>\n<div dir=\"auto\" style=\"text-align: justify;\">Deixa\u00a0 a esposa S\u00f4nia e os filhos Anderson, Vanessa, L\u00edvia e Alexandra (j\u00e1 falecida).<\/div>\n<div dir=\"auto\" style=\"text-align: justify;\"><\/div>\n<\/div>\n<div class=\"x11i5rnm xat24cr x1mh8g0r x1vvkbs xtlvy1s x126k92a\">\n<div dir=\"auto\" style=\"text-align: justify;\">Dracena teve por muitos anos um trenzinho que passeava pelo centro da cidade, com renda para a Casa do Menor (depois Casa da Crian\u00e7a). O volunt\u00e1rio que por mais tempo conduziu o trenzinho foi Ventura Rangel da Silva, que colaborou at\u00e9 o final de 2012. Foram 26 anos de trabalho com o trenzinho, informou Ventura na \u00e9poca.<\/div>\n<\/div>\n<div dir=\"auto\"><\/div>\n<div dir=\"auto\"><img loading=\"lazy\" decoding=\"async\" class=\"alignnone size-full wp-image-72453\" src=\"https:\/\/jorgezanoni.com.br\/2019\/wp-content\/uploads\/2022\/12\/ventiura.jpg\" alt=\"\" width=\"433\" height=\"342\" srcset=\"https:\/\/jorgezanoni.com.br\/2019\/wp-content\/uploads\/2022\/12\/ventiura.jpg 433w, https:\/\/jorgezanoni.com.br\/2019\/wp-content\/uploads\/2022\/12\/ventiura-300x237.jpg 300w\" sizes=\"auto, (max-width: 433px) 100vw, 433px\" \/> <img loading=\"lazy\" decoding=\"async\" class=\"alignnone size-full wp-image-72454\" src=\"https:\/\/jorgezanoni.com.br\/2019\/wp-content\/uploads\/2022\/12\/ventura-1.jpg\" alt=\"\" width=\"372\" height=\"279\" srcset=\"https:\/\/jorgezanoni.com.br\/2019\/wp-content\/uploads\/2022\/12\/ventura-1.jpg 372w, https:\/\/jorgezanoni.com.br\/2019\/wp-content\/uploads\/2022\/12\/ventura-1-300x225.jpg 300w, https:\/\/jorgezanoni.com.br\/2019\/wp-content\/uploads\/2022\/12\/ventura-1-80x60.jpg 80w, https:\/\/jorgezanoni.com.br\/2019\/wp-content\/uploads\/2022\/12\/ventura-1-265x198.jpg 265w\" sizes=\"auto, (max-width: 372px) 100vw, 372px\" \/> <img loading=\"lazy\" decoding=\"async\" class=\"alignnone size-full wp-image-72455\" src=\"https:\/\/jorgezanoni.com.br\/2019\/wp-content\/uploads\/2022\/12\/ventura2.jpg\" alt=\"\" width=\"471\" height=\"352\" srcset=\"https:\/\/jorgezanoni.com.br\/2019\/wp-content\/uploads\/2022\/12\/ventura2.jpg 471w, https:\/\/jorgezanoni.com.br\/2019\/wp-content\/uploads\/2022\/12\/ventura2-300x224.jpg 300w, https:\/\/jorgezanoni.com.br\/2019\/wp-content\/uploads\/2022\/12\/ventura2-80x60.jpg 80w, https:\/\/jorgezanoni.com.br\/2019\/wp-content\/uploads\/2022\/12\/ventura2-265x198.jpg 265w\" sizes=\"auto, (max-width: 471px) 100vw, 471px\" \/> <img loading=\"lazy\" decoding=\"async\" class=\"alignnone size-full wp-image-72456\" src=\"https:\/\/jorgezanoni.com.br\/2019\/wp-content\/uploads\/2022\/12\/ventura3.jpg\" alt=\"\" width=\"1600\" height=\"1097\" srcset=\"https:\/\/jorgezanoni.com.br\/2019\/wp-content\/uploads\/2022\/12\/ventura3.jpg 1600w, https:\/\/jorgezanoni.com.br\/2019\/wp-content\/uploads\/2022\/12\/ventura3-300x206.jpg 300w, https:\/\/jorgezanoni.com.br\/2019\/wp-content\/uploads\/2022\/12\/ventura3-1024x702.jpg 1024w, https:\/\/jorgezanoni.com.br\/2019\/wp-content\/uploads\/2022\/12\/ventura3-768x527.jpg 768w, https:\/\/jorgezanoni.com.br\/2019\/wp-content\/uploads\/2022\/12\/ventura3-1536x1053.jpg 1536w, https:\/\/jorgezanoni.com.br\/2019\/wp-content\/uploads\/2022\/12\/ventura3-100x70.jpg 100w, https:\/\/jorgezanoni.com.br\/2019\/wp-content\/uploads\/2022\/12\/ventura3-218x150.jpg 218w, https:\/\/jorgezanoni.com.br\/2019\/wp-content\/uploads\/2022\/12\/ventura3-696x477.jpg 696w, https:\/\/jorgezanoni.com.br\/2019\/wp-content\/uploads\/2022\/12\/ventura3-1068x732.jpg 1068w, https:\/\/jorgezanoni.com.br\/2019\/wp-content\/uploads\/2022\/12\/ventura3-613x420.jpg 613w\" sizes=\"auto, (max-width: 1600px) 100vw, 1600px\" \/> <img loading=\"lazy\" decoding=\"async\" class=\"alignnone size-full wp-image-72457\" src=\"https:\/\/jorgezanoni.com.br\/2019\/wp-content\/uploads\/2022\/12\/ventura4.jpg\" alt=\"\" width=\"442\" height=\"357\" srcset=\"https:\/\/jorgezanoni.com.br\/2019\/wp-content\/uploads\/2022\/12\/ventura4.jpg 442w, https:\/\/jorgezanoni.com.br\/2019\/wp-content\/uploads\/2022\/12\/ventura4-300x242.jpg 300w\" sizes=\"auto, (max-width: 442px) 100vw, 442px\" \/><\/div>\n<div class=\"x11i5rnm xat24cr x1mh8g0r x1vvkbs xtlvy1s x126k92a\">\n<div dir=\"auto\"><\/div>\n<div dir=\"auto\" style=\"text-align: justify;\">(Aguarde mais informa\u00e7\u00f5es)<\/div>\n<div dir=\"auto\"><\/div>\n<div dir=\"auto\">Fonte: Bastidores da Not\u00edcia<\/div>\n<\/div>\n<div dir=\"auto\"><\/div>\n<div dir=\"auto\">NOTA: O Site JZ se solidariza com a fam\u00edlia e amigos neste dif\u00edcil momento.<\/div>\n<div dir=\"auto\"><\/div>\n<div dir=\"auto\">Jorge Zanoni<\/div>\n","protected":false},"excerpt":{"rendered":"<p>Comunicamos com pesar o falecimento do senhor Ventura Rangel da Silva, que dirigiu o Trenzinho da Alegria da Casa do Menor de Dracena, por 26 anos. Ventura faleceu em Ara\u00e7atuba e o vel\u00f3rio est\u00e1 previsto para Dracena, onde residiu por muitos anos. O corpo ser\u00e1 cremado em Ara\u00e7atuba. Deixa\u00a0 a esposa S\u00f4nia e os filhos [&hellip;]<\/p>\n","protected":false},"author":1,"featured_media":72458,"comment_status":"closed","ping_status":"open","sticky":false,"template":"","format":"standard","meta":{"footnotes":""},"categories":[178,110],"tags":[],"class_list":["post-72452","post","type-post","status-publish","format-standard","has-post-thumbnail","hentry","category-notadefalecimento","category-noticiasdestaque"],"_links":{"self":[{"href":"https:\/\/jorgezanoni.com.br\/2019\/wp-json\/wp\/v2\/posts\/72452","targetHints":{"allow":["GET"]}}],"collection":[{"href":"https:\/\/jorgezanoni.com.br\/2019\/wp-json\/wp\/v2\/posts"}],"about":[{"href":"https:\/\/jorgezanoni.com.br\/2019\/wp-json\/wp\/v2\/types\/post"}],"author":[{"embeddable":true,"href":"https:\/\/jorgezanoni.com.br\/2019\/wp-json\/wp\/v2\/users\/1"}],"replies":[{"embeddable":true,"href":"https:\/\/jorgezanoni.com.br\/2019\/wp-json\/wp\/v2\/comments?post=72452"}],"version-history":[{"count":1,"href":"https:\/\/jorgezanoni.com.br\/2019\/wp-json\/wp\/v2\/posts\/72452\/revisions"}],"predecessor-version":[{"id":72459,"href":"https:\/\/jorgezanoni.com.br\/2019\/wp-json\/wp\/v2\/posts\/72452\/revisions\/72459"}],"wp:featuredmedia":[{"embeddable":true,"href":"https:\/\/jorgezanoni.com.br\/2019\/wp-json\/wp\/v2\/media\/72458"}],"wp:attachment":[{"href":"https:\/\/jorgezanoni.com.br\/2019\/wp-json\/wp\/v2\/media?parent=72452"}],"wp:term":[{"taxonomy":"category","embeddable":true,"href":"https:\/\/jorgezanoni.com.br\/2019\/wp-json\/wp\/v2\/categories?post=72452"},{"taxonomy":"post_tag","embeddable":true,"href":"https:\/\/jorgezanoni.com.br\/2019\/wp-json\/wp\/v2\/tags?post=72452"}],"curies":[{"name":"wp","href":"https:\/\/api.w.org\/{rel}","templated":true}]}}