{"id":72437,"date":"2022-12-27T22:48:27","date_gmt":"2022-12-27T22:48:27","guid":{"rendered":"https:\/\/jorgezanoni.com.br\/2019\/?p=72437"},"modified":"2022-12-27T22:48:27","modified_gmt":"2022-12-27T22:48:27","slug":"novo-ano-novo-ou-ano-novo-ano-por-sergio-barbosa","status":"publish","type":"post","link":"https:\/\/jorgezanoni.com.br\/2019\/novo-ano-novo-ou-ano-novo-ano-por-sergio-barbosa\/","title":{"rendered":"Novo ano novo ou ano novo ano&#8230;(por S\u00e9rgio Barbosa)"},"content":{"rendered":"<p style=\"text-align: justify;\"><strong>NOVO ANO NOVO ou ANO NOVO ANO&#8230;<\/strong><\/p>\n<p style=\"text-align: justify;\"><strong><em>\u201cEmbora ningu\u00e9m possa voltar atr\u00e1s e fazer um novo come\u00e7o, qualquer um pode come\u00e7ar agora e fazer um novo fim.\u201d (<\/em><\/strong><a href=\"https:\/\/www.pensador.com\/autor\/james_r_sherman\/\"><strong><em>James R. Sherman<\/em><\/strong><strong><em>\u00a0<\/em><\/strong><\/a><strong><em>)<\/em><\/strong><\/p>\n<p style=\"text-align: justify;\"><strong>S\u00e9rgio Barbosa (*)<\/strong><\/p>\n<p style=\"text-align: justify;\">Isso mesmo meu caro leitor ou leitora, aproxima-se o final de mais um ano e encerra-se 6 ANOS dos DESGOVERNOS do VAMPIRO e deste GENOCIDA, assim, espera-se que um NOVO TEMPO NOVO possa trazer de volta os ares democr\u00e1ticos para todos e todas&#8230;<\/p>\n<p style=\"text-align: justify;\">O lament\u00e1vel nestes \u00faltimos anos, ainda, mais precisamente no per\u00edodo da PANDEMIA, quando morreram quase 700 mil brasileiros\/as, quando o DESGOVERNO BOZZONARO \u201cfingiu\u201d que nada estava ocorrendo em n\u00edvel mundial e deu no que deu&#8230;<\/p>\n<p style=\"text-align: justify;\">Entretanto, aproveitando o momento, nestas \u00faltimas elei\u00e7\u00f5es, ou seja, no primeiro e segundo turnos, o GENOCIDA que nada executou quanto aos procedimentos visando a PANDEMIA, obteve milh\u00f5es de votos de apoio dos\/as eleitores\/as, bem como, nesta regi\u00e3o de MENTES MEDR\u00cdOCRES, conseguiu margem superior aos 70% de aprova\u00e7\u00e3o&#8230;<\/p>\n<p style=\"text-align: justify;\">Entretanto, PERDERAM MAN\u00c9S, isso mesmo, agora, voc\u00eas que s\u00e3o as denominadas MENTES MED\u00cdOCRES por este articulista, tendo em vista que os BOVINOS merecem respeito e considera\u00e7\u00e3o&#8230;<\/p>\n<p style=\"text-align: justify;\">Que seja um ANO NOVO ANO para um NOVO ANO NOVO para todos\/as, tendo em vista que a MAIORIA faz a diferen\u00e7a na DEMOCRACIA e assim por diante, tamb\u00e9m, espera-se que aquela turma dos\/as PATRIOT\u00c1RIOS\/AS que est\u00e3o acampados em frente as UNIDADES MILITARES com suas camisetas amarelas, faixas e gritos, aceitem de uma vez por todas que PERDER faz parte do JOGO&#8230;<\/p>\n<p style=\"text-align: justify;\">Tamb\u00e9m, essa CAMBADA DE ALOPRADOS\/AS ser\u00e3o penalizados de um jeito ou de outro, tendo em vista que est\u00e3o se manifestando contra a DEMOCRACIA, portanto, merecem uma PUNI\u00c7\u00c3O EXEMPLAR por parte das autoridades constitu\u00eddas, isso \u00e9, depois do dia 1 de janeiro de 2.023&#8230;<\/p>\n<p style=\"text-align: justify;\">O lado complicado em n\u00edvel regional est\u00e1 com o NOVO GOVERNO ESTADUAL, todavia, neste caso entre os ocasos de um talvez, cada ESTADO com suas escolhas, mas, fica o meu protesto quanto a tal escolha democr\u00e1tica e assim por diante&#8230;<\/p>\n<p style=\"text-align: justify;\">O momento \u00e9 para muitas REFLEX\u00d5ES sobre tudo e todos, ainda, considerando que o DESGOVERNO BOZZONARO causou um RETROCESSO neste PA\u00cdS DO FAZ DE CONTA de d\u00e9cadas, isso em todas as \u00e1reas por meio de uma EQUIPE DE MED\u00cdOCRES&#8230;<\/p>\n<p style=\"text-align: justify;\">Desta forma, a partir do nosso pr\u00f3ximo encontro, ou seja, na semana pr\u00f3xima, fica enterrado de vez o PA\u00cdS DO FAZ DE CONTA nos textos postados, haja vista que a REFLEX\u00c3O CR\u00cdTICA vai continuar norteando o redatorial e ponto quase final&#8230;<\/p>\n<p style=\"text-align: justify;\">Pra voc\u00ea n\u00e3o esquecer quanto ao DESGOVERNO BOZZONARO: EU AVISEI&#8230; ELLE N\u00c3O&#8230; O COISO&#8230;<\/p>\n<p style=\"text-align: justify;\">QUEM SOBREVIVER VAI SABER!<\/p>\n<p style=\"text-align: justify;\"><em>______________________________<\/em><\/p>\n<p style=\"text-align: justify;\"><em>(*) jornalista diplomado<\/em><\/p>\n<p style=\"text-align: justify;\"><em>e-mal: <\/em><a href=\"mailto:barbosa.sebar@gmail.com\"><em>barbosa.sebar@gmail.com<\/em><\/a><\/p>\n<p>&nbsp;<\/p>\n","protected":false},"excerpt":{"rendered":"<p>NOVO ANO NOVO ou ANO NOVO ANO&#8230; \u201cEmbora ningu\u00e9m possa voltar atr\u00e1s e fazer um novo come\u00e7o, qualquer um pode come\u00e7ar agora e fazer um novo fim.\u201d (James R. Sherman\u00a0) S\u00e9rgio Barbosa (*) Isso mesmo meu caro leitor ou leitora, aproxima-se o final de mais um ano e encerra-se 6 ANOS dos DESGOVERNOS do VAMPIRO [&hellip;]<\/p>\n","protected":false},"author":1,"featured_media":72438,"comment_status":"closed","ping_status":"open","sticky":false,"template":"","format":"standard","meta":{"footnotes":""},"categories":[175],"tags":[],"class_list":["post-72437","post","type-post","status-publish","format-standard","has-post-thumbnail","hentry","category-artigos"],"_links":{"self":[{"href":"https:\/\/jorgezanoni.com.br\/2019\/wp-json\/wp\/v2\/posts\/72437","targetHints":{"allow":["GET"]}}],"collection":[{"href":"https:\/\/jorgezanoni.com.br\/2019\/wp-json\/wp\/v2\/posts"}],"about":[{"href":"https:\/\/jorgezanoni.com.br\/2019\/wp-json\/wp\/v2\/types\/post"}],"author":[{"embeddable":true,"href":"https:\/\/jorgezanoni.com.br\/2019\/wp-json\/wp\/v2\/users\/1"}],"replies":[{"embeddable":true,"href":"https:\/\/jorgezanoni.com.br\/2019\/wp-json\/wp\/v2\/comments?post=72437"}],"version-history":[{"count":1,"href":"https:\/\/jorgezanoni.com.br\/2019\/wp-json\/wp\/v2\/posts\/72437\/revisions"}],"predecessor-version":[{"id":72439,"href":"https:\/\/jorgezanoni.com.br\/2019\/wp-json\/wp\/v2\/posts\/72437\/revisions\/72439"}],"wp:featuredmedia":[{"embeddable":true,"href":"https:\/\/jorgezanoni.com.br\/2019\/wp-json\/wp\/v2\/media\/72438"}],"wp:attachment":[{"href":"https:\/\/jorgezanoni.com.br\/2019\/wp-json\/wp\/v2\/media?parent=72437"}],"wp:term":[{"taxonomy":"category","embeddable":true,"href":"https:\/\/jorgezanoni.com.br\/2019\/wp-json\/wp\/v2\/categories?post=72437"},{"taxonomy":"post_tag","embeddable":true,"href":"https:\/\/jorgezanoni.com.br\/2019\/wp-json\/wp\/v2\/tags?post=72437"}],"curies":[{"name":"wp","href":"https:\/\/api.w.org\/{rel}","templated":true}]}}