{"id":72430,"date":"2022-12-27T22:26:29","date_gmt":"2022-12-27T22:26:29","guid":{"rendered":"https:\/\/jorgezanoni.com.br\/2019\/?p=72430"},"modified":"2022-12-27T22:27:11","modified_gmt":"2022-12-27T22:27:11","slug":"policia-militar-prende-mae-em-flagrante-por-maus-tratos-a-filha-em-dracena","status":"publish","type":"post","link":"https:\/\/jorgezanoni.com.br\/2019\/policia-militar-prende-mae-em-flagrante-por-maus-tratos-a-filha-em-dracena\/","title":{"rendered":"Pol\u00edcia Militar prende m\u00e3e em flagrante por maus tratos \u00e0 filha em Dracena"},"content":{"rendered":"<p style=\"text-align: justify;\">NA DATA DE ONTEM (26) POR VOLTA DAS 20H10MIN A EQUIPE DA POL\u00cdCIA MILITAR EM DRACENA FOI ACIONADA VIA 190 A COMPARECER NO LOCAL DOS FATOS BAIRRO PAULO VENDRAMIN PARA ATENDIMENTO DE OCORR\u00caNCIA DE MAUS TRATOS A CRIAN\u00c7A. NO LOCAL DO FATO TESTEMUNHA RELATOU A EQUIPE QUE UMA CRIAN\u00c7A (FEMININO) DE 1 ANO E MEIO VEM SOFRENDO AGRESS\u00c3O DE SUA GENITORA (19 ANOS) INCLUSIVE FILMADO PELO SOLICITANTE, (HOMEM DE 38 ANOS), PROPRIET\u00c1RIO DA RESID\u00caNCIA.<br \/>\nEM CONTATO COM A GENITORA\/AUTUADA, ESTA EM MOMENTO ALGUM NEGOU AS AGRESS\u00d5ES, T\u00c3O POUCO MOSTRAVA ALGUM ARREPENDIMENTO DOS ATOS PRATICADOS CONTRA A SUA FILHA DEMONSTRANDO FRIEZA DIZENDO QUE FEZ TUDO PARA EDUCAR A CRIAN\u00c7A. COMO A CRIAN\u00c7A ESTAVA PRESENTE, FOI POSSIVEL VER V\u00c1RIOS HEMATOMAS PELO CORPO.<br \/>\nDIANTE DO EXPOSTO FOI ACIONADO O CONSELHO TUTELAR QUE COMPARECEU PARA ACOMPANHAR A OCORR\u00caNCIA.<br \/>\nCOMPARECEU AINDA O GENITOR DA CRIAN\u00c7A QUE \u00c9 SEPARADO DA M\u00c3E E FICOU COM A CUST\u00d3DIA DA CRIAN\u00c7A. IMPORTANTE MENCIONAR QUE A CRIAN\u00c7A FOI CONDUZIDA AO PRONTO ATENDIMENTO MUNICIPAL E O M\u00c9DICO DE PLANT\u00c3O ATESTOU AS LES\u00d5ES PELO CORPO DA CRIAN\u00c7A.<br \/>\nA AUTORA FOI PRESA EM FLAGRANTE PELO ART 129 PARAG 9 E 136 CAPUT, PERMANECENDO A DISPOSI\u00c7\u00c3O DA JUSTI\u00c7A.<\/p>\n<p>Fonte: Com. Social Pol\u00edcia Militar<\/p>\n","protected":false},"excerpt":{"rendered":"<p>NA DATA DE ONTEM (26) POR VOLTA DAS 20H10MIN A EQUIPE DA POL\u00cdCIA MILITAR EM DRACENA FOI ACIONADA VIA 190 A COMPARECER NO LOCAL DOS FATOS BAIRRO PAULO VENDRAMIN PARA ATENDIMENTO DE OCORR\u00caNCIA DE MAUS TRATOS A CRIAN\u00c7A. NO LOCAL DO FATO TESTEMUNHA RELATOU A EQUIPE QUE UMA CRIAN\u00c7A (FEMININO) DE 1 ANO E MEIO [&hellip;]<\/p>\n","protected":false},"author":1,"featured_media":72432,"comment_status":"closed","ping_status":"open","sticky":false,"template":"","format":"standard","meta":{"footnotes":""},"categories":[110,2],"tags":[],"class_list":["post-72430","post","type-post","status-publish","format-standard","has-post-thumbnail","hentry","category-noticiasdestaque","category-policial"],"_links":{"self":[{"href":"https:\/\/jorgezanoni.com.br\/2019\/wp-json\/wp\/v2\/posts\/72430","targetHints":{"allow":["GET"]}}],"collection":[{"href":"https:\/\/jorgezanoni.com.br\/2019\/wp-json\/wp\/v2\/posts"}],"about":[{"href":"https:\/\/jorgezanoni.com.br\/2019\/wp-json\/wp\/v2\/types\/post"}],"author":[{"embeddable":true,"href":"https:\/\/jorgezanoni.com.br\/2019\/wp-json\/wp\/v2\/users\/1"}],"replies":[{"embeddable":true,"href":"https:\/\/jorgezanoni.com.br\/2019\/wp-json\/wp\/v2\/comments?post=72430"}],"version-history":[{"count":2,"href":"https:\/\/jorgezanoni.com.br\/2019\/wp-json\/wp\/v2\/posts\/72430\/revisions"}],"predecessor-version":[{"id":72433,"href":"https:\/\/jorgezanoni.com.br\/2019\/wp-json\/wp\/v2\/posts\/72430\/revisions\/72433"}],"wp:featuredmedia":[{"embeddable":true,"href":"https:\/\/jorgezanoni.com.br\/2019\/wp-json\/wp\/v2\/media\/72432"}],"wp:attachment":[{"href":"https:\/\/jorgezanoni.com.br\/2019\/wp-json\/wp\/v2\/media?parent=72430"}],"wp:term":[{"taxonomy":"category","embeddable":true,"href":"https:\/\/jorgezanoni.com.br\/2019\/wp-json\/wp\/v2\/categories?post=72430"},{"taxonomy":"post_tag","embeddable":true,"href":"https:\/\/jorgezanoni.com.br\/2019\/wp-json\/wp\/v2\/tags?post=72430"}],"curies":[{"name":"wp","href":"https:\/\/api.w.org\/{rel}","templated":true}]}}