{"id":72427,"date":"2022-12-27T15:21:44","date_gmt":"2022-12-27T15:21:44","guid":{"rendered":"https:\/\/jorgezanoni.com.br\/2019\/?p=72427"},"modified":"2022-12-27T15:21:44","modified_gmt":"2022-12-27T15:21:44","slug":"predio-do-shopping-de-dracena-e-adquirido-por-r-2-milhoes","status":"publish","type":"post","link":"https:\/\/jorgezanoni.com.br\/2019\/predio-do-shopping-de-dracena-e-adquirido-por-r-2-milhoes\/","title":{"rendered":"Pr\u00e9dio do Shopping de Dracena \u00e9 adquirido por R$ 2 Milh\u00f5es"},"content":{"rendered":"<p style=\"font-weight: 400; text-align: justify;\">Um casal de investidores de Junqueir\u00f3polis vai pagar R$ 1 milh\u00e3o \u00e0 vista e 12 parcelas de R$ 83.334,00, al\u00e9m da taxa de corretagem de 10%. A proposta foi homologada pela Justi\u00e7a do Trabalho em novembro.<\/p>\n<p style=\"font-weight: 400; text-align: justify;\">O valor de R$ 2 milh\u00f5es equivale a 53% da avalia\u00e7\u00e3o de R$ 3,7 milh\u00f5es, o que o juiz considerou razo\u00e1vel.<\/p>\n<p style=\"text-align: justify;\">H\u00e1 d\u00edvida trabalhista de R$ 730 mil para 14 ex-funcion\u00e1rios. Aguarde mais informa\u00e7\u00f5es sobre a negocia\u00e7\u00e3o que pode resolver o problema do pr\u00e9dio inacabado no centro de Dracena.<\/p>\n<p style=\"text-align: justify;\">Fonte: Bastidores da Noticia<\/p>\n","protected":false},"excerpt":{"rendered":"<p>Um casal de investidores de Junqueir\u00f3polis vai pagar R$ 1 milh\u00e3o \u00e0 vista e 12 parcelas de R$ 83.334,00, al\u00e9m da taxa de corretagem de 10%. A proposta foi homologada pela Justi\u00e7a do Trabalho em novembro. O valor de R$ 2 milh\u00f5es equivale a 53% da avalia\u00e7\u00e3o de R$ 3,7 milh\u00f5es, o que o juiz [&hellip;]<\/p>\n","protected":false},"author":1,"featured_media":72428,"comment_status":"closed","ping_status":"open","sticky":false,"template":"","format":"standard","meta":{"footnotes":""},"categories":[179,184,110],"tags":[],"class_list":["post-72427","post","type-post","status-publish","format-standard","has-post-thumbnail","hentry","category-cidadeseregiao","category-dracena","category-noticiasdestaque"],"_links":{"self":[{"href":"https:\/\/jorgezanoni.com.br\/2019\/wp-json\/wp\/v2\/posts\/72427","targetHints":{"allow":["GET"]}}],"collection":[{"href":"https:\/\/jorgezanoni.com.br\/2019\/wp-json\/wp\/v2\/posts"}],"about":[{"href":"https:\/\/jorgezanoni.com.br\/2019\/wp-json\/wp\/v2\/types\/post"}],"author":[{"embeddable":true,"href":"https:\/\/jorgezanoni.com.br\/2019\/wp-json\/wp\/v2\/users\/1"}],"replies":[{"embeddable":true,"href":"https:\/\/jorgezanoni.com.br\/2019\/wp-json\/wp\/v2\/comments?post=72427"}],"version-history":[{"count":1,"href":"https:\/\/jorgezanoni.com.br\/2019\/wp-json\/wp\/v2\/posts\/72427\/revisions"}],"predecessor-version":[{"id":72429,"href":"https:\/\/jorgezanoni.com.br\/2019\/wp-json\/wp\/v2\/posts\/72427\/revisions\/72429"}],"wp:featuredmedia":[{"embeddable":true,"href":"https:\/\/jorgezanoni.com.br\/2019\/wp-json\/wp\/v2\/media\/72428"}],"wp:attachment":[{"href":"https:\/\/jorgezanoni.com.br\/2019\/wp-json\/wp\/v2\/media?parent=72427"}],"wp:term":[{"taxonomy":"category","embeddable":true,"href":"https:\/\/jorgezanoni.com.br\/2019\/wp-json\/wp\/v2\/categories?post=72427"},{"taxonomy":"post_tag","embeddable":true,"href":"https:\/\/jorgezanoni.com.br\/2019\/wp-json\/wp\/v2\/tags?post=72427"}],"curies":[{"name":"wp","href":"https:\/\/api.w.org\/{rel}","templated":true}]}}