{"id":72414,"date":"2022-12-26T15:30:18","date_gmt":"2022-12-26T15:30:18","guid":{"rendered":"https:\/\/jorgezanoni.com.br\/2019\/?p=72414"},"modified":"2022-12-26T15:30:18","modified_gmt":"2022-12-26T15:30:18","slug":"morre-ex-prefeito-de-pauliceia-ronney-antonio-ferreira-aos-57-anos","status":"publish","type":"post","link":"https:\/\/jorgezanoni.com.br\/2019\/morre-ex-prefeito-de-pauliceia-ronney-antonio-ferreira-aos-57-anos\/","title":{"rendered":"Morre ex-prefeito de Paulic\u00e9ia, Ronney Antonio Ferreira, aos 57 anos"},"content":{"rendered":"<h2 class=\"content-head__subtitle\" style=\"text-align: justify;\"><strong>O sepultamento ser\u00e1 realizado nesta ter\u00e7a-feira (27), no Cemit\u00e9rio Municipal de Paulic\u00e9ia. O vel\u00f3rio acontece na C\u00e2mara Municipal. Os hor\u00e1rios ainda n\u00e3o foram divulgados.<\/strong><\/h2>\n<div id=\"chunk-uk9g\">\n<div class=\"mc-column content-text active-extra-styles \" data-block-type=\"unstyled\" data-block-weight=\"17\" data-block-id=\"3\">\n<p class=\"content-text__container \" style=\"text-align: justify;\" data-track-category=\"Link no Texto\" data-track-links=\"\">O ex-prefeito de\u00a0<a href=\"https:\/\/g1.globo.com\/sp\/presidente-prudente-regiao\/cidade\/pauliceia\/\">Paulic\u00e9ia (SP)<\/a>, Ronney Antonio Ferreira, morreu na madrugada desta segunda-feira (26), aos 57 anos.<\/p>\n<\/div>\n<\/div>\n<div class=\"wall protected-content\">\n<div id=\"chunk-5o3n1\" style=\"text-align: justify;\">\n<div class=\"mc-column content-text active-extra-styles \" data-block-type=\"unstyled\" data-block-weight=\"17\" data-block-id=\"4\">\n<p class=\"content-text__container \" data-track-category=\"Link no Texto\" data-track-links=\"\">Ronney faleceu em decorr\u00eancia de uma infec\u00e7\u00e3o generalizada (septicemia), em\u00a0<a href=\"https:\/\/g1.globo.com\/ms\/mato-grosso-do-sul\/cidade\/nova-andradina\/\">Nova Andradina (MS)<\/a>, onde visitava um filho.<\/p>\n<\/div>\n<\/div>\n<div id=\"chunk-78q7k\" style=\"text-align: justify;\">\n<div class=\"mc-column content-text active-extra-styles \" data-block-type=\"unstyled\" data-block-weight=\"20\" data-block-id=\"5\">\n<p class=\"content-text__container \" data-track-category=\"Link no Texto\" data-track-links=\"\">Ele foi prefeito de Paulic\u00e9ia por duas vezes e trabalhava como dentista, em\u00a0<a href=\"https:\/\/g1.globo.com\/sp\/presidente-prudente-regiao\/cidade\/santo-expedito\/\">Santo Expedito (SP)<\/a>, onde morava atualmente.<\/p>\n<\/div>\n<\/div>\n<div id=\"chunk-6hi65\" style=\"text-align: justify;\">\n<div class=\"mc-column content-text active-extra-styles \" data-block-type=\"unstyled\" data-block-weight=\"18\" data-block-id=\"6\">\n<p class=\"content-text__container \" data-track-category=\"Link no Texto\" data-track-links=\"\">O cunhado do ex-prefeito, Marcelo S\u00e1vio do Amaral, disse ao\u00a0<a href=\"https:\/\/g1.globo.com\/sp\/presidente-prudente-regiao\/\">g1<\/a> que ele era uma \u201cpessoa muito sol\u00edcita\u201d.<\/p>\n<\/div>\n<\/div>\n<div class=\"mc-column content-text active-extra-styles\" style=\"text-align: justify;\" data-block-type=\"raw\" data-block-weight=\"27\" data-block-id=\"7\">\n<blockquote class=\"content-blockquote theme-border-color-primary-before\"><p>&#8220;Ele era muito tranquilo, muito sol\u00edcito e sempre queria ajudar as pessoas. Era um cara bem popular. Tudo que era dele, era de todo mundo&#8221;, pontuou Amaral.<\/p><\/blockquote>\n<\/div>\n<div id=\"chunk-d5j7d\">\n<div class=\"mc-column content-text active-extra-styles \" data-block-type=\"unstyled\" data-block-weight=\"9\" data-block-id=\"8\">\n<p class=\"content-text__container \" style=\"text-align: justify;\" data-track-category=\"Link no Texto\" data-track-links=\"\">Ronney Antonio Ferreira deixa quatro filhos e quatro netos.<\/p>\n<div class=\"mc-column content-text active-extra-styles\" style=\"text-align: justify;\" data-block-type=\"raw\" data-block-weight=\"1\" data-block-id=\"10\">\n<div class=\"content-intertitle\">\n<h2>Sepultamento<\/h2>\n<\/div>\n<\/div>\n<div id=\"chunk-8oed2\">\n<div class=\"mc-column content-text active-extra-styles \" data-block-type=\"unstyled\" data-block-weight=\"30\" data-block-id=\"11\">\n<p class=\"content-text__container \" style=\"text-align: justify;\" data-track-category=\"Link no Texto\" data-track-links=\"\">O sepultamento do corpo de Ronney Antonio Ferreira ser\u00e1 realizado nesta ter\u00e7a-feira (27), no Cemit\u00e9rio Municipal de Paulic\u00e9ia. O vel\u00f3rio ser\u00e1 na C\u00e2mara Municipal. Os hor\u00e1rios ainda n\u00e3o foram divulgados.<\/p>\n<p style=\"text-align: justify;\" data-track-category=\"Link no Texto\" data-track-links=\"\">Fonte: G1<\/p>\n<\/div>\n<\/div>\n<\/div>\n<\/div>\n<\/div>\n","protected":false},"excerpt":{"rendered":"<p>O sepultamento ser\u00e1 realizado nesta ter\u00e7a-feira (27), no Cemit\u00e9rio Municipal de Paulic\u00e9ia. O vel\u00f3rio acontece na C\u00e2mara Municipal. Os hor\u00e1rios ainda n\u00e3o foram divulgados. O ex-prefeito de\u00a0Paulic\u00e9ia (SP), Ronney Antonio Ferreira, morreu na madrugada desta segunda-feira (26), aos 57 anos. Ronney faleceu em decorr\u00eancia de uma infec\u00e7\u00e3o generalizada (septicemia), em\u00a0Nova Andradina (MS), onde visitava um [&hellip;]<\/p>\n","protected":false},"author":1,"featured_media":72415,"comment_status":"closed","ping_status":"open","sticky":false,"template":"","format":"standard","meta":{"footnotes":""},"categories":[179,178,110,189],"tags":[],"class_list":["post-72414","post","type-post","status-publish","format-standard","has-post-thumbnail","hentry","category-cidadeseregiao","category-notadefalecimento","category-noticiasdestaque","category-pauliceia"],"_links":{"self":[{"href":"https:\/\/jorgezanoni.com.br\/2019\/wp-json\/wp\/v2\/posts\/72414","targetHints":{"allow":["GET"]}}],"collection":[{"href":"https:\/\/jorgezanoni.com.br\/2019\/wp-json\/wp\/v2\/posts"}],"about":[{"href":"https:\/\/jorgezanoni.com.br\/2019\/wp-json\/wp\/v2\/types\/post"}],"author":[{"embeddable":true,"href":"https:\/\/jorgezanoni.com.br\/2019\/wp-json\/wp\/v2\/users\/1"}],"replies":[{"embeddable":true,"href":"https:\/\/jorgezanoni.com.br\/2019\/wp-json\/wp\/v2\/comments?post=72414"}],"version-history":[{"count":1,"href":"https:\/\/jorgezanoni.com.br\/2019\/wp-json\/wp\/v2\/posts\/72414\/revisions"}],"predecessor-version":[{"id":72416,"href":"https:\/\/jorgezanoni.com.br\/2019\/wp-json\/wp\/v2\/posts\/72414\/revisions\/72416"}],"wp:featuredmedia":[{"embeddable":true,"href":"https:\/\/jorgezanoni.com.br\/2019\/wp-json\/wp\/v2\/media\/72415"}],"wp:attachment":[{"href":"https:\/\/jorgezanoni.com.br\/2019\/wp-json\/wp\/v2\/media?parent=72414"}],"wp:term":[{"taxonomy":"category","embeddable":true,"href":"https:\/\/jorgezanoni.com.br\/2019\/wp-json\/wp\/v2\/categories?post=72414"},{"taxonomy":"post_tag","embeddable":true,"href":"https:\/\/jorgezanoni.com.br\/2019\/wp-json\/wp\/v2\/tags?post=72414"}],"curies":[{"name":"wp","href":"https:\/\/api.w.org\/{rel}","templated":true}]}}