{"id":72318,"date":"2022-12-23T11:30:38","date_gmt":"2022-12-23T11:30:38","guid":{"rendered":"https:\/\/jorgezanoni.com.br\/2019\/?p=72318"},"modified":"2022-12-23T15:41:59","modified_gmt":"2022-12-23T15:41:59","slug":"policia-militar-prende-homem-por-furto-a-estabelecimento-comercial-em-dracena-2","status":"publish","type":"post","link":"https:\/\/jorgezanoni.com.br\/2019\/policia-militar-prende-homem-por-furto-a-estabelecimento-comercial-em-dracena-2\/","title":{"rendered":"Pol\u00edcia Militar prende homem por furto a estabelecimento comercial em Dracena"},"content":{"rendered":"<p style=\"text-align: justify;\">NA DATA DE ONTEM (22) POR VOLTA DAS 17H30MIN A EQUIPE DA POL\u00cdCIA MILITAR FOI ACIONADA VIA COPOM PARA DESLOCAR EM UM ESTABELECIMENTO COMERCIAL (SUPERMERCADO) AONDE HAVIA ACABADO DE OCORRER UM FURTO.<br \/>\nPELO LOCAL AUTOR ( HOMEM 30 ANOS) ESTAVA CONTIDO POR FUNCION\u00c1RIOS, POR\u00c9M ESTAVA BEM ALTERADO.<br \/>\nOS PRODUTOS SUBTRA\u00cdDOS ESTAVAM DENTRO DE SUA BOLSA .<br \/>\nAO SER INDAGADO CONFESSOU A PR\u00c1TICA DO FURTO.<br \/>\nFOI DADO VOZ DE PRIS\u00c3O EM FLAGRANTE FICANDO O MESMO A DISPOSI\u00c7\u00c3O DA JUSTI\u00c7A.<\/p>\n<p><img loading=\"lazy\" decoding=\"async\" class=\"alignnone size-full wp-image-72324\" src=\"https:\/\/jorgezanoni.com.br\/2019\/wp-content\/uploads\/2022\/12\/roubo-1.jpg\" alt=\"\" width=\"1018\" height=\"1280\" srcset=\"https:\/\/jorgezanoni.com.br\/2019\/wp-content\/uploads\/2022\/12\/roubo-1.jpg 1018w, https:\/\/jorgezanoni.com.br\/2019\/wp-content\/uploads\/2022\/12\/roubo-1-239x300.jpg 239w, https:\/\/jorgezanoni.com.br\/2019\/wp-content\/uploads\/2022\/12\/roubo-1-814x1024.jpg 814w, https:\/\/jorgezanoni.com.br\/2019\/wp-content\/uploads\/2022\/12\/roubo-1-768x966.jpg 768w, https:\/\/jorgezanoni.com.br\/2019\/wp-content\/uploads\/2022\/12\/roubo-1-696x875.jpg 696w, https:\/\/jorgezanoni.com.br\/2019\/wp-content\/uploads\/2022\/12\/roubo-1-334x420.jpg 334w\" sizes=\"auto, (max-width: 1018px) 100vw, 1018px\" \/><\/p>\n<p>Fonte: Com. Social Pol\u00edcia Militar<\/p>\n<p>Imagem Capa Ilustrativa<\/p>\n","protected":false},"excerpt":{"rendered":"<p>NA DATA DE ONTEM (22) POR VOLTA DAS 17H30MIN A EQUIPE DA POL\u00cdCIA MILITAR FOI ACIONADA VIA COPOM PARA DESLOCAR EM UM ESTABELECIMENTO COMERCIAL (SUPERMERCADO) AONDE HAVIA ACABADO DE OCORRER UM FURTO. PELO LOCAL AUTOR ( HOMEM 30 ANOS) ESTAVA CONTIDO POR FUNCION\u00c1RIOS, POR\u00c9M ESTAVA BEM ALTERADO. OS PRODUTOS SUBTRA\u00cdDOS ESTAVAM DENTRO DE SUA BOLSA [&hellip;]<\/p>\n","protected":false},"author":1,"featured_media":72319,"comment_status":"closed","ping_status":"open","sticky":false,"template":"","format":"standard","meta":{"footnotes":""},"categories":[110,2],"tags":[],"class_list":["post-72318","post","type-post","status-publish","format-standard","has-post-thumbnail","hentry","category-noticiasdestaque","category-policial"],"_links":{"self":[{"href":"https:\/\/jorgezanoni.com.br\/2019\/wp-json\/wp\/v2\/posts\/72318","targetHints":{"allow":["GET"]}}],"collection":[{"href":"https:\/\/jorgezanoni.com.br\/2019\/wp-json\/wp\/v2\/posts"}],"about":[{"href":"https:\/\/jorgezanoni.com.br\/2019\/wp-json\/wp\/v2\/types\/post"}],"author":[{"embeddable":true,"href":"https:\/\/jorgezanoni.com.br\/2019\/wp-json\/wp\/v2\/users\/1"}],"replies":[{"embeddable":true,"href":"https:\/\/jorgezanoni.com.br\/2019\/wp-json\/wp\/v2\/comments?post=72318"}],"version-history":[{"count":2,"href":"https:\/\/jorgezanoni.com.br\/2019\/wp-json\/wp\/v2\/posts\/72318\/revisions"}],"predecessor-version":[{"id":72325,"href":"https:\/\/jorgezanoni.com.br\/2019\/wp-json\/wp\/v2\/posts\/72318\/revisions\/72325"}],"wp:featuredmedia":[{"embeddable":true,"href":"https:\/\/jorgezanoni.com.br\/2019\/wp-json\/wp\/v2\/media\/72319"}],"wp:attachment":[{"href":"https:\/\/jorgezanoni.com.br\/2019\/wp-json\/wp\/v2\/media?parent=72318"}],"wp:term":[{"taxonomy":"category","embeddable":true,"href":"https:\/\/jorgezanoni.com.br\/2019\/wp-json\/wp\/v2\/categories?post=72318"},{"taxonomy":"post_tag","embeddable":true,"href":"https:\/\/jorgezanoni.com.br\/2019\/wp-json\/wp\/v2\/tags?post=72318"}],"curies":[{"name":"wp","href":"https:\/\/api.w.org\/{rel}","templated":true}]}}