{"id":72303,"date":"2022-12-23T00:36:15","date_gmt":"2022-12-23T00:36:15","guid":{"rendered":"https:\/\/jorgezanoni.com.br\/2019\/?p=72303"},"modified":"2022-12-23T00:37:30","modified_gmt":"2022-12-23T00:37:30","slug":"finalmente-vicinal-mario-covas-sera-concluida-e-tera-a-ligacao-dracena-a-junqueiropolis","status":"publish","type":"post","link":"https:\/\/jorgezanoni.com.br\/2019\/finalmente-vicinal-mario-covas-sera-concluida-e-tera-a-ligacao-dracena-a-junqueiropolis\/","title":{"rendered":"Finalmente Vicinal M\u00e1rio Covas ser\u00e1 conclu\u00edda e ter\u00e1 a liga\u00e7\u00e3o Dracena a Junqueir\u00f3polis asfaltada"},"content":{"rendered":"<p style=\"text-align: justify;\">Na edi\u00e7\u00e3o de 17\/12\/2022 do DO (Di\u00e1rio Oficial), foi publicado o extrato de conv\u00eanio entre o DER e o Munic\u00edpio de Dracena, para pavimenta\u00e7\u00e3o de 1,945 km da estrada vicinal DRA 030 (Dracena-Junqueiropolis) e na edi\u00e7\u00e3o de 20\/12\/2022 do DO foi publicado o extrato de conv\u00eanio entre o DER e o Munic\u00edpio de Junqueiropolis, para pavimenta\u00e7\u00e3o de 2,100 km da estrada vicinal JQL 010 (Junqueiropolis-Dracena). Ambos os trechos compreendem o prolongamento da Vicinal Mario Covas, ligando os Munic\u00edpios de Dracena e Junqueir\u00f3polis.<\/p>\n<p><img loading=\"lazy\" decoding=\"async\" class=\"alignnone size-full wp-image-72305\" src=\"https:\/\/jorgezanoni.com.br\/2019\/wp-content\/uploads\/2022\/12\/vicinal1.jpg\" alt=\"\" width=\"700\" height=\"526\" srcset=\"https:\/\/jorgezanoni.com.br\/2019\/wp-content\/uploads\/2022\/12\/vicinal1.jpg 700w, https:\/\/jorgezanoni.com.br\/2019\/wp-content\/uploads\/2022\/12\/vicinal1-300x225.jpg 300w, https:\/\/jorgezanoni.com.br\/2019\/wp-content\/uploads\/2022\/12\/vicinal1-80x60.jpg 80w, https:\/\/jorgezanoni.com.br\/2019\/wp-content\/uploads\/2022\/12\/vicinal1-265x198.jpg 265w, https:\/\/jorgezanoni.com.br\/2019\/wp-content\/uploads\/2022\/12\/vicinal1-696x523.jpg 696w, https:\/\/jorgezanoni.com.br\/2019\/wp-content\/uploads\/2022\/12\/vicinal1-559x420.jpg 559w\" sizes=\"auto, (max-width: 700px) 100vw, 700px\" \/><\/p>\n<p>Fonte: D.O<\/p>\n<p>Imagens Arquivo<\/p>\n","protected":false},"excerpt":{"rendered":"<p>Na edi\u00e7\u00e3o de 17\/12\/2022 do DO (Di\u00e1rio Oficial), foi publicado o extrato de conv\u00eanio entre o DER e o Munic\u00edpio de Dracena, para pavimenta\u00e7\u00e3o de 1,945 km da estrada vicinal DRA 030 (Dracena-Junqueiropolis) e na edi\u00e7\u00e3o de 20\/12\/2022 do DO foi publicado o extrato de conv\u00eanio entre o DER e o Munic\u00edpio de Junqueiropolis, para [&hellip;]<\/p>\n","protected":false},"author":1,"featured_media":72304,"comment_status":"closed","ping_status":"open","sticky":false,"template":"","format":"standard","meta":{"footnotes":""},"categories":[180,110],"tags":[],"class_list":["post-72303","post","type-post","status-publish","format-standard","has-post-thumbnail","hentry","category-estradastransitoveiculos","category-noticiasdestaque"],"_links":{"self":[{"href":"https:\/\/jorgezanoni.com.br\/2019\/wp-json\/wp\/v2\/posts\/72303","targetHints":{"allow":["GET"]}}],"collection":[{"href":"https:\/\/jorgezanoni.com.br\/2019\/wp-json\/wp\/v2\/posts"}],"about":[{"href":"https:\/\/jorgezanoni.com.br\/2019\/wp-json\/wp\/v2\/types\/post"}],"author":[{"embeddable":true,"href":"https:\/\/jorgezanoni.com.br\/2019\/wp-json\/wp\/v2\/users\/1"}],"replies":[{"embeddable":true,"href":"https:\/\/jorgezanoni.com.br\/2019\/wp-json\/wp\/v2\/comments?post=72303"}],"version-history":[{"count":2,"href":"https:\/\/jorgezanoni.com.br\/2019\/wp-json\/wp\/v2\/posts\/72303\/revisions"}],"predecessor-version":[{"id":72308,"href":"https:\/\/jorgezanoni.com.br\/2019\/wp-json\/wp\/v2\/posts\/72303\/revisions\/72308"}],"wp:featuredmedia":[{"embeddable":true,"href":"https:\/\/jorgezanoni.com.br\/2019\/wp-json\/wp\/v2\/media\/72304"}],"wp:attachment":[{"href":"https:\/\/jorgezanoni.com.br\/2019\/wp-json\/wp\/v2\/media?parent=72303"}],"wp:term":[{"taxonomy":"category","embeddable":true,"href":"https:\/\/jorgezanoni.com.br\/2019\/wp-json\/wp\/v2\/categories?post=72303"},{"taxonomy":"post_tag","embeddable":true,"href":"https:\/\/jorgezanoni.com.br\/2019\/wp-json\/wp\/v2\/tags?post=72303"}],"curies":[{"name":"wp","href":"https:\/\/api.w.org\/{rel}","templated":true}]}}