{"id":72284,"date":"2022-12-22T16:02:13","date_gmt":"2022-12-22T16:02:13","guid":{"rendered":"https:\/\/jorgezanoni.com.br\/2019\/?p=72284"},"modified":"2022-12-22T16:02:13","modified_gmt":"2022-12-22T16:02:13","slug":"unesp-de-dracena-abre-processo-seletivo-para-enfermeiro-e-psicologo","status":"publish","type":"post","link":"https:\/\/jorgezanoni.com.br\/2019\/unesp-de-dracena-abre-processo-seletivo-para-enfermeiro-e-psicologo\/","title":{"rendered":"Unesp de Dracena abre processo seletivo para enfermeiro e psic\u00f3logo"},"content":{"rendered":"<p style=\"text-align: justify;\">As inscri\u00e7\u00f5es iniciam em 23\/12\/2022<\/p>\n<p style=\"text-align: justify;\">At\u00e9 o dia 02\/01\/2023 est\u00e3o abertas as inscri\u00e7\u00f5es para o processo seletivo para a contrata\u00e7\u00e3o de profissionais de sa\u00fade para a Unesp de Dracena. As inscri\u00e7\u00f5es podem ser feitas por meio dos links abaixo:<\/p>\n<p style=\"text-align: justify;\">Link para concurso de Enfermeiro:<\/p>\n<p style=\"text-align: justify;\"><a href=\"https:\/\/www.famesp.org.br\/processos-seletivos-efe.php?id_emp=19&amp;id_pro=01682022\">https:\/\/www.famesp.org.br\/processos-seletivos-efe.php?id_emp=19&amp;id_pro=01682022<\/a><\/p>\n<p style=\"text-align: justify;\">Link para concurso de Psic\u00f3logo:<\/p>\n<p style=\"text-align: justify;\"><a href=\"https:\/\/www.famesp.org.br\/processos-seletivos-efe.php?id_emp=19&amp;id_pro=01672022\">https:\/\/www.famesp.org.br\/processos-seletivos-efe.php?id_emp=19&amp;id_pro=01672022<\/a><\/p>\n<p style=\"text-align: justify;\">A taxa de inscri\u00e7\u00e3o \u00e9 de R$ 100,00 e a prova ser\u00e1 realizada no dia 08 de janeiro de 2023 em Botucatu\/SP.<\/p>\n<p style=\"text-align: justify;\">Por meio do mesmo link, \u00e9 poss\u00edvel acessar os detalhes do processo seletivo que previstos no EDITAL N\u00ba 168\/2022 \u2013 FAMESP-RH\u00a0(Enfermeiro) e no EDITAL N\u00ba 167\/2022 \u2013 FAMESP-RH (Psic\u00f3logo).<\/p>\n<p style=\"text-align: justify;\">Fonte: Unesp<\/p>\n","protected":false},"excerpt":{"rendered":"<p>As inscri\u00e7\u00f5es iniciam em 23\/12\/2022 At\u00e9 o dia 02\/01\/2023 est\u00e3o abertas as inscri\u00e7\u00f5es para o processo seletivo para a contrata\u00e7\u00e3o de profissionais de sa\u00fade para a Unesp de Dracena. As inscri\u00e7\u00f5es podem ser feitas por meio dos links abaixo: Link para concurso de Enfermeiro: https:\/\/www.famesp.org.br\/processos-seletivos-efe.php?id_emp=19&amp;id_pro=01682022 Link para concurso de Psic\u00f3logo: https:\/\/www.famesp.org.br\/processos-seletivos-efe.php?id_emp=19&amp;id_pro=01672022 A taxa de inscri\u00e7\u00e3o [&hellip;]<\/p>\n","protected":false},"author":1,"featured_media":72285,"comment_status":"closed","ping_status":"open","sticky":false,"template":"","format":"standard","meta":{"footnotes":""},"categories":[110,122],"tags":[],"class_list":["post-72284","post","type-post","status-publish","format-standard","has-post-thumbnail","hentry","category-noticiasdestaque","category-saudeeducacaoeconcurso"],"_links":{"self":[{"href":"https:\/\/jorgezanoni.com.br\/2019\/wp-json\/wp\/v2\/posts\/72284","targetHints":{"allow":["GET"]}}],"collection":[{"href":"https:\/\/jorgezanoni.com.br\/2019\/wp-json\/wp\/v2\/posts"}],"about":[{"href":"https:\/\/jorgezanoni.com.br\/2019\/wp-json\/wp\/v2\/types\/post"}],"author":[{"embeddable":true,"href":"https:\/\/jorgezanoni.com.br\/2019\/wp-json\/wp\/v2\/users\/1"}],"replies":[{"embeddable":true,"href":"https:\/\/jorgezanoni.com.br\/2019\/wp-json\/wp\/v2\/comments?post=72284"}],"version-history":[{"count":1,"href":"https:\/\/jorgezanoni.com.br\/2019\/wp-json\/wp\/v2\/posts\/72284\/revisions"}],"predecessor-version":[{"id":72286,"href":"https:\/\/jorgezanoni.com.br\/2019\/wp-json\/wp\/v2\/posts\/72284\/revisions\/72286"}],"wp:featuredmedia":[{"embeddable":true,"href":"https:\/\/jorgezanoni.com.br\/2019\/wp-json\/wp\/v2\/media\/72285"}],"wp:attachment":[{"href":"https:\/\/jorgezanoni.com.br\/2019\/wp-json\/wp\/v2\/media?parent=72284"}],"wp:term":[{"taxonomy":"category","embeddable":true,"href":"https:\/\/jorgezanoni.com.br\/2019\/wp-json\/wp\/v2\/categories?post=72284"},{"taxonomy":"post_tag","embeddable":true,"href":"https:\/\/jorgezanoni.com.br\/2019\/wp-json\/wp\/v2\/tags?post=72284"}],"curies":[{"name":"wp","href":"https:\/\/api.w.org\/{rel}","templated":true}]}}