{"id":72264,"date":"2022-12-22T02:12:53","date_gmt":"2022-12-22T02:12:53","guid":{"rendered":"https:\/\/jorgezanoni.com.br\/2019\/?p=72264"},"modified":"2022-12-22T02:13:31","modified_gmt":"2022-12-22T02:13:31","slug":"atraves-de-oficio-santa-casa-de-dracena-agradece-site-jz-pelas-divulgacoes-durante-o-ano-de-2-022","status":"publish","type":"post","link":"https:\/\/jorgezanoni.com.br\/2019\/atraves-de-oficio-santa-casa-de-dracena-agradece-site-jz-pelas-divulgacoes-durante-o-ano-de-2-022\/","title":{"rendered":"Atrav\u00e9s de of\u00edcio Santa Casa de Dracena agradece Site JZ pelas divulga\u00e7\u00f5es durante o ano de 2.022"},"content":{"rendered":"<p><strong>Santa Casa de Dracena<\/strong><br \/>\n<strong>Patrim\u00f4nio da Comunidade 1<\/strong><br \/>\n<strong>Of\u00edcio n\u00ba. 773\/2022-ADM.<\/strong><\/p>\n<p>Dracena \u2013 S\u00e3o Paulo, em 20 de dezembro de 2022.<\/p>\n<p style=\"text-align: justify;\">Prezado SENHOR:<br \/>\nConstitui\u00e7\u00e3o Federal: Em seu artigo 220, diz que \u00e9 livre a manifesta\u00e7\u00e3o de pensamento, express\u00e3o e informa\u00e7\u00e3o sob qualquer forma, processo ou ve\u00edculo; que a lei n\u00e3o pode impedir a plena liberdade de informa\u00e7\u00e3o jornal\u00edstica em qualquer ve\u00edculo de comunica\u00e7\u00e3o social; que n\u00e3o pode haver qualquer censura de natureza pol\u00edtica, ideol\u00f3gica ou art\u00edstica; e que a publica\u00e7\u00e3o de ve\u00edculo impresso de comunica\u00e7\u00e3o independe de licen\u00e7a de autoridade.<\/p>\n<p style=\"text-align: justify;\">No transcurso do ano de 2022, a imprensa local, no exerc\u00edcio institucional formatado pelo acima citado artigo 220, da Constitui\u00e7\u00e3o Federal, teve com a SANTA CASA DE DRACENA, papel fundamental nos seus destinos, sempre atenta e trazendo sempre uma divulga\u00e7\u00e3o de<br \/>\nparceria, por\u00e9m, independente.<\/p>\n<p style=\"text-align: justify;\">Os atos da entidade levados pela imprensa repercutem, fazendo-se com isso o aperfei\u00e7oamento da sua atividade fim.<\/p>\n<p style=\"text-align: justify;\">Teve boas not\u00edcias e ruins, tamb\u00e9m, quando o meio de informa\u00e7\u00e3o traduziu sempre com sabedoria e imparcialidade, nunca com pr\u00e9-julgamentos.<\/p>\n<p style=\"text-align: justify;\"><strong>REFERENTE: AGRADECIMENTO.<\/strong><\/p>\n<p style=\"text-align: justify;\">E pr\u00f3ximo do encerramento de mais um ano, levar aos meios de imprensa em geral, os SINCEROS AGRADECIMENTOS, almejando serem igualmente positivas nos pr\u00f3ximos anos.<br \/>\nAgradecendo em nome da Irmandade, das Diretorias, dos Colaboradores e dos Volunt\u00e1rios, desejando um FELIZ NATAL e um PR\u00d3SPERO ANO NOVO.<\/p>\n<p style=\"text-align: justify;\">A entidade \u2013 SANTA CASA DE DRACENA \u2013 constitu\u00edda h\u00e1 mais de 65 ANOS, \u00e9 um PATRIM\u00d4NIO DA COMUNIDADE.<\/p>\n<p>Nosso MUITO OBRIGADO !<br \/>\nAtenciosamente.<\/p>\n<p>OSS &#8211; IRMANDADE DA SANTA CASA DE MISERIC\u00d3RDIA E<br \/>\nMATERNIDADE DE DRACENA<br \/>\nCELSO XAVIER SANTIN<br \/>\nPROVEDOR<\/p>\n<p><strong>Ilustr\u00edssimo Senhor<\/strong><br \/>\n<strong>JORGE LUIZ ZANONI<\/strong><br \/>\n<strong>MD. Profissional de Imprensa<\/strong><br \/>\n<strong>Dracena \u2013 Estado de S\u00e3o Paulo.<\/strong><br \/>\n=================<\/p>\n<p>OSS \u2013 IRMANDADE DA SANTA CASA DE MISERIC\u00d3RDIA E MATERNIDADE DE DRACENA<br \/>\nRua Virg\u00edlio Pagnozzi n\u00b0. 822 \u2013 Dracena \u2013 SP \u2013 CEP: 17.900-000 \u2013 Fone: (18) 3821-8466<br \/>\nCNPJ: 47.617.584\/0001-02 \u2013 CNES: 2750988 \u2013 www.santacasadracena.com.br<br \/>\nSanta Casa de Dracena<br \/>\nPatrim\u00f4nio da Comunidade 2<\/p>\n<p style=\"text-align: justify;\"><strong>NOTA:<\/strong> O <strong>Site JZ<\/strong> agradece toda a Irmandade, as Diretorias, os Colaboradores e os Volunt\u00e1rios, e desde j\u00e1 se coloca \u00e0 disposi\u00e7\u00e3o para juntos divulgarmos todas as atividades, especialmente as not\u00edcias boas que a conceituada Institui\u00e7\u00e3o de Sa\u00fade promover\u00e1 durante o ano de 2.023. FELIZ NATAL E UM ANO NOVO CHEIO DE SA\u00daDE, PAZ E MUITO SUCESSO!<\/p>\n<p style=\"text-align: justify;\">Jorge Zanoni<\/p>\n<p>Foto Arquivo<\/p>\n","protected":false},"excerpt":{"rendered":"<p>Santa Casa de Dracena Patrim\u00f4nio da Comunidade 1 Of\u00edcio n\u00ba. 773\/2022-ADM. Dracena \u2013 S\u00e3o Paulo, em 20 de dezembro de 2022. Prezado SENHOR: Constitui\u00e7\u00e3o Federal: Em seu artigo 220, diz que \u00e9 livre a manifesta\u00e7\u00e3o de pensamento, express\u00e3o e informa\u00e7\u00e3o sob qualquer forma, processo ou ve\u00edculo; que a lei n\u00e3o pode impedir a plena liberdade [&hellip;]<\/p>\n","protected":false},"author":1,"featured_media":72267,"comment_status":"closed","ping_status":"open","sticky":false,"template":"","format":"standard","meta":{"footnotes":""},"categories":[110,122],"tags":[],"class_list":["post-72264","post","type-post","status-publish","format-standard","has-post-thumbnail","hentry","category-noticiasdestaque","category-saudeeducacaoeconcurso"],"_links":{"self":[{"href":"https:\/\/jorgezanoni.com.br\/2019\/wp-json\/wp\/v2\/posts\/72264","targetHints":{"allow":["GET"]}}],"collection":[{"href":"https:\/\/jorgezanoni.com.br\/2019\/wp-json\/wp\/v2\/posts"}],"about":[{"href":"https:\/\/jorgezanoni.com.br\/2019\/wp-json\/wp\/v2\/types\/post"}],"author":[{"embeddable":true,"href":"https:\/\/jorgezanoni.com.br\/2019\/wp-json\/wp\/v2\/users\/1"}],"replies":[{"embeddable":true,"href":"https:\/\/jorgezanoni.com.br\/2019\/wp-json\/wp\/v2\/comments?post=72264"}],"version-history":[{"count":2,"href":"https:\/\/jorgezanoni.com.br\/2019\/wp-json\/wp\/v2\/posts\/72264\/revisions"}],"predecessor-version":[{"id":72269,"href":"https:\/\/jorgezanoni.com.br\/2019\/wp-json\/wp\/v2\/posts\/72264\/revisions\/72269"}],"wp:featuredmedia":[{"embeddable":true,"href":"https:\/\/jorgezanoni.com.br\/2019\/wp-json\/wp\/v2\/media\/72267"}],"wp:attachment":[{"href":"https:\/\/jorgezanoni.com.br\/2019\/wp-json\/wp\/v2\/media?parent=72264"}],"wp:term":[{"taxonomy":"category","embeddable":true,"href":"https:\/\/jorgezanoni.com.br\/2019\/wp-json\/wp\/v2\/categories?post=72264"},{"taxonomy":"post_tag","embeddable":true,"href":"https:\/\/jorgezanoni.com.br\/2019\/wp-json\/wp\/v2\/tags?post=72264"}],"curies":[{"name":"wp","href":"https:\/\/api.w.org\/{rel}","templated":true}]}}