{"id":72238,"date":"2022-12-21T11:02:30","date_gmt":"2022-12-21T11:02:30","guid":{"rendered":"https:\/\/jorgezanoni.com.br\/2019\/?p=72238"},"modified":"2022-12-21T11:02:30","modified_gmt":"2022-12-21T11:02:30","slug":"policia-militar-rodoviaria-e-policia-civil-detem-autor-de-furto-e-falsa-comunicacao-de-crime","status":"publish","type":"post","link":"https:\/\/jorgezanoni.com.br\/2019\/policia-militar-rodoviaria-e-policia-civil-detem-autor-de-furto-e-falsa-comunicacao-de-crime\/","title":{"rendered":"Pol\u00edcia Militar Rodovi\u00e1ria e Pol\u00edcia Civil det\u00e9m autor de furto e falsa comunica\u00e7\u00e3o de crime"},"content":{"rendered":"<p style=\"text-align: justify;\"><strong>Fato foi registrado ontem (21) na\u00a0SPA 126\/563, Rodovia Byron de Azevedo Nogueira, Km\u00a0<\/strong><\/p>\n<p style=\"text-align: justify;\">Equipe atendeu ocorr\u00eancia que, inicialmente se tratava de roubo de carga, por\u00e9m, concluiu-se se tratar de furto e falsa comunica\u00e7\u00e3o de crime.<\/p>\n<p style=\"text-align: justify;\">Inicialmente, R. C. O. de 26 anos, morador em Ouro Preto do Oeste\/RO, declarou que conduzia o caminh\u00e3o trator Volvo FH 500 6X4T, acoplado com mais dois semi-reboques, SR Matalesp Maxitank 3E, todos de Vilhema\/RO, o qual transportava 48.630 kg (quarenta e oito mil e seiscentos e trinta quilos) de \u00f3leo de soja, avaliada em R$ 346.731,90 (trezentos e quarenta e seis mil e setecentos e trinta e um reais e noventa centavos) e no dia 19 de dezembro de 2022, por volta das 21h30min, foi v\u00edtima de roubo na rodovia pr\u00f3ximo a Teodoro Sampaio, onde ap\u00f3s ter sido amarrado e mantido sob cust\u00f3dia por tr\u00eas indiv\u00edduos, sendo liberado pr\u00f3ximo \u00e0 Dracena no pr\u00f3prio caminh\u00e3o que conduzia, por\u00e9m, vazio.<\/p>\n<p style=\"text-align: justify;\">Durante o depoimento na Delegacia, diante de muitas contradi\u00e7\u00f5es, a suposta v\u00edtima confessou n\u00e3o se tratar de roubo, que seu patr\u00e3o, tramou todo o esquema para simular um roubo e que receberia a quantia de R$ 20.000,00 (vinte mil reais) para fazer o descarregamento da carga por Nova Esperan\u00e7a\/PR.<\/p>\n<p style=\"text-align: justify;\">Diante dos fatos, R.C.O. foi preso em flagrante por furto e falsa comunica\u00e7\u00e3o de crime, onde permaneceu preso a disposi\u00e7\u00e3o da justi\u00e7a.<\/p>\n<p style=\"text-align: justify;\">A princ\u00edpio, a carga ainda n\u00e3o foi recuperada.<\/p>\n<p>Fonte: PMR<\/p>\n<p>Fotos: Jorge Zanoni<\/p>\n<p style=\"text-align: justify;\">NOTA: ONTEM (20) EM PRIMEIRA M\u00c3O O SITE JZ DEU A NOT\u00cdCIA QUE FOI NARRADA PELO PR\u00d3PRIO MOTORISTA DA CARRETA. VEJA NO LINK:<\/p>\n<blockquote class=\"wp-embedded-content\" data-secret=\"SDcZrdnUdV\"><p><a href=\"https:\/\/jorgezanoni.com.br\/2019\/2022\/12\/20\/motorista-de-carreta-fica-20-horas-nas-maos-de-bandidos-e-tem-carga-de-oleo-vegetal-roubada\/\">Motorista de carreta fica 20 horas nas m\u00e3os de bandidos e tem carga de \u00f3leo vegetal roubada<\/a><\/p><\/blockquote>\n<p><iframe loading=\"lazy\" class=\"wp-embedded-content\" sandbox=\"allow-scripts\" security=\"restricted\" style=\"position: absolute; clip: rect(1px, 1px, 1px, 1px);\" title=\"&#8220;Motorista de carreta fica 20 horas nas m\u00e3os de bandidos e tem carga de \u00f3leo vegetal roubada&#8221; &#8212; Jorge Zanoni\" src=\"https:\/\/jorgezanoni.com.br\/2019\/2022\/12\/20\/motorista-de-carreta-fica-20-horas-nas-maos-de-bandidos-e-tem-carga-de-oleo-vegetal-roubada\/embed\/#?secret=Agg1xq4voi#?secret=SDcZrdnUdV\" data-secret=\"SDcZrdnUdV\" width=\"600\" height=\"338\" frameborder=\"0\" marginwidth=\"0\" marginheight=\"0\" scrolling=\"no\"><\/iframe><\/p>\n<p>&nbsp;<\/p>\n","protected":false},"excerpt":{"rendered":"<p>Fato foi registrado ontem (21) na\u00a0SPA 126\/563, Rodovia Byron de Azevedo Nogueira, Km\u00a0 Equipe atendeu ocorr\u00eancia que, inicialmente se tratava de roubo de carga, por\u00e9m, concluiu-se se tratar de furto e falsa comunica\u00e7\u00e3o de crime. Inicialmente, R. C. O. de 26 anos, morador em Ouro Preto do Oeste\/RO, declarou que conduzia o caminh\u00e3o trator Volvo [&hellip;]<\/p>\n","protected":false},"author":1,"featured_media":72236,"comment_status":"closed","ping_status":"open","sticky":false,"template":"","format":"standard","meta":{"footnotes":""},"categories":[110,2],"tags":[],"class_list":["post-72238","post","type-post","status-publish","format-standard","has-post-thumbnail","hentry","category-noticiasdestaque","category-policial"],"_links":{"self":[{"href":"https:\/\/jorgezanoni.com.br\/2019\/wp-json\/wp\/v2\/posts\/72238","targetHints":{"allow":["GET"]}}],"collection":[{"href":"https:\/\/jorgezanoni.com.br\/2019\/wp-json\/wp\/v2\/posts"}],"about":[{"href":"https:\/\/jorgezanoni.com.br\/2019\/wp-json\/wp\/v2\/types\/post"}],"author":[{"embeddable":true,"href":"https:\/\/jorgezanoni.com.br\/2019\/wp-json\/wp\/v2\/users\/1"}],"replies":[{"embeddable":true,"href":"https:\/\/jorgezanoni.com.br\/2019\/wp-json\/wp\/v2\/comments?post=72238"}],"version-history":[{"count":1,"href":"https:\/\/jorgezanoni.com.br\/2019\/wp-json\/wp\/v2\/posts\/72238\/revisions"}],"predecessor-version":[{"id":72240,"href":"https:\/\/jorgezanoni.com.br\/2019\/wp-json\/wp\/v2\/posts\/72238\/revisions\/72240"}],"wp:featuredmedia":[{"embeddable":true,"href":"https:\/\/jorgezanoni.com.br\/2019\/wp-json\/wp\/v2\/media\/72236"}],"wp:attachment":[{"href":"https:\/\/jorgezanoni.com.br\/2019\/wp-json\/wp\/v2\/media?parent=72238"}],"wp:term":[{"taxonomy":"category","embeddable":true,"href":"https:\/\/jorgezanoni.com.br\/2019\/wp-json\/wp\/v2\/categories?post=72238"},{"taxonomy":"post_tag","embeddable":true,"href":"https:\/\/jorgezanoni.com.br\/2019\/wp-json\/wp\/v2\/tags?post=72238"}],"curies":[{"name":"wp","href":"https:\/\/api.w.org\/{rel}","templated":true}]}}