{"id":72187,"date":"2022-12-19T21:51:55","date_gmt":"2022-12-19T21:51:55","guid":{"rendered":"https:\/\/jorgezanoni.com.br\/2019\/?p=72187"},"modified":"2022-12-19T21:51:55","modified_gmt":"2022-12-19T21:51:55","slug":"policiais-militares-da-4a-cia-pm-sao-destaques-na-area-do-cpi-8","status":"publish","type":"post","link":"https:\/\/jorgezanoni.com.br\/2019\/policiais-militares-da-4a-cia-pm-sao-destaques-na-area-do-cpi-8\/","title":{"rendered":"Policiais Militares da 4\u00aa Cia. PM s\u00e3o destaques na \u00e1rea do CPI\/8"},"content":{"rendered":"<p style=\"text-align: justify;\"><strong>POLICIAIS MILITARES DA 4\u00aa COMPANHIA PM S\u00c3O ELEITOS POLICIAIS DO M\u00caS DE TODA \u00c1REA DO COMANDO DE POLICIAMENTO DO INTERIOR OITO NO M\u00caS DE NOVEMBRO PELO BOM TRABALHO DESEMPENHADO.<\/strong><\/p>\n<p style=\"text-align: justify;\">O Sd PM Maysa e Sd PM Gelton, foram escolhidos &#8220;PM do m\u00eas de novembro de 2022&#8221; da \u00e1rea do 25\u00ba BPM\/I e tamb\u00e9m da \u00e1rea de todo Comando de Policiamento do Interior Oito, em reconhecimento ao excelente trabalho desempenhado na \u00e1rea da 4\u00aa Cia, onde atuam no Canil Setorial. Os policiais realizam suas fun\u00e7\u00f5es com afinco e extremo comprometimento na prote\u00e7\u00e3o das pessoas e no combate ao crime, vindo a ter destaque as seguintes ocorr\u00eancias: no dia 02NOV22, demonstraram comprometimento e capacidade de a\u00e7\u00e3o ao apoiar em ocorr\u00eancia que resultou na pris\u00e3o em flagrante de 02 (dois) indiv\u00edduos por tr\u00e1fico de drogas. Ap\u00f3s solicita\u00e7\u00e3o da equipe de r\u00e1dio patrulha do munic\u00edpio de Tupi Paulista\/SP, realizaram dilig\u00eancia no munic\u00edpio de Dracena\/SP e, lograram \u00eaxito de localizar 24 (vinte e quatro) por\u00e7\u00f5es de crack, dentro de uma bolsa de couro coberta por uma cal\u00e7a no varal, 20 (vinte) por\u00e7\u00f5es de coca\u00edna, a quantia de R$176,00, uma balan\u00e7a de precis\u00e3o e uma faca de serra com resqu\u00edcios de droga dentro de um arm\u00e1rio; em 16NOV22, ap\u00f3s dilig\u00eancias, capturaram um indiv\u00edduo procurado pela Justi\u00e7a; no dia 18NOV22, a equipe se deparou com um indiv\u00edduo que, ao avistar a viatura da Pol\u00edcia Militar empreendeu fuga, ato este frustrado sendo abordado a busca pessoal, em posse do autor foi localizado 10 (dez) por\u00e7\u00f5es de coca\u00edna prontas para a mercancia sendo exarada a voz de pris\u00e3o em flagrante; em 23NOV22 prenderam 02 (dois) indiv\u00edduos no munic\u00edpio de Paulic\u00e9ia\/SP. Os policiais ap\u00f3s visualizarem um indiv\u00edduo com medidas cautelares no interior de um bar, ap\u00f3s busca pessoal foi encontrado no seu bolso uma muni\u00e7\u00e3o calibre 22, indagado, informou que possu\u00eda uma arma e havia guardado em seu vizinho. De imediato, deslocaram-se at\u00e9 a resid\u00eancia informada, logrando localizar uma garrucha calibre 22, com mais uma muni\u00e7\u00e3o e, dentro do fog\u00e3o havia um frasco contendo 12 (doze) por\u00e7\u00f5es de coca\u00edna; ressalta-se o profissionalismo da equipe em 30NOV22, ap\u00f3s den\u00fancias sobre um indiv\u00edduo efetuando disparos de arma de fogo, realizaram patrulhamento com vistas, sendo localizado em uma estrada de terra pelo munic\u00edpio de Panorama o indiv\u00edduo, o qual era conhecido por tr\u00e1fico de drogas e porte ilegal de arma de fogo, o infrator estava manuseando uma sacola na cor preta, onde na tentativa de realizar a abordagem, o indiv\u00edduo evadiu-se em uma motocicleta e arremessou a sacola na vegeta\u00e7\u00e3o ao lado.<br \/>\nEm ato cont\u00ednuo realizaram patrulhamento sendo visualizado o autor no interior de um ve\u00edculo, em abordagem e busca pessoal foi localizado a quantia de R$397,00, e indagado sobre a sacola, relatou que havia um armamento e certa quantidade de drogas. Devido o comprometimento e sagacidade da equipe, resultou na pris\u00e3o de um indiv\u00edduo por porte ilegal de arma de fogo\/ tr\u00e1fico de entorpecentes, a apreens\u00e3o de 1 (uma) garrucha com 3 (tr\u00eas) muni\u00e7\u00f5es intactas e 1 (uma) deflagrada cal. 38, 27 (vinte e sete) por\u00e7\u00f5es de coca\u00edna aferidos em 0,074Kg e uma balan\u00e7a de precis\u00e3o. Indubitavelmente, os policiais s\u00e3o merecedores de tal homenagem, proeminente o interesse pelo servi\u00e7o policial, al\u00e9m do devotamento para garantia da seguran\u00e7a da popula\u00e7\u00e3o.<br \/>\n#25BPMI<br \/>\n#CPI8<br \/>\n#POLICIAMILITARSP #AFOR\u00c7APUBLICADES\u00c3OPAULO<\/p>\n","protected":false},"excerpt":{"rendered":"<p>POLICIAIS MILITARES DA 4\u00aa COMPANHIA PM S\u00c3O ELEITOS POLICIAIS DO M\u00caS DE TODA \u00c1REA DO COMANDO DE POLICIAMENTO DO INTERIOR OITO NO M\u00caS DE NOVEMBRO PELO BOM TRABALHO DESEMPENHADO. O Sd PM Maysa e Sd PM Gelton, foram escolhidos &#8220;PM do m\u00eas de novembro de 2022&#8221; da \u00e1rea do 25\u00ba BPM\/I e tamb\u00e9m da \u00e1rea [&hellip;]<\/p>\n","protected":false},"author":1,"featured_media":72188,"comment_status":"closed","ping_status":"open","sticky":false,"template":"","format":"standard","meta":{"footnotes":""},"categories":[110,2],"tags":[],"class_list":["post-72187","post","type-post","status-publish","format-standard","has-post-thumbnail","hentry","category-noticiasdestaque","category-policial"],"_links":{"self":[{"href":"https:\/\/jorgezanoni.com.br\/2019\/wp-json\/wp\/v2\/posts\/72187","targetHints":{"allow":["GET"]}}],"collection":[{"href":"https:\/\/jorgezanoni.com.br\/2019\/wp-json\/wp\/v2\/posts"}],"about":[{"href":"https:\/\/jorgezanoni.com.br\/2019\/wp-json\/wp\/v2\/types\/post"}],"author":[{"embeddable":true,"href":"https:\/\/jorgezanoni.com.br\/2019\/wp-json\/wp\/v2\/users\/1"}],"replies":[{"embeddable":true,"href":"https:\/\/jorgezanoni.com.br\/2019\/wp-json\/wp\/v2\/comments?post=72187"}],"version-history":[{"count":1,"href":"https:\/\/jorgezanoni.com.br\/2019\/wp-json\/wp\/v2\/posts\/72187\/revisions"}],"predecessor-version":[{"id":72189,"href":"https:\/\/jorgezanoni.com.br\/2019\/wp-json\/wp\/v2\/posts\/72187\/revisions\/72189"}],"wp:featuredmedia":[{"embeddable":true,"href":"https:\/\/jorgezanoni.com.br\/2019\/wp-json\/wp\/v2\/media\/72188"}],"wp:attachment":[{"href":"https:\/\/jorgezanoni.com.br\/2019\/wp-json\/wp\/v2\/media?parent=72187"}],"wp:term":[{"taxonomy":"category","embeddable":true,"href":"https:\/\/jorgezanoni.com.br\/2019\/wp-json\/wp\/v2\/categories?post=72187"},{"taxonomy":"post_tag","embeddable":true,"href":"https:\/\/jorgezanoni.com.br\/2019\/wp-json\/wp\/v2\/tags?post=72187"}],"curies":[{"name":"wp","href":"https:\/\/api.w.org\/{rel}","templated":true}]}}