{"id":7216,"date":"2019-09-25T20:16:55","date_gmt":"2019-09-25T20:16:55","guid":{"rendered":"https:\/\/jorgezanoni.com.br\/2019\/?p=7216"},"modified":"2019-09-25T20:17:25","modified_gmt":"2019-09-25T20:17:25","slug":"onibus-e-veiculo-batem-em-esquina-com-semaforo","status":"publish","type":"post","link":"https:\/\/jorgezanoni.com.br\/2019\/onibus-e-veiculo-batem-em-esquina-com-semaforo\/","title":{"rendered":"\u00d4nibus e ve\u00edculo batem em esquina com Sem\u00e1foro"},"content":{"rendered":"<p style=\"text-align: justify;\">Na manh\u00e3 desta quarta-feira (25) aconteceu um acidente de tr\u00e2nsito entre um \u00f4nibus e um ve\u00edculo Fiat Strada.<\/p>\n<p style=\"text-align: justify;\">A colis\u00e3o foi na esquina esquina da avenida Washington Luiz com rua Esp\u00edrito Santo em local que existe Sem\u00e1foro, conhecida como esquina do Post\u00e3o (P\u00f4sto de Sa\u00fade Dr. Takashi Enokibara.<\/p>\n<p style=\"text-align: justify;\">Segundo informa\u00e7\u00f5es o coletivo fazia o sentido centro-bairro pela avenida quando o utilit\u00e1rio cruzou a sua frente e houve a batida. Com o impacto foram danificados um bra\u00e7o do Sem\u00e1foro e o guarda-corpo.<\/p>\n<p style=\"text-align: justify;\">Os dois ve\u00edculos sofreram danos e o Sem\u00e1foro ficou desligado. Ningu\u00e9m se feriu. O local foi sinalizado pela Secretaria de Tr\u00e2nsito e Assuntos Vi\u00e1rios que ir\u00e1 providenciar o conserto. Chovia no momento do acidente.<\/p>\n<p><img loading=\"lazy\" decoding=\"async\" class=\"alignnone size-full wp-image-7217\" src=\"https:\/\/jorgezanoni.com.br\/2019\/wp-content\/uploads\/2019\/09\/espresso7.jpg\" alt=\"\" width=\"555\" height=\"700\" srcset=\"https:\/\/jorgezanoni.com.br\/2019\/wp-content\/uploads\/2019\/09\/espresso7.jpg 555w, https:\/\/jorgezanoni.com.br\/2019\/wp-content\/uploads\/2019\/09\/espresso7-238x300.jpg 238w, https:\/\/jorgezanoni.com.br\/2019\/wp-content\/uploads\/2019\/09\/espresso7-333x420.jpg 333w\" sizes=\"auto, (max-width: 555px) 100vw, 555px\" \/> <img loading=\"lazy\" decoding=\"async\" class=\"alignnone size-full wp-image-7218\" src=\"https:\/\/jorgezanoni.com.br\/2019\/wp-content\/uploads\/2019\/09\/expresso.jpg\" alt=\"\" width=\"720\" height=\"1280\" srcset=\"https:\/\/jorgezanoni.com.br\/2019\/wp-content\/uploads\/2019\/09\/expresso.jpg 720w, https:\/\/jorgezanoni.com.br\/2019\/wp-content\/uploads\/2019\/09\/expresso-169x300.jpg 169w, https:\/\/jorgezanoni.com.br\/2019\/wp-content\/uploads\/2019\/09\/expresso-576x1024.jpg 576w, https:\/\/jorgezanoni.com.br\/2019\/wp-content\/uploads\/2019\/09\/expresso-696x1237.jpg 696w, https:\/\/jorgezanoni.com.br\/2019\/wp-content\/uploads\/2019\/09\/expresso-236x420.jpg 236w\" sizes=\"auto, (max-width: 720px) 100vw, 720px\" \/> <img loading=\"lazy\" decoding=\"async\" class=\"alignnone size-full wp-image-7219\" src=\"https:\/\/jorgezanoni.com.br\/2019\/wp-content\/uploads\/2019\/09\/expresso2.jpg\" alt=\"\" width=\"774\" height=\"1032\" srcset=\"https:\/\/jorgezanoni.com.br\/2019\/wp-content\/uploads\/2019\/09\/expresso2.jpg 774w, https:\/\/jorgezanoni.com.br\/2019\/wp-content\/uploads\/2019\/09\/expresso2-225x300.jpg 225w, https:\/\/jorgezanoni.com.br\/2019\/wp-content\/uploads\/2019\/09\/expresso2-768x1024.jpg 768w, https:\/\/jorgezanoni.com.br\/2019\/wp-content\/uploads\/2019\/09\/expresso2-696x928.jpg 696w, https:\/\/jorgezanoni.com.br\/2019\/wp-content\/uploads\/2019\/09\/expresso2-315x420.jpg 315w\" sizes=\"auto, (max-width: 774px) 100vw, 774px\" \/> <img loading=\"lazy\" decoding=\"async\" class=\"alignnone size-full wp-image-7220\" src=\"https:\/\/jorgezanoni.com.br\/2019\/wp-content\/uploads\/2019\/09\/expresso3.jpg\" alt=\"\" width=\"581\" height=\"1032\" srcset=\"https:\/\/jorgezanoni.com.br\/2019\/wp-content\/uploads\/2019\/09\/expresso3.jpg 581w, https:\/\/jorgezanoni.com.br\/2019\/wp-content\/uploads\/2019\/09\/expresso3-169x300.jpg 169w, https:\/\/jorgezanoni.com.br\/2019\/wp-content\/uploads\/2019\/09\/expresso3-576x1024.jpg 576w, https:\/\/jorgezanoni.com.br\/2019\/wp-content\/uploads\/2019\/09\/expresso3-236x420.jpg 236w\" sizes=\"auto, (max-width: 581px) 100vw, 581px\" \/> <img loading=\"lazy\" decoding=\"async\" class=\"alignnone size-full wp-image-7221\" src=\"https:\/\/jorgezanoni.com.br\/2019\/wp-content\/uploads\/2019\/09\/expresso4.jpg\" alt=\"\" width=\"533\" height=\"396\" srcset=\"https:\/\/jorgezanoni.com.br\/2019\/wp-content\/uploads\/2019\/09\/expresso4.jpg 533w, https:\/\/jorgezanoni.com.br\/2019\/wp-content\/uploads\/2019\/09\/expresso4-300x223.jpg 300w, https:\/\/jorgezanoni.com.br\/2019\/wp-content\/uploads\/2019\/09\/expresso4-80x60.jpg 80w, https:\/\/jorgezanoni.com.br\/2019\/wp-content\/uploads\/2019\/09\/expresso4-265x198.jpg 265w\" sizes=\"auto, (max-width: 533px) 100vw, 533px\" \/> <img loading=\"lazy\" decoding=\"async\" class=\"alignnone size-full wp-image-7222\" src=\"https:\/\/jorgezanoni.com.br\/2019\/wp-content\/uploads\/2019\/09\/expresso5.jpg\" alt=\"\" width=\"815\" height=\"579\" srcset=\"https:\/\/jorgezanoni.com.br\/2019\/wp-content\/uploads\/2019\/09\/expresso5.jpg 815w, https:\/\/jorgezanoni.com.br\/2019\/wp-content\/uploads\/2019\/09\/expresso5-300x213.jpg 300w, https:\/\/jorgezanoni.com.br\/2019\/wp-content\/uploads\/2019\/09\/expresso5-768x546.jpg 768w, https:\/\/jorgezanoni.com.br\/2019\/wp-content\/uploads\/2019\/09\/expresso5-100x70.jpg 100w, https:\/\/jorgezanoni.com.br\/2019\/wp-content\/uploads\/2019\/09\/expresso5-696x494.jpg 696w, https:\/\/jorgezanoni.com.br\/2019\/wp-content\/uploads\/2019\/09\/expresso5-591x420.jpg 591w\" sizes=\"auto, (max-width: 815px) 100vw, 815px\" \/> <img loading=\"lazy\" decoding=\"async\" class=\"alignnone size-full wp-image-7223\" src=\"https:\/\/jorgezanoni.com.br\/2019\/wp-content\/uploads\/2019\/09\/expresso6.jpg\" alt=\"\" width=\"934\" height=\"730\" srcset=\"https:\/\/jorgezanoni.com.br\/2019\/wp-content\/uploads\/2019\/09\/expresso6.jpg 934w, https:\/\/jorgezanoni.com.br\/2019\/wp-content\/uploads\/2019\/09\/expresso6-300x234.jpg 300w, https:\/\/jorgezanoni.com.br\/2019\/wp-content\/uploads\/2019\/09\/expresso6-768x600.jpg 768w, https:\/\/jorgezanoni.com.br\/2019\/wp-content\/uploads\/2019\/09\/expresso6-696x544.jpg 696w, https:\/\/jorgezanoni.com.br\/2019\/wp-content\/uploads\/2019\/09\/expresso6-537x420.jpg 537w\" sizes=\"auto, (max-width: 934px) 100vw, 934px\" \/> <img loading=\"lazy\" decoding=\"async\" class=\"alignnone size-full wp-image-7224\" src=\"https:\/\/jorgezanoni.com.br\/2019\/wp-content\/uploads\/2019\/09\/expressso1.jpg\" alt=\"\" width=\"720\" height=\"1280\" srcset=\"https:\/\/jorgezanoni.com.br\/2019\/wp-content\/uploads\/2019\/09\/expressso1.jpg 720w, https:\/\/jorgezanoni.com.br\/2019\/wp-content\/uploads\/2019\/09\/expressso1-169x300.jpg 169w, https:\/\/jorgezanoni.com.br\/2019\/wp-content\/uploads\/2019\/09\/expressso1-576x1024.jpg 576w, https:\/\/jorgezanoni.com.br\/2019\/wp-content\/uploads\/2019\/09\/expressso1-696x1237.jpg 696w, https:\/\/jorgezanoni.com.br\/2019\/wp-content\/uploads\/2019\/09\/expressso1-236x420.jpg 236w\" sizes=\"auto, (max-width: 720px) 100vw, 720px\" \/><img loading=\"lazy\" decoding=\"async\" class=\"alignnone size-full wp-image-7225\" src=\"https:\/\/jorgezanoni.com.br\/2019\/wp-content\/uploads\/2019\/09\/expressso8.jpg\" alt=\"\" width=\"533\" height=\"396\" srcset=\"https:\/\/jorgezanoni.com.br\/2019\/wp-content\/uploads\/2019\/09\/expressso8.jpg 533w, https:\/\/jorgezanoni.com.br\/2019\/wp-content\/uploads\/2019\/09\/expressso8-300x223.jpg 300w, https:\/\/jorgezanoni.com.br\/2019\/wp-content\/uploads\/2019\/09\/expressso8-80x60.jpg 80w, https:\/\/jorgezanoni.com.br\/2019\/wp-content\/uploads\/2019\/09\/expressso8-265x198.jpg 265w\" sizes=\"auto, (max-width: 533px) 100vw, 533px\" \/><\/p>\n<p style=\"text-align: justify;\">Jorge Zanoni<\/p>\n<p style=\"text-align: justify;\">Foto de Internauta<\/p>\n<p>&nbsp;<\/p>\n<p>&nbsp;<\/p>\n<p>&nbsp;<\/p>\n<p>&nbsp;<\/p>\n","protected":false},"excerpt":{"rendered":"<p>Na manh\u00e3 desta quarta-feira (25) aconteceu um acidente de tr\u00e2nsito entre um \u00f4nibus e um ve\u00edculo Fiat Strada. A colis\u00e3o foi na esquina esquina da avenida Washington Luiz com rua Esp\u00edrito Santo em local que existe Sem\u00e1foro, conhecida como esquina do Post\u00e3o (P\u00f4sto de Sa\u00fade Dr. Takashi Enokibara. Segundo informa\u00e7\u00f5es o coletivo fazia o sentido [&hellip;]<\/p>\n","protected":false},"author":1,"featured_media":7218,"comment_status":"closed","ping_status":"open","sticky":false,"template":"","format":"standard","meta":{"footnotes":""},"categories":[170,110],"tags":[],"class_list":["post-7216","post","type-post","status-publish","format-standard","has-post-thumbnail","hentry","category-acidentes","category-noticiasdestaque"],"_links":{"self":[{"href":"https:\/\/jorgezanoni.com.br\/2019\/wp-json\/wp\/v2\/posts\/7216","targetHints":{"allow":["GET"]}}],"collection":[{"href":"https:\/\/jorgezanoni.com.br\/2019\/wp-json\/wp\/v2\/posts"}],"about":[{"href":"https:\/\/jorgezanoni.com.br\/2019\/wp-json\/wp\/v2\/types\/post"}],"author":[{"embeddable":true,"href":"https:\/\/jorgezanoni.com.br\/2019\/wp-json\/wp\/v2\/users\/1"}],"replies":[{"embeddable":true,"href":"https:\/\/jorgezanoni.com.br\/2019\/wp-json\/wp\/v2\/comments?post=7216"}],"version-history":[{"count":0,"href":"https:\/\/jorgezanoni.com.br\/2019\/wp-json\/wp\/v2\/posts\/7216\/revisions"}],"wp:featuredmedia":[{"embeddable":true,"href":"https:\/\/jorgezanoni.com.br\/2019\/wp-json\/wp\/v2\/media\/7218"}],"wp:attachment":[{"href":"https:\/\/jorgezanoni.com.br\/2019\/wp-json\/wp\/v2\/media?parent=7216"}],"wp:term":[{"taxonomy":"category","embeddable":true,"href":"https:\/\/jorgezanoni.com.br\/2019\/wp-json\/wp\/v2\/categories?post=7216"},{"taxonomy":"post_tag","embeddable":true,"href":"https:\/\/jorgezanoni.com.br\/2019\/wp-json\/wp\/v2\/tags?post=7216"}],"curies":[{"name":"wp","href":"https:\/\/api.w.org\/{rel}","templated":true}]}}