{"id":72122,"date":"2022-12-17T16:11:02","date_gmt":"2022-12-17T16:11:02","guid":{"rendered":"https:\/\/jorgezanoni.com.br\/2019\/?p=72122"},"modified":"2022-12-17T16:11:02","modified_gmt":"2022-12-17T16:11:02","slug":"menor-e-apreendido-por-trafico-de-drogas-na-vila-barros-em-dracena","status":"publish","type":"post","link":"https:\/\/jorgezanoni.com.br\/2019\/menor-e-apreendido-por-trafico-de-drogas-na-vila-barros-em-dracena\/","title":{"rendered":"Menor \u00e9 apreendido por Tr\u00e1fico de Drogas na Vila Barros em Dracena"},"content":{"rendered":"<p style=\"text-align: justify;\"><strong>POL\u00cdCIA MILITAR EM DRACENA FAZ FLAGRANTE DE TR\u00c1FICO DE DROGAS FLAGRANTE (ATO INFRACIONAL). FATO ACONTECEU NA RUA JANUARIO BONITO X RUA EDSON DA SILVEIRA CAMPOS. SINDICADO TEM 15 ANOS.<\/strong><\/p>\n<p style=\"text-align: justify;\">NA NOITE DO DIA 15 POR VOLTA DAS 22H20MIN A EQUIPE DA POL\u00cdCIA MILITAR REALIZAVA PATRULHAMENTO PELO TERMINAL RODOVIARIO E RECEBEMOS INFORMA\u00c7\u00d5ES\u00a0 DE MORADORES QUE UM INDIV\u00cdDUO\u00a0 COM CAMISETA DE TIME ESTAVA TRAFICANDO PELO LOCAL E QUANDO AVISTOU A EQUIPE DA VIATURA CORREU EM DIRE\u00c7\u00c3O DA ESCOLA JULIETA GUEDES DE MENDON\u00c7A E DESLOCAMOS EM DIRE\u00c7\u00c3O DA ESCOLA E AVISTAMOS O INDIV\u00cdDUO QUE NESSE MOMENTO ARREMESSOU PARA DENTRO DE UMA \u00c1REA DE UMA RESID\u00caNCIA UM INV\u00d3LUCRO EM PLASTICO FILME E FOI DADO ORDEM DE PARADA E REALIZADO BUSCA PESSOAL E NADA DE ILICITO ENCONTRADO E FOI VERIFICADO O QUE TINHA ARREMESSADO E DENTRO DO INV\u00d3LUCRO FOI LOCALIZADO 13 PEDRAS DE CRACK PRONTAS PARA VENDA. FOI DADO VOZ DE APREENS\u00c3O FICANDO A DISPOSI\u00c7\u00c3O DA JUSTI\u00c7A.<\/p>\n<p>Fonte: Com. Social Pol\u00edcia Militar<\/p>\n","protected":false},"excerpt":{"rendered":"<p>POL\u00cdCIA MILITAR EM DRACENA FAZ FLAGRANTE DE TR\u00c1FICO DE DROGAS FLAGRANTE (ATO INFRACIONAL). FATO ACONTECEU NA RUA JANUARIO BONITO X RUA EDSON DA SILVEIRA CAMPOS. SINDICADO TEM 15 ANOS. NA NOITE DO DIA 15 POR VOLTA DAS 22H20MIN A EQUIPE DA POL\u00cdCIA MILITAR REALIZAVA PATRULHAMENTO PELO TERMINAL RODOVIARIO E RECEBEMOS INFORMA\u00c7\u00d5ES\u00a0 DE MORADORES QUE UM [&hellip;]<\/p>\n","protected":false},"author":1,"featured_media":72123,"comment_status":"closed","ping_status":"open","sticky":false,"template":"","format":"standard","meta":{"footnotes":""},"categories":[110,2],"tags":[],"class_list":["post-72122","post","type-post","status-publish","format-standard","has-post-thumbnail","hentry","category-noticiasdestaque","category-policial"],"_links":{"self":[{"href":"https:\/\/jorgezanoni.com.br\/2019\/wp-json\/wp\/v2\/posts\/72122","targetHints":{"allow":["GET"]}}],"collection":[{"href":"https:\/\/jorgezanoni.com.br\/2019\/wp-json\/wp\/v2\/posts"}],"about":[{"href":"https:\/\/jorgezanoni.com.br\/2019\/wp-json\/wp\/v2\/types\/post"}],"author":[{"embeddable":true,"href":"https:\/\/jorgezanoni.com.br\/2019\/wp-json\/wp\/v2\/users\/1"}],"replies":[{"embeddable":true,"href":"https:\/\/jorgezanoni.com.br\/2019\/wp-json\/wp\/v2\/comments?post=72122"}],"version-history":[{"count":1,"href":"https:\/\/jorgezanoni.com.br\/2019\/wp-json\/wp\/v2\/posts\/72122\/revisions"}],"predecessor-version":[{"id":72124,"href":"https:\/\/jorgezanoni.com.br\/2019\/wp-json\/wp\/v2\/posts\/72122\/revisions\/72124"}],"wp:featuredmedia":[{"embeddable":true,"href":"https:\/\/jorgezanoni.com.br\/2019\/wp-json\/wp\/v2\/media\/72123"}],"wp:attachment":[{"href":"https:\/\/jorgezanoni.com.br\/2019\/wp-json\/wp\/v2\/media?parent=72122"}],"wp:term":[{"taxonomy":"category","embeddable":true,"href":"https:\/\/jorgezanoni.com.br\/2019\/wp-json\/wp\/v2\/categories?post=72122"},{"taxonomy":"post_tag","embeddable":true,"href":"https:\/\/jorgezanoni.com.br\/2019\/wp-json\/wp\/v2\/tags?post=72122"}],"curies":[{"name":"wp","href":"https:\/\/api.w.org\/{rel}","templated":true}]}}