{"id":7211,"date":"2019-09-25T19:38:52","date_gmt":"2019-09-25T19:38:52","guid":{"rendered":"https:\/\/jorgezanoni.com.br\/2019\/?p=7211"},"modified":"2019-09-25T19:38:52","modified_gmt":"2019-09-25T19:38:52","slug":"morre-em-bauru-raul-marcal-da-silva","status":"publish","type":"post","link":"https:\/\/jorgezanoni.com.br\/2019\/morre-em-bauru-raul-marcal-da-silva\/","title":{"rendered":"Morre em Bauru, Raul Mar\u00e7al da Silva"},"content":{"rendered":"<p style=\"text-align: justify;\">Faleceu na tarde de hoje (25) de Insufici\u00eancia Card\u00edaca, o dracenense que estava residindo em Bauru, Raul Mar\u00e7al da Silva, aos 79 anos.<\/p>\n<p style=\"text-align: justify;\">Deixa a esposa, senhora C\u00e9lia e 4 filhos: Rauce, Adriana, Luciana e Jo\u00e3o Olavo e 8 netos.<\/p>\n<p><img loading=\"lazy\" decoding=\"async\" class=\"alignnone size-full wp-image-7213\" src=\"https:\/\/jorgezanoni.com.br\/2019\/wp-content\/uploads\/2019\/09\/Raul2.jpg\" alt=\"\" width=\"960\" height=\"637\" srcset=\"https:\/\/jorgezanoni.com.br\/2019\/wp-content\/uploads\/2019\/09\/Raul2.jpg 960w, https:\/\/jorgezanoni.com.br\/2019\/wp-content\/uploads\/2019\/09\/Raul2-300x199.jpg 300w, https:\/\/jorgezanoni.com.br\/2019\/wp-content\/uploads\/2019\/09\/Raul2-768x510.jpg 768w, https:\/\/jorgezanoni.com.br\/2019\/wp-content\/uploads\/2019\/09\/Raul2-696x462.jpg 696w, https:\/\/jorgezanoni.com.br\/2019\/wp-content\/uploads\/2019\/09\/Raul2-633x420.jpg 633w\" sizes=\"auto, (max-width: 960px) 100vw, 960px\" \/><\/p>\n<p style=\"text-align: justify;\">Raul foi s\u00f3cio Propriet\u00e1rio da Gr\u00e1fica J\u00f3ia e por muitos anos jogou no Amig\u00e3o Futebol Club. era amigo &#8220;Rei Pel\u00e9&#8221;.<\/p>\n<p><img loading=\"lazy\" decoding=\"async\" class=\"alignnone size-full wp-image-7214\" src=\"https:\/\/jorgezanoni.com.br\/2019\/wp-content\/uploads\/2019\/09\/RAUL-E-pEL\u00c9.jpg\" alt=\"\" width=\"298\" height=\"320\" srcset=\"https:\/\/jorgezanoni.com.br\/2019\/wp-content\/uploads\/2019\/09\/RAUL-E-pEL\u00c9.jpg 298w, https:\/\/jorgezanoni.com.br\/2019\/wp-content\/uploads\/2019\/09\/RAUL-E-pEL\u00c9-279x300.jpg 279w\" sizes=\"auto, (max-width: 298px) 100vw, 298px\" \/><\/p>\n<p style=\"text-align: justify;\">O Vel\u00f3rio est\u00e1 ocorrendo no Velat\u00f3rio Terra Branca, rua Gerson Fran\u00e7a, 5-55, Sala 1, em Bauru e o Sepultamento acontece amanh\u00e3 (26) no per\u00edodo da tarde em hor\u00e1rio a ser definido.<\/p>\n<p style=\"text-align: justify;\">De Dracena O Site JZ e a grande legi\u00e3o de amigos se solidariza com os familiares do querido Raul<\/p>\n<p style=\"text-align: justify;\">Jorge Zanoni<\/p>\n<p>&nbsp;<\/p>\n","protected":false},"excerpt":{"rendered":"<p>Faleceu na tarde de hoje (25) de Insufici\u00eancia Card\u00edaca, o dracenense que estava residindo em Bauru, Raul Mar\u00e7al da Silva, aos 79 anos. Deixa a esposa, senhora C\u00e9lia e 4 filhos: Rauce, Adriana, Luciana e Jo\u00e3o Olavo e 8 netos. Raul foi s\u00f3cio Propriet\u00e1rio da Gr\u00e1fica J\u00f3ia e por muitos anos jogou no Amig\u00e3o Futebol [&hellip;]<\/p>\n","protected":false},"author":1,"featured_media":7212,"comment_status":"closed","ping_status":"open","sticky":false,"template":"","format":"standard","meta":{"footnotes":""},"categories":[178,110],"tags":[],"class_list":["post-7211","post","type-post","status-publish","format-standard","has-post-thumbnail","hentry","category-notadefalecimento","category-noticiasdestaque"],"_links":{"self":[{"href":"https:\/\/jorgezanoni.com.br\/2019\/wp-json\/wp\/v2\/posts\/7211","targetHints":{"allow":["GET"]}}],"collection":[{"href":"https:\/\/jorgezanoni.com.br\/2019\/wp-json\/wp\/v2\/posts"}],"about":[{"href":"https:\/\/jorgezanoni.com.br\/2019\/wp-json\/wp\/v2\/types\/post"}],"author":[{"embeddable":true,"href":"https:\/\/jorgezanoni.com.br\/2019\/wp-json\/wp\/v2\/users\/1"}],"replies":[{"embeddable":true,"href":"https:\/\/jorgezanoni.com.br\/2019\/wp-json\/wp\/v2\/comments?post=7211"}],"version-history":[{"count":0,"href":"https:\/\/jorgezanoni.com.br\/2019\/wp-json\/wp\/v2\/posts\/7211\/revisions"}],"wp:featuredmedia":[{"embeddable":true,"href":"https:\/\/jorgezanoni.com.br\/2019\/wp-json\/wp\/v2\/media\/7212"}],"wp:attachment":[{"href":"https:\/\/jorgezanoni.com.br\/2019\/wp-json\/wp\/v2\/media?parent=7211"}],"wp:term":[{"taxonomy":"category","embeddable":true,"href":"https:\/\/jorgezanoni.com.br\/2019\/wp-json\/wp\/v2\/categories?post=7211"},{"taxonomy":"post_tag","embeddable":true,"href":"https:\/\/jorgezanoni.com.br\/2019\/wp-json\/wp\/v2\/tags?post=7211"}],"curies":[{"name":"wp","href":"https:\/\/api.w.org\/{rel}","templated":true}]}}