{"id":72081,"date":"2022-12-16T01:48:31","date_gmt":"2022-12-16T01:48:31","guid":{"rendered":"https:\/\/jorgezanoni.com.br\/2019\/?p=72081"},"modified":"2022-12-16T01:55:09","modified_gmt":"2022-12-16T01:55:09","slug":"juiz-de-dracena-dr-marcus-frazao-frota-recebe-medalha-brigadeiro-tobias","status":"publish","type":"post","link":"https:\/\/jorgezanoni.com.br\/2019\/juiz-de-dracena-dr-marcus-frazao-frota-recebe-medalha-brigadeiro-tobias\/","title":{"rendered":"Juiz de Dracena Dr. Marcus Fraz\u00e3o Frota, recebe medalha \u201cBrigadeiro Tobias&#8221;"},"content":{"rendered":"<p style=\"text-align: justify;\"><strong>POL\u00cdCIA MILITAR FAZ SOLENIDADE EM S\u00c3O PAULO E ENTREGA A MAIS ALTA CONDECORA\u00c7\u00c3O MILITAR AO MERIT\u00cdSSIMO JUIZ DE DIREITO DR MARCUS FRAZ\u00c3O<\/strong><\/p>\n<p style=\"text-align: justify;\">Na data de hoje (15) a Pol\u00edcia Militar do Estado de S\u00e3o Paulo (PMESP) completa 191 anos de exist\u00eancia e em comemora\u00e7\u00e3o \u00e0 data foi realizada na Academia de Pol\u00edcia Militar do Barro Branco uma Solenidade de Entrega da mais alta condecora\u00e7\u00e3o concedida pela Pol\u00edcia Militar que \u00e9 a \u201cMedalha Brigadeiro Tobias\u201d.<br \/>\nTal honraria foi institu\u00edda pelo Decreto Estadual n\u00ba 45.648, de 07 de dezembro de 1965 e destina-se a homenagear personalidades civis e militares que, em raz\u00e3o de suas atividades, t\u00eam prestado \u00e0 Institui\u00e7\u00e3o preciosa colabora\u00e7\u00e3o no desempenho de suas fun\u00e7\u00f5es.<br \/>\nRepresentando toda a regi\u00e3o de Dracena e Presidente Prudente tivemos a condecora\u00e7\u00e3o entregue para o Excelent\u00edssimo Merit\u00edssimo Sr Juiz Marcus Fraz\u00e3o Frota pelos relevantes prestados em nossa regi\u00e3o e principalmente pelas a\u00e7\u00f5es que culminaram na cria\u00e7\u00e3o do N\u00facleo de Media\u00e7\u00e3o Comunit\u00e1ria \u2013 Centro Judici\u00e1rio de Solu\u00e7\u00f5es de Conflito de Dracena.<br \/>\nO Merit\u00edssimo Juiz de Direito Dr Marcus foi acompanhado durante o evento pelo Comandante do CPI-8 Coronel PM Adriano Aran\u00e3o, pelo Comandante Interino do 25\u00ba BPM\/I Major PM J\u00falio Marcelo Romagnoli dos Santos. Estiveram presentes no evento tamb\u00e9m diversas autoridades entre elas o futuro Secret\u00e1rio de Seguran\u00e7a P\u00fablica Capit\u00e3o PM Derrite, o SubCmt da Pol\u00edcia Militar Coronel PM Nery, os Desembargadores do Tribunal de Justi\u00e7a de S\u00e3o Paulo Desembargador Fernando Ant\u00f4nio Torres Garcia, Desembargador Ricardo Anaf\u00e9, Desembargador Paulo Galizia. Bem como o Excelent\u00edssimo Juiz de Direito Presidente do Tribunal de Justi\u00e7a Dr. Orlando Geraldi.<\/p>\n<p><img loading=\"lazy\" decoding=\"async\" class=\"alignnone size-full wp-image-72083\" src=\"https:\/\/jorgezanoni.com.br\/2019\/wp-content\/uploads\/2022\/12\/juiz2-Pequeno.jpg\" alt=\"\" width=\"572\" height=\"480\" srcset=\"https:\/\/jorgezanoni.com.br\/2019\/wp-content\/uploads\/2022\/12\/juiz2-Pequeno.jpg 572w, https:\/\/jorgezanoni.com.br\/2019\/wp-content\/uploads\/2022\/12\/juiz2-Pequeno-300x252.jpg 300w, https:\/\/jorgezanoni.com.br\/2019\/wp-content\/uploads\/2022\/12\/juiz2-Pequeno-501x420.jpg 501w\" sizes=\"auto, (max-width: 572px) 100vw, 572px\" \/> <img loading=\"lazy\" decoding=\"async\" class=\"alignnone size-full wp-image-72084\" src=\"https:\/\/jorgezanoni.com.br\/2019\/wp-content\/uploads\/2022\/12\/juiz1-Pequeno.jpg\" alt=\"\" width=\"480\" height=\"772\" srcset=\"https:\/\/jorgezanoni.com.br\/2019\/wp-content\/uploads\/2022\/12\/juiz1-Pequeno.jpg 480w, https:\/\/jorgezanoni.com.br\/2019\/wp-content\/uploads\/2022\/12\/juiz1-Pequeno-187x300.jpg 187w, https:\/\/jorgezanoni.com.br\/2019\/wp-content\/uploads\/2022\/12\/juiz1-Pequeno-261x420.jpg 261w\" sizes=\"auto, (max-width: 480px) 100vw, 480px\" \/> <img loading=\"lazy\" decoding=\"async\" class=\"alignnone size-full wp-image-72085\" src=\"https:\/\/jorgezanoni.com.br\/2019\/wp-content\/uploads\/2022\/12\/juiz5-Pequeno.jpg\" alt=\"\" width=\"480\" height=\"640\" srcset=\"https:\/\/jorgezanoni.com.br\/2019\/wp-content\/uploads\/2022\/12\/juiz5-Pequeno.jpg 480w, https:\/\/jorgezanoni.com.br\/2019\/wp-content\/uploads\/2022\/12\/juiz5-Pequeno-225x300.jpg 225w, https:\/\/jorgezanoni.com.br\/2019\/wp-content\/uploads\/2022\/12\/juiz5-Pequeno-315x420.jpg 315w\" sizes=\"auto, (max-width: 480px) 100vw, 480px\" \/> <img loading=\"lazy\" decoding=\"async\" class=\"alignnone size-full wp-image-72086\" src=\"https:\/\/jorgezanoni.com.br\/2019\/wp-content\/uploads\/2022\/12\/juiz3-Pequeno.jpg\" alt=\"\" width=\"497\" height=\"480\" srcset=\"https:\/\/jorgezanoni.com.br\/2019\/wp-content\/uploads\/2022\/12\/juiz3-Pequeno.jpg 497w, https:\/\/jorgezanoni.com.br\/2019\/wp-content\/uploads\/2022\/12\/juiz3-Pequeno-300x290.jpg 300w, https:\/\/jorgezanoni.com.br\/2019\/wp-content\/uploads\/2022\/12\/juiz3-Pequeno-435x420.jpg 435w\" sizes=\"auto, (max-width: 497px) 100vw, 497px\" \/> <img loading=\"lazy\" decoding=\"async\" class=\"alignnone size-full wp-image-72087\" src=\"https:\/\/jorgezanoni.com.br\/2019\/wp-content\/uploads\/2022\/12\/juiz4-Pequeno.jpg\" alt=\"\" width=\"480\" height=\"700\" srcset=\"https:\/\/jorgezanoni.com.br\/2019\/wp-content\/uploads\/2022\/12\/juiz4-Pequeno.jpg 480w, https:\/\/jorgezanoni.com.br\/2019\/wp-content\/uploads\/2022\/12\/juiz4-Pequeno-206x300.jpg 206w, https:\/\/jorgezanoni.com.br\/2019\/wp-content\/uploads\/2022\/12\/juiz4-Pequeno-288x420.jpg 288w\" sizes=\"auto, (max-width: 480px) 100vw, 480px\" \/><img loading=\"lazy\" decoding=\"async\" class=\"alignnone size-full wp-image-72089\" src=\"https:\/\/jorgezanoni.com.br\/2019\/wp-content\/uploads\/2022\/12\/zzz.jpg\" alt=\"\" width=\"700\" height=\"525\" srcset=\"https:\/\/jorgezanoni.com.br\/2019\/wp-content\/uploads\/2022\/12\/zzz.jpg 700w, https:\/\/jorgezanoni.com.br\/2019\/wp-content\/uploads\/2022\/12\/zzz-300x225.jpg 300w, https:\/\/jorgezanoni.com.br\/2019\/wp-content\/uploads\/2022\/12\/zzz-80x60.jpg 80w, https:\/\/jorgezanoni.com.br\/2019\/wp-content\/uploads\/2022\/12\/zzz-265x198.jpg 265w, https:\/\/jorgezanoni.com.br\/2019\/wp-content\/uploads\/2022\/12\/zzz-696x522.jpg 696w, https:\/\/jorgezanoni.com.br\/2019\/wp-content\/uploads\/2022\/12\/zzz-560x420.jpg 560w\" sizes=\"auto, (max-width: 700px) 100vw, 700px\" \/><\/p>\n<p style=\"text-align: justify;\">#25BPMI<br \/>\n#CPI8<br \/>\n#POLICIAMILITARSP<br \/>\n#AFOR\u00c7APUBLICADES\u00c3OPAULO<\/p>\n","protected":false},"excerpt":{"rendered":"<p>POL\u00cdCIA MILITAR FAZ SOLENIDADE EM S\u00c3O PAULO E ENTREGA A MAIS ALTA CONDECORA\u00c7\u00c3O MILITAR AO MERIT\u00cdSSIMO JUIZ DE DIREITO DR MARCUS FRAZ\u00c3O Na data de hoje (15) a Pol\u00edcia Militar do Estado de S\u00e3o Paulo (PMESP) completa 191 anos de exist\u00eancia e em comemora\u00e7\u00e3o \u00e0 data foi realizada na Academia de Pol\u00edcia Militar do Barro [&hellip;]<\/p>\n","protected":false},"author":1,"featured_media":72082,"comment_status":"closed","ping_status":"open","sticky":false,"template":"","format":"standard","meta":{"footnotes":""},"categories":[120,110,2],"tags":[],"class_list":["post-72081","post","type-post","status-publish","format-standard","has-post-thumbnail","hentry","category-justicahabitacaotecnologia","category-noticiasdestaque","category-policial"],"_links":{"self":[{"href":"https:\/\/jorgezanoni.com.br\/2019\/wp-json\/wp\/v2\/posts\/72081","targetHints":{"allow":["GET"]}}],"collection":[{"href":"https:\/\/jorgezanoni.com.br\/2019\/wp-json\/wp\/v2\/posts"}],"about":[{"href":"https:\/\/jorgezanoni.com.br\/2019\/wp-json\/wp\/v2\/types\/post"}],"author":[{"embeddable":true,"href":"https:\/\/jorgezanoni.com.br\/2019\/wp-json\/wp\/v2\/users\/1"}],"replies":[{"embeddable":true,"href":"https:\/\/jorgezanoni.com.br\/2019\/wp-json\/wp\/v2\/comments?post=72081"}],"version-history":[{"count":2,"href":"https:\/\/jorgezanoni.com.br\/2019\/wp-json\/wp\/v2\/posts\/72081\/revisions"}],"predecessor-version":[{"id":72090,"href":"https:\/\/jorgezanoni.com.br\/2019\/wp-json\/wp\/v2\/posts\/72081\/revisions\/72090"}],"wp:featuredmedia":[{"embeddable":true,"href":"https:\/\/jorgezanoni.com.br\/2019\/wp-json\/wp\/v2\/media\/72082"}],"wp:attachment":[{"href":"https:\/\/jorgezanoni.com.br\/2019\/wp-json\/wp\/v2\/media?parent=72081"}],"wp:term":[{"taxonomy":"category","embeddable":true,"href":"https:\/\/jorgezanoni.com.br\/2019\/wp-json\/wp\/v2\/categories?post=72081"},{"taxonomy":"post_tag","embeddable":true,"href":"https:\/\/jorgezanoni.com.br\/2019\/wp-json\/wp\/v2\/tags?post=72081"}],"curies":[{"name":"wp","href":"https:\/\/api.w.org\/{rel}","templated":true}]}}