{"id":72017,"date":"2022-12-13T00:23:20","date_gmt":"2022-12-13T00:23:20","guid":{"rendered":"https:\/\/jorgezanoni.com.br\/2019\/?p=72017"},"modified":"2022-12-13T00:23:20","modified_gmt":"2022-12-13T00:23:20","slug":"viterra-bioenergia-ira-promover-primeira-caravana-de-natal-em-junqueiropolis","status":"publish","type":"post","link":"https:\/\/jorgezanoni.com.br\/2019\/viterra-bioenergia-ira-promover-primeira-caravana-de-natal-em-junqueiropolis\/","title":{"rendered":"Viterra Bioenergia ir\u00e1 promover primeira Caravana de Natal em Junqueir\u00f3polis"},"content":{"rendered":"<p style=\"text-align: justify;\">A Viterra Bioenergia ir\u00e1 promover, na pr\u00f3xima segunda-feira, 19 de dezembro, a primeira Caravana de Natal na cidade de Junqueir\u00f3polis. A a\u00e7\u00e3o social contar\u00e1 com ve\u00edculos decorados que ir\u00e3o iluminar as principais ruas do munic\u00edpio, com o objetivo de alegrar ainda mais as festividades dos moradores de Junqueir\u00f3polis.<\/p>\n<p style=\"text-align: justify;\">A caravana ir\u00e1 iniciar \u00e0s 20h na avenida 7 de Setembro, passar\u00e1 pela Avenida Rui Barbosa e ser\u00e1 finalizada na pra\u00e7a central, onde ser\u00e3o feitas entregas de presentes para crian\u00e7as at\u00e9 12 anos matriculadas nas escolas p\u00fablicas de Junqueir\u00f3polis. As 19h os ve\u00edculos decorados ir\u00e3o passar pelos bairros do munic\u00edpio, com o objetivo de chamar a popula\u00e7\u00e3o para prestigiar a a\u00e7\u00e3o no centro da cidade.<\/p>\n<p style=\"text-align: justify;\">Al\u00e9m dos ve\u00edculos decorados e iluminados, a caravana tamb\u00e9m ir\u00e1 contar com a participa\u00e7\u00e3o de colaboradores da empresa, personagens vivos e m\u00fasica natalina.<\/p>\n<p style=\"text-align: justify;\">A Viterra tamb\u00e9m ir\u00e1 promover a Caravana de Natal no munic\u00edpio de Guararapes, no dia 20 de dezembro.<\/p>\n<p style=\"text-align: justify;\"><strong>Vale presente<\/strong><\/p>\n<p style=\"text-align: justify;\">A entrega de presentes ser\u00e1 feita para crian\u00e7as com idade at\u00e9 12 anos matriculadas nas escolas estaduais e municipais de Junqueir\u00f3polis, com o objetivo de incentivar a educa\u00e7\u00e3o. Para a retirada do presente, o aluno dever\u00e1 apresentar o vale presente, que ser\u00e1 distribu\u00eddo previamente nas escolas.<strong>\u00a0<\/strong><\/p>\n<p style=\"text-align: justify;\"><strong>Viterra Bioenergia<\/strong><\/p>\n<p style=\"text-align: justify;\">A Viterra Bioenergia \u00e9 uma agroind\u00fastria que cultiva cana-de-a\u00e7\u00facar e, atrav\u00e9s do seu processamento, produz a\u00e7\u00facar, etanol e energia el\u00e9trica.<\/p>\n<p style=\"text-align: justify;\">A empresa possui duas unidades industriais localizadas no interior do Estado de S\u00e3o Paulo: Junqueir\u00f3polis (Unidade Rio Vermelho) e Guararapes (Unidade Nova Unialco).<\/p>\n<p style=\"text-align: justify;\">Atualmente, as Unidades Rio Vermelho e Nova Unialco possuem, juntas, a capacidade de processar mais de 6 milh\u00f5es de toneladas de cana-de-a\u00e7\u00facar por safra e empregam mais de 2,5 mil pessoas nas \u00e1reas agr\u00edcola, industrial e administrativa, al\u00e9m de gerar empregos em 22 cidades da regi\u00e3o.<\/p>\n<p>Fonte: Viterra Bioenergia<\/p>\n","protected":false},"excerpt":{"rendered":"<p>A Viterra Bioenergia ir\u00e1 promover, na pr\u00f3xima segunda-feira, 19 de dezembro, a primeira Caravana de Natal na cidade de Junqueir\u00f3polis. A a\u00e7\u00e3o social contar\u00e1 com ve\u00edculos decorados que ir\u00e3o iluminar as principais ruas do munic\u00edpio, com o objetivo de alegrar ainda mais as festividades dos moradores de Junqueir\u00f3polis. A caravana ir\u00e1 iniciar \u00e0s 20h na [&hellip;]<\/p>\n","protected":false},"author":1,"featured_media":72018,"comment_status":"closed","ping_status":"open","sticky":false,"template":"","format":"standard","meta":{"footnotes":""},"categories":[110,118],"tags":[],"class_list":["post-72017","post","type-post","status-publish","format-standard","has-post-thumbnail","hentry","category-noticiasdestaque","category-religiaoesolidariedade"],"_links":{"self":[{"href":"https:\/\/jorgezanoni.com.br\/2019\/wp-json\/wp\/v2\/posts\/72017","targetHints":{"allow":["GET"]}}],"collection":[{"href":"https:\/\/jorgezanoni.com.br\/2019\/wp-json\/wp\/v2\/posts"}],"about":[{"href":"https:\/\/jorgezanoni.com.br\/2019\/wp-json\/wp\/v2\/types\/post"}],"author":[{"embeddable":true,"href":"https:\/\/jorgezanoni.com.br\/2019\/wp-json\/wp\/v2\/users\/1"}],"replies":[{"embeddable":true,"href":"https:\/\/jorgezanoni.com.br\/2019\/wp-json\/wp\/v2\/comments?post=72017"}],"version-history":[{"count":1,"href":"https:\/\/jorgezanoni.com.br\/2019\/wp-json\/wp\/v2\/posts\/72017\/revisions"}],"predecessor-version":[{"id":72019,"href":"https:\/\/jorgezanoni.com.br\/2019\/wp-json\/wp\/v2\/posts\/72017\/revisions\/72019"}],"wp:featuredmedia":[{"embeddable":true,"href":"https:\/\/jorgezanoni.com.br\/2019\/wp-json\/wp\/v2\/media\/72018"}],"wp:attachment":[{"href":"https:\/\/jorgezanoni.com.br\/2019\/wp-json\/wp\/v2\/media?parent=72017"}],"wp:term":[{"taxonomy":"category","embeddable":true,"href":"https:\/\/jorgezanoni.com.br\/2019\/wp-json\/wp\/v2\/categories?post=72017"},{"taxonomy":"post_tag","embeddable":true,"href":"https:\/\/jorgezanoni.com.br\/2019\/wp-json\/wp\/v2\/tags?post=72017"}],"curies":[{"name":"wp","href":"https:\/\/api.w.org\/{rel}","templated":true}]}}