{"id":71911,"date":"2022-12-10T12:45:04","date_gmt":"2022-12-10T12:45:04","guid":{"rendered":"https:\/\/jorgezanoni.com.br\/2019\/?p=71911"},"modified":"2022-12-10T12:45:04","modified_gmt":"2022-12-10T12:45:04","slug":"cavalo-solto-na-pista-causa-grave-acidente-e-mata-uma-pessoa","status":"publish","type":"post","link":"https:\/\/jorgezanoni.com.br\/2019\/cavalo-solto-na-pista-causa-grave-acidente-e-mata-uma-pessoa\/","title":{"rendered":"Cavalo solto na pista causa grave acidente e mata uma pessoa"},"content":{"rendered":"<p style=\"text-align: justify;\">Um homem de 62 anos, morador de Osvaldo Cruz, morreu em um grave acidente ocorrido por volta das 19h50 desta sexta-feira (9) no km 587 + 700 metros da Rodovia Comandante Jo\u00e3o Ribeiro de Barros \u2013 (SP-294) em Luc\u00e9lia.<\/p>\n<p style=\"text-align: justify;\">A v\u00edtima fatal estava em um Renault Logan que atropelou um cavalo que estava na pista e em seguida \u201crodou\u201d e acabou atingindo uma carreta com placas de Pacaembu.<\/p>\n<p style=\"text-align: justify;\"><img loading=\"lazy\" decoding=\"async\" class=\"aligncenter wp-image-62804 size-large jetpack-lazy-image jetpack-lazy-image--handled\" src=\"https:\/\/i0.wp.com\/ifolharegional.com.br\/wp-content\/uploads\/2022\/12\/WhatsApp-Image-2022-12-10-at-02.34.24.jpeg?resize=740%2C377&amp;ssl=1\" sizes=\"auto, (max-width: 740px) 100vw, 740px\" srcset=\"https:\/\/i0.wp.com\/ifolharegional.com.br\/wp-content\/uploads\/2022\/12\/WhatsApp-Image-2022-12-10-at-02.34.24.jpeg?resize=1024%2C521&amp;ssl=1 1024w, https:\/\/i0.wp.com\/ifolharegional.com.br\/wp-content\/uploads\/2022\/12\/WhatsApp-Image-2022-12-10-at-02.34.24.jpeg?resize=300%2C153&amp;ssl=1 300w, https:\/\/i0.wp.com\/ifolharegional.com.br\/wp-content\/uploads\/2022\/12\/WhatsApp-Image-2022-12-10-at-02.34.24.jpeg?resize=768%2C391&amp;ssl=1 768w, https:\/\/i0.wp.com\/ifolharegional.com.br\/wp-content\/uploads\/2022\/12\/WhatsApp-Image-2022-12-10-at-02.34.24.jpeg?w=1280&amp;ssl=1 1280w\" alt=\"\" width=\"740\" height=\"377\" data-attachment-id=\"62804\" data-permalink=\"https:\/\/ifolharegional.com.br\/2022\/12\/10\/cavalo-solto-na-pista-causa-grave-acidente-e-mata-uma-pessoa\/whatsapp-image-2022-12-10-at-02-34-24\/\" data-orig-file=\"https:\/\/i0.wp.com\/ifolharegional.com.br\/wp-content\/uploads\/2022\/12\/WhatsApp-Image-2022-12-10-at-02.34.24.jpeg?fit=1280%2C651&amp;ssl=1\" data-orig-size=\"1280,651\" data-comments-opened=\"0\" data-image-meta=\"{&quot;aperture&quot;:&quot;0&quot;,&quot;credit&quot;:&quot;&quot;,&quot;camera&quot;:&quot;&quot;,&quot;caption&quot;:&quot;&quot;,&quot;created_timestamp&quot;:&quot;0&quot;,&quot;copyright&quot;:&quot;&quot;,&quot;focal_length&quot;:&quot;0&quot;,&quot;iso&quot;:&quot;0&quot;,&quot;shutter_speed&quot;:&quot;0&quot;,&quot;title&quot;:&quot;&quot;,&quot;orientation&quot;:&quot;0&quot;}\" data-image-title=\"WhatsApp Image 2022-12-10 at 02.34.24\" data-image-description=\"\" data-image-caption=\"\" data-medium-file=\"https:\/\/i0.wp.com\/ifolharegional.com.br\/wp-content\/uploads\/2022\/12\/WhatsApp-Image-2022-12-10-at-02.34.24.jpeg?fit=300%2C153&amp;ssl=1\" data-large-file=\"https:\/\/i0.wp.com\/ifolharegional.com.br\/wp-content\/uploads\/2022\/12\/WhatsApp-Image-2022-12-10-at-02.34.24.jpeg?fit=740%2C377&amp;ssl=1\" data-recalc-dims=\"1\" data-lazy-loaded=\"1\" \/><\/p>\n<p style=\"text-align: justify;\">Um motociclista tamb\u00e9m se envolveu no acidente e colidiu contra o equino que j\u00e1 estava morto na faixa de rolamento e acabou tombando. Ele ficou levemente ferido.<\/p>\n<p style=\"text-align: justify;\">O corpo do morador de Osvaldo Cruz foi levado para o Instituto M\u00e9dico Legal de Adamantina e os demais envolvidos receberam atendimento. O teste do baf\u00f4metro realizado nos envolvidos n\u00e3o apontou o uso de bebidas alco\u00f3licas.<\/p>\n<p style=\"text-align: justify;\">Atuaram na ocorr\u00eancia as equipes da concession\u00e1ria que administra a rodovia, Corpo de Bombeiros, Pol\u00edcia Militar Rodovi\u00e1ria e Pol\u00edcia Civil.<\/p>\n<p style=\"text-align: justify;\">Fonte: Folha Regional &#8211; Fotos: PMR<\/p>\n","protected":false},"excerpt":{"rendered":"<p>Um homem de 62 anos, morador de Osvaldo Cruz, morreu em um grave acidente ocorrido por volta das 19h50 desta sexta-feira (9) no km 587 + 700 metros da Rodovia Comandante Jo\u00e3o Ribeiro de Barros \u2013 (SP-294) em Luc\u00e9lia. A v\u00edtima fatal estava em um Renault Logan que atropelou um cavalo que estava na pista [&hellip;]<\/p>\n","protected":false},"author":1,"featured_media":71912,"comment_status":"closed","ping_status":"open","sticky":false,"template":"","format":"standard","meta":{"footnotes":""},"categories":[170,110],"tags":[],"class_list":["post-71911","post","type-post","status-publish","format-standard","has-post-thumbnail","hentry","category-acidentes","category-noticiasdestaque"],"_links":{"self":[{"href":"https:\/\/jorgezanoni.com.br\/2019\/wp-json\/wp\/v2\/posts\/71911","targetHints":{"allow":["GET"]}}],"collection":[{"href":"https:\/\/jorgezanoni.com.br\/2019\/wp-json\/wp\/v2\/posts"}],"about":[{"href":"https:\/\/jorgezanoni.com.br\/2019\/wp-json\/wp\/v2\/types\/post"}],"author":[{"embeddable":true,"href":"https:\/\/jorgezanoni.com.br\/2019\/wp-json\/wp\/v2\/users\/1"}],"replies":[{"embeddable":true,"href":"https:\/\/jorgezanoni.com.br\/2019\/wp-json\/wp\/v2\/comments?post=71911"}],"version-history":[{"count":1,"href":"https:\/\/jorgezanoni.com.br\/2019\/wp-json\/wp\/v2\/posts\/71911\/revisions"}],"predecessor-version":[{"id":71913,"href":"https:\/\/jorgezanoni.com.br\/2019\/wp-json\/wp\/v2\/posts\/71911\/revisions\/71913"}],"wp:featuredmedia":[{"embeddable":true,"href":"https:\/\/jorgezanoni.com.br\/2019\/wp-json\/wp\/v2\/media\/71912"}],"wp:attachment":[{"href":"https:\/\/jorgezanoni.com.br\/2019\/wp-json\/wp\/v2\/media?parent=71911"}],"wp:term":[{"taxonomy":"category","embeddable":true,"href":"https:\/\/jorgezanoni.com.br\/2019\/wp-json\/wp\/v2\/categories?post=71911"},{"taxonomy":"post_tag","embeddable":true,"href":"https:\/\/jorgezanoni.com.br\/2019\/wp-json\/wp\/v2\/tags?post=71911"}],"curies":[{"name":"wp","href":"https:\/\/api.w.org\/{rel}","templated":true}]}}