{"id":7188,"date":"2019-09-25T01:17:10","date_gmt":"2019-09-25T01:17:10","guid":{"rendered":"https:\/\/jorgezanoni.com.br\/2019\/?p=7188"},"modified":"2019-09-25T01:17:10","modified_gmt":"2019-09-25T01:17:10","slug":"bispo-paulo-gerald-visita-a-igreja-o-brasil-para-cristo-em-dracena","status":"publish","type":"post","link":"https:\/\/jorgezanoni.com.br\/2019\/bispo-paulo-gerald-visita-a-igreja-o-brasil-para-cristo-em-dracena\/","title":{"rendered":"Bispo Paulo Gerald visita a Igreja &#8221; O Brasil para Cristo&#8221; em Dracena"},"content":{"rendered":"<p style=\"text-align: justify;\">Estar\u00e1 em Dracena nos dias 20 e 21 de outubro, \u00e0s 19:30 Horas, o Bispo Paulo Geral em visita a Igreja &#8220;O Brasil para Cristo&#8221;. Todos est\u00e3o convidados.<\/p>\n<p style=\"text-align: justify;\">A Igreja fica na rua Nossa Senhora Aparecida pr\u00f3ximo \u00e0 C\u00e2mara Municipal.<\/p>\n<div id=\"fb-root\"><\/div>\n<p><script async=\"1\" defer=\"1\" crossorigin=\"anonymous\" src=\"https:\/\/connect.facebook.net\/en_US\/sdk.js#xfbml=1&amp;version=v4.0\"><\/script><\/p>\n<div class=\"fb-video\" data-href=\"https:\/\/www.facebook.com\/jorgeluizzanoni\/videos\/3162899743784142\/\" data-width=\"696\">\n<blockquote cite=\"https:\/\/www.facebook.com\/jorgeluizzanoni\/videos\/3162899743784142\/\" class=\"fb-xfbml-parse-ignore\"><p><a href=\"https:\/\/www.facebook.com\/jorgeluizzanoni\/videos\/3162899743784142\/\"><\/a><\/p>\n<p>Bispo Paulo Gerald visita a Igreja &quot; O Brasil para Cristo&quot; em Dracena.<\/p>\n<p>Posted by <a href=\"https:\/\/www.facebook.com\/jorgeluizzanoni\">Jorge Luiz Zanoni<\/a> on Tuesday, September 24, 2019<\/p><\/blockquote>\n<\/div>\n","protected":false},"excerpt":{"rendered":"<p>Estar\u00e1 em Dracena nos dias 20 e 21 de outubro, \u00e0s 19:30 Horas, o Bispo Paulo Geral em visita a Igreja &#8220;O Brasil para Cristo&#8221;. Todos est\u00e3o convidados. A Igreja fica na rua Nossa Senhora Aparecida pr\u00f3ximo \u00e0 C\u00e2mara Municipal. Bispo Paulo Gerald visita a Igreja &quot; O Brasil para Cristo&quot; em Dracena. Posted by [&hellip;]<\/p>\n","protected":false},"author":1,"featured_media":7189,"comment_status":"closed","ping_status":"open","sticky":false,"template":"","format":"video","meta":{"footnotes":""},"categories":[169],"tags":[],"class_list":["post-7188","post","type-post","status-publish","format-video","has-post-thumbnail","hentry","category-videos","post_format-post-format-video"],"_links":{"self":[{"href":"https:\/\/jorgezanoni.com.br\/2019\/wp-json\/wp\/v2\/posts\/7188","targetHints":{"allow":["GET"]}}],"collection":[{"href":"https:\/\/jorgezanoni.com.br\/2019\/wp-json\/wp\/v2\/posts"}],"about":[{"href":"https:\/\/jorgezanoni.com.br\/2019\/wp-json\/wp\/v2\/types\/post"}],"author":[{"embeddable":true,"href":"https:\/\/jorgezanoni.com.br\/2019\/wp-json\/wp\/v2\/users\/1"}],"replies":[{"embeddable":true,"href":"https:\/\/jorgezanoni.com.br\/2019\/wp-json\/wp\/v2\/comments?post=7188"}],"version-history":[{"count":0,"href":"https:\/\/jorgezanoni.com.br\/2019\/wp-json\/wp\/v2\/posts\/7188\/revisions"}],"wp:featuredmedia":[{"embeddable":true,"href":"https:\/\/jorgezanoni.com.br\/2019\/wp-json\/wp\/v2\/media\/7189"}],"wp:attachment":[{"href":"https:\/\/jorgezanoni.com.br\/2019\/wp-json\/wp\/v2\/media?parent=7188"}],"wp:term":[{"taxonomy":"category","embeddable":true,"href":"https:\/\/jorgezanoni.com.br\/2019\/wp-json\/wp\/v2\/categories?post=7188"},{"taxonomy":"post_tag","embeddable":true,"href":"https:\/\/jorgezanoni.com.br\/2019\/wp-json\/wp\/v2\/tags?post=7188"}],"curies":[{"name":"wp","href":"https:\/\/api.w.org\/{rel}","templated":true}]}}