{"id":71844,"date":"2022-12-07T22:30:22","date_gmt":"2022-12-07T22:30:22","guid":{"rendered":"https:\/\/jorgezanoni.com.br\/2019\/?p=71844"},"modified":"2022-12-07T22:30:22","modified_gmt":"2022-12-07T22:30:22","slug":"colisao-entre-carro-e-van-da-saude-municipal-de-rancharia-deixa-uma-pessoa-morta","status":"publish","type":"post","link":"https:\/\/jorgezanoni.com.br\/2019\/colisao-entre-carro-e-van-da-saude-municipal-de-rancharia-deixa-uma-pessoa-morta\/","title":{"rendered":"Colis\u00e3o entre carro e van da sa\u00fade municipal de Rancharia deixa uma pessoa morta"},"content":{"rendered":"<h2 class=\"content-head__subtitle\" style=\"text-align: justify;\"><strong>Acidente foi registrado \u00e0s 16h35 desta quarta-feira (7), na Estrada Vicinal Primo Melquiades da Silveira (RHR-154), que d\u00e1 acesso aos distritos de Agiss\u00ea e Gard\u00eania.<\/strong><\/h2>\n<div id=\"chunk-a1idn\" style=\"text-align: justify;\">\n<div class=\"mc-column content-text active-extra-styles \" data-block-type=\"unstyled\" data-block-weight=\"62\" data-block-id=\"3\">\n<p class=\"content-text__container \" data-track-category=\"Link no Texto\" data-track-links=\"\">Uma pessoa morreu v\u00edtima de acidente de tr\u00e2nsito na Estrada Vicinal Primo Melquiades da Silveira (RHR-154), que d\u00e1 acesso aos distritos de Agiss\u00ea e Gard\u00eania, na tarde desta quarta-feira (7), em\u00a0<a href=\"https:\/\/g1.globo.com\/sp\/presidente-prudente-regiao\/cidade\/rancharia\/\">Rancharia (SP)<\/a>. A colis\u00e3o envolveu um carro e uma van da sa\u00fade municipal da cidade em um trecho que, segundo a Pol\u00edcia Militar, fica pr\u00f3ximo ao bairro rural \u00c1gua Clara.<\/p>\n<\/div>\n<\/div>\n<div class=\"wall protected-content\">\n<div id=\"chunk-93rcf\" style=\"text-align: justify;\">\n<div class=\"mc-column content-text active-extra-styles \" data-block-type=\"unstyled\" data-block-weight=\"19\" data-block-id=\"4\">\n<p class=\"content-text__container \" data-track-category=\"Link no Texto\" data-track-links=\"\">Ap\u00f3s o choque entre os ve\u00edculos, a van saiu da pista e ainda bateu de frente em uma \u00e1rvore.<\/p>\n<\/div>\n<\/div>\n<div id=\"chunk-40rv7\" style=\"text-align: justify;\">\n<div class=\"mc-column content-text active-extra-styles \" data-block-type=\"unstyled\" data-block-weight=\"14\" data-block-id=\"5\">\n<p class=\"content-text__container \" data-track-category=\"Link no Texto\" data-track-links=\"\">De acordo com o Corpo de Bombeiros, a ocorr\u00eancia foi registrada \u00e0s 16h35.<\/p>\n<\/div>\n<\/div>\n<div id=\"chunk-83jtp\" style=\"text-align: justify;\">\n<div class=\"mc-column content-text active-extra-styles \" data-block-type=\"unstyled\" data-block-weight=\"32\" data-block-id=\"6\">\n<p class=\"content-text__container \" data-track-category=\"Link no Texto\" data-track-links=\"\">Em nota, a Prefeitura de Rancharia informou que a van transportava dez pessoas, sendo nove pacientes e o motorista. Eles voltavam de Presidente Prudente (SP) e seguiam para o distrito de Gard\u00eania.<\/p>\n<\/div>\n<\/div>\n<div id=\"chunk-d3rg4\">\n<div class=\"tag-manager-publicidade-container mc-has-reveal mc-has-ad-lazyload tag-manager-publicidade-banner_materia2 tag-manager-publicidade-container--carregado tag-manager-publicidade-container--visivel\" data-id=\"banner_materia2\" data-google-query-id=\"CMz486LG6PsCFSe7lQIdEmQLsw\">\n<div id=\"chunk-20pnr\" style=\"text-align: justify;\">\n<div class=\"mc-column content-text active-extra-styles \" data-block-type=\"unstyled\" data-block-weight=\"9\" data-block-id=\"8\">\n<p class=\"content-text__container \" data-track-category=\"Link no Texto\" data-track-links=\"\">Um paciente, que ainda n\u00e3o foi identificado, morreu.<\/p>\n<\/div>\n<\/div>\n<div id=\"chunk-bhlf2\" style=\"text-align: justify;\">\n<div class=\"mc-column content-text active-extra-styles \" data-block-type=\"unstyled\" data-block-weight=\"26\" data-block-id=\"9\">\n<p class=\"content-text__container \" data-track-category=\"Link no Texto\" data-track-links=\"\">Oito feridos foram levados para o Hospital e Maternidade de Rancharia e o motorista da van foi encaminhado para o Hospital Regional (HR), em Presidente Prudente.<\/p>\n<\/div>\n<\/div>\n<div id=\"chunk-97nch\" style=\"text-align: justify;\">\n<div class=\"mc-column content-text active-extra-styles \" data-block-type=\"unstyled\" data-block-weight=\"25\" data-block-id=\"10\">\n<p class=\"content-text__container \" data-track-category=\"Link no Texto\" data-track-links=\"\">Equipes do Corpo de Bombeiros e da Pol\u00edcia Militar compareceram ao local para o atendimento da ocorr\u00eancia e para a presta\u00e7\u00e3o de socorro \u00e0s v\u00edtimas.<\/p>\n<\/div>\n<\/div>\n<div id=\"chunk-512i2\" style=\"text-align: justify;\">\n<div class=\"row medium-uncollapsed content-media content-photo\" data-block-type=\"backstage-photo\" data-block-id=\"11\">\n<div class=\"mc-column content-media__container\">\n<div class=\"content-media-container glb-skeleton-box\">\n<figure class=\"content-media-figure\"><img decoding=\"async\" class=\"i-amphtml-fill-content i-amphtml-replaced-content\" src=\"https:\/\/s2.glbimg.com\/QPImmb0Di3y6q1wC-1d3Lp6tODo=\/0x639:1200x1546\/984x0\/smart\/filters:strip_icc()\/i.s3.glbimg.com\/v1\/AUTH_59edd422c0c84a879bd37670ae4f538a\/internal_photos\/bs\/2022\/5\/g\/iKCwKiQd6XI8GTD7ZIKw\/rancharia-1.jpg\" sizes=\"(max-width: 1366px) 648px, 100vw\" srcset=\"https:\/\/s2.glbimg.com\/u5oKMGlMtey0fZXLZNGMZL8cqMg=\/0x639:1200x1546\/1000x0\/smart\/filters:strip_icc()\/i.s3.glbimg.com\/v1\/AUTH_59edd422c0c84a879bd37670ae4f538a\/internal_photos\/bs\/2022\/5\/g\/iKCwKiQd6XI8GTD7ZIKw\/rancharia-1.jpg 1000w, https:\/\/s2.glbimg.com\/QPImmb0Di3y6q1wC-1d3Lp6tODo=\/0x639:1200x1546\/984x0\/smart\/filters:strip_icc()\/i.s3.glbimg.com\/v1\/AUTH_59edd422c0c84a879bd37670ae4f538a\/internal_photos\/bs\/2022\/5\/g\/iKCwKiQd6XI8GTD7ZIKw\/rancharia-1.jpg 984w, https:\/\/s2.glbimg.com\/ONBcq0jBBZ6KcGWC6BcHhZRds-I=\/0x639:1200x1546\/640x0\/smart\/filters:strip_icc()\/i.s3.glbimg.com\/v1\/AUTH_59edd422c0c84a879bd37670ae4f538a\/internal_photos\/bs\/2022\/5\/g\/iKCwKiQd6XI8GTD7ZIKw\/rancharia-1.jpg 640w, https:\/\/s2.glbimg.com\/_dEJwMoub5xcub6ePwmwhXdyiHM=\/0x639:1200x1546\/600x0\/smart\/filters:strip_icc()\/i.s3.glbimg.com\/v1\/AUTH_59edd422c0c84a879bd37670ae4f538a\/internal_photos\/bs\/2022\/5\/g\/iKCwKiQd6XI8GTD7ZIKw\/rancharia-1.jpg 600w\" alt=\"Acidente foi registrado na Estrada Vicinal Primo Melquiades da Silveira (RHR-154), que d\u00e1 acesso aos distritos de Agiss\u00ea e Gard\u00eania \u2014 Foto: Natalino Bueno\" \/><\/figure>\n<\/div>\n<p class=\"content-media__description \">Acidente foi registrado na Estrada Vicinal Primo Melquiades da Silveira (RHR-154), que d\u00e1 acesso aos distritos de Agiss\u00ea e Gard\u00eania \u2014 Foto: Natalino Bueno<\/p>\n<\/div>\n<\/div>\n<\/div>\n<div id=\"chunk-fdmj1\">\n<div class=\"row medium-uncollapsed content-media content-photo\" data-block-type=\"backstage-photo\" data-block-id=\"12\">\n<div class=\"mc-column content-media__container\">\n<div class=\"content-media-container glb-skeleton-box\" style=\"text-align: justify;\">\n<figure class=\"content-media-figure\"><img decoding=\"async\" class=\"i-amphtml-fill-content i-amphtml-replaced-content\" src=\"https:\/\/s2.glbimg.com\/a0pVIdSqn7HUYIovE25Rgf_kIrs=\/0x370:1200x1183\/984x0\/smart\/filters:strip_icc()\/i.s3.glbimg.com\/v1\/AUTH_59edd422c0c84a879bd37670ae4f538a\/internal_photos\/bs\/2022\/B\/B\/WTo4KSQ6SZ07NrbFJKAA\/rancharia-2.jpg\" sizes=\"(max-width: 1366px) 648px, 100vw\" srcset=\"https:\/\/s2.glbimg.com\/RIDqdeZRNlFZ_Jy3g7p3VFq4OaA=\/0x370:1200x1183\/1000x0\/smart\/filters:strip_icc()\/i.s3.glbimg.com\/v1\/AUTH_59edd422c0c84a879bd37670ae4f538a\/internal_photos\/bs\/2022\/B\/B\/WTo4KSQ6SZ07NrbFJKAA\/rancharia-2.jpg 1000w, https:\/\/s2.glbimg.com\/a0pVIdSqn7HUYIovE25Rgf_kIrs=\/0x370:1200x1183\/984x0\/smart\/filters:strip_icc()\/i.s3.glbimg.com\/v1\/AUTH_59edd422c0c84a879bd37670ae4f538a\/internal_photos\/bs\/2022\/B\/B\/WTo4KSQ6SZ07NrbFJKAA\/rancharia-2.jpg 984w, https:\/\/s2.glbimg.com\/0iDfO5FbDIe1_GqXMIls5ab2IZ0=\/0x370:1200x1183\/640x0\/smart\/filters:strip_icc()\/i.s3.glbimg.com\/v1\/AUTH_59edd422c0c84a879bd37670ae4f538a\/internal_photos\/bs\/2022\/B\/B\/WTo4KSQ6SZ07NrbFJKAA\/rancharia-2.jpg 640w, https:\/\/s2.glbimg.com\/TNgi35mTbcpngm1kRRWNsH65DAA=\/0x370:1200x1183\/600x0\/smart\/filters:strip_icc()\/i.s3.glbimg.com\/v1\/AUTH_59edd422c0c84a879bd37670ae4f538a\/internal_photos\/bs\/2022\/B\/B\/WTo4KSQ6SZ07NrbFJKAA\/rancharia-2.jpg 600w\" alt=\"Acidente foi registrado na Estrada Vicinal Primo Melquiades da Silveira (RHR-154), que d\u00e1 acesso aos distritos de Agiss\u00ea e Gard\u00eania \u2014 Foto: Natalino Bueno\" \/><\/figure>\n<\/div>\n<p class=\"content-media__description \" style=\"text-align: justify;\">Acidente foi registrado na Estrada Vicinal Primo Melquiades da Silveira (RHR-154), que d\u00e1 acesso aos distritos de Agiss\u00ea e Gard\u00eania \u2014 Foto: Natalino Bueno<\/p>\n<div id=\"chunk-fmlha\" style=\"text-align: justify;\">\n<div class=\"row medium-uncollapsed content-media content-photo\" data-block-type=\"backstage-photo\" data-block-id=\"14\">\n<div class=\"mc-column content-media__container\">\n<div class=\"content-media-container glb-skeleton-box\">\n<figure class=\"content-media-figure\"><img decoding=\"async\" class=\"i-amphtml-fill-content i-amphtml-replaced-content\" src=\"https:\/\/s2.glbimg.com\/a4e7-SOdDZwAyosZjH3UTkt1SZ4=\/0x191:1600x1122\/984x0\/smart\/filters:strip_icc()\/i.s3.glbimg.com\/v1\/AUTH_59edd422c0c84a879bd37670ae4f538a\/internal_photos\/bs\/2022\/A\/5\/SgFPZKTXKlPrCDvnTPSg\/rancharia-4.jpg\" sizes=\"(max-width: 1366px) 648px, 100vw\" srcset=\"https:\/\/s2.glbimg.com\/9cTntDC0NiQy-0vbJE70AN1PQyE=\/0x191:1600x1122\/1000x0\/smart\/filters:strip_icc()\/i.s3.glbimg.com\/v1\/AUTH_59edd422c0c84a879bd37670ae4f538a\/internal_photos\/bs\/2022\/A\/5\/SgFPZKTXKlPrCDvnTPSg\/rancharia-4.jpg 1000w, https:\/\/s2.glbimg.com\/a4e7-SOdDZwAyosZjH3UTkt1SZ4=\/0x191:1600x1122\/984x0\/smart\/filters:strip_icc()\/i.s3.glbimg.com\/v1\/AUTH_59edd422c0c84a879bd37670ae4f538a\/internal_photos\/bs\/2022\/A\/5\/SgFPZKTXKlPrCDvnTPSg\/rancharia-4.jpg 984w, https:\/\/s2.glbimg.com\/lkvR4JomvDNDcyG_yu4nD446sDc=\/0x191:1600x1122\/640x0\/smart\/filters:strip_icc()\/i.s3.glbimg.com\/v1\/AUTH_59edd422c0c84a879bd37670ae4f538a\/internal_photos\/bs\/2022\/A\/5\/SgFPZKTXKlPrCDvnTPSg\/rancharia-4.jpg 640w, https:\/\/s2.glbimg.com\/tve7SaLncXPeIFaFZ_j1wqJF8FU=\/0x191:1600x1122\/600x0\/smart\/filters:strip_icc()\/i.s3.glbimg.com\/v1\/AUTH_59edd422c0c84a879bd37670ae4f538a\/internal_photos\/bs\/2022\/A\/5\/SgFPZKTXKlPrCDvnTPSg\/rancharia-4.jpg 600w\" alt=\"Acidente foi registrado na Estrada Vicinal Primo Melquiades da Silveira (RHR-154), que d\u00e1 acesso aos distritos de Agiss\u00ea e Gard\u00eania \u2014 Foto: Natalino Bueno\" \/><\/figure>\n<\/div>\n<p class=\"content-media__description \">Acidente foi registrado na Estrada Vicinal Primo Melquiades da Silveira (RHR-154), que d\u00e1 acesso aos distritos de Agiss\u00ea e Gard\u00eania \u2014 Foto: Natalino Bueno<\/p>\n<\/div>\n<\/div>\n<\/div>\n<div id=\"chunk-748tc\">\n<div class=\"row medium-uncollapsed content-media content-photo\" data-block-type=\"backstage-photo\" data-block-id=\"15\">\n<div class=\"mc-column content-media__container\">\n<div class=\"content-media-container glb-skeleton-box\" style=\"text-align: justify;\">\n<figure class=\"content-media-figure\"><img decoding=\"async\" class=\"i-amphtml-fill-content i-amphtml-replaced-content\" src=\"https:\/\/s2.glbimg.com\/byk-Vfw3jr0qwTAwxcNqnBzQKzs=\/0x460:1200x1367\/984x0\/smart\/filters:strip_icc()\/i.s3.glbimg.com\/v1\/AUTH_59edd422c0c84a879bd37670ae4f538a\/internal_photos\/bs\/2022\/a\/m\/nBgxZlSAyGk83sVw1IbQ\/rancharia-5.jpg\" sizes=\"(max-width: 1366px) 648px, 100vw\" srcset=\"https:\/\/s2.glbimg.com\/W5ZYy2qSlVLxEPBh23JSCvIFg4s=\/0x460:1200x1367\/1000x0\/smart\/filters:strip_icc()\/i.s3.glbimg.com\/v1\/AUTH_59edd422c0c84a879bd37670ae4f538a\/internal_photos\/bs\/2022\/a\/m\/nBgxZlSAyGk83sVw1IbQ\/rancharia-5.jpg 1000w, https:\/\/s2.glbimg.com\/byk-Vfw3jr0qwTAwxcNqnBzQKzs=\/0x460:1200x1367\/984x0\/smart\/filters:strip_icc()\/i.s3.glbimg.com\/v1\/AUTH_59edd422c0c84a879bd37670ae4f538a\/internal_photos\/bs\/2022\/a\/m\/nBgxZlSAyGk83sVw1IbQ\/rancharia-5.jpg 984w, https:\/\/s2.glbimg.com\/t0EH8HxBu8Q24bD6Tt8hICJAHxA=\/0x460:1200x1367\/640x0\/smart\/filters:strip_icc()\/i.s3.glbimg.com\/v1\/AUTH_59edd422c0c84a879bd37670ae4f538a\/internal_photos\/bs\/2022\/a\/m\/nBgxZlSAyGk83sVw1IbQ\/rancharia-5.jpg 640w, https:\/\/s2.glbimg.com\/NvDUNreT1IwQPZabjP8gQmHXXkc=\/0x460:1200x1367\/600x0\/smart\/filters:strip_icc()\/i.s3.glbimg.com\/v1\/AUTH_59edd422c0c84a879bd37670ae4f538a\/internal_photos\/bs\/2022\/a\/m\/nBgxZlSAyGk83sVw1IbQ\/rancharia-5.jpg 600w\" alt=\"Acidente foi registrado na Estrada Vicinal Primo Melquiades da Silveira (RHR-154), que d\u00e1 acesso aos distritos de Agiss\u00ea e Gard\u00eania \u2014 Foto: Natalino Bueno\" \/><\/figure>\n<\/div>\n<p class=\"content-media__description \" style=\"text-align: justify;\">Acidente foi registrado na Estrada Vicinal Primo Melquiades da Silveira (RHR-154), que d\u00e1 acesso aos distritos de Agiss\u00ea e Gard\u00eania \u2014 Foto: Natalino Bueno<\/p>\n<div id=\"chunk-6qpmh\" style=\"text-align: justify;\">\n<div class=\"row medium-uncollapsed content-media content-photo\" data-block-type=\"backstage-photo\" data-block-id=\"20\">\n<div class=\"mc-column content-media__container\">\n<div class=\"content-media-container glb-skeleton-box\">\n<figure class=\"content-media-figure\"><img decoding=\"async\" class=\"i-amphtml-fill-content i-amphtml-replaced-content\" src=\"https:\/\/s2.glbimg.com\/id0kYypEAYh_CSNxq8G-SN6bITY=\/0x455:1200x1432\/984x0\/smart\/filters:strip_icc()\/i.s3.glbimg.com\/v1\/AUTH_59edd422c0c84a879bd37670ae4f538a\/internal_photos\/bs\/2022\/F\/b\/Z6bO4ARQ2ps9JpvnXskA\/rancharia-8.jpg\" sizes=\"(max-width: 1366px) 648px, 100vw\" srcset=\"https:\/\/s2.glbimg.com\/rO-X_HS_WDluoulaKFwHPPiO_Tc=\/0x455:1200x1432\/1000x0\/smart\/filters:strip_icc()\/i.s3.glbimg.com\/v1\/AUTH_59edd422c0c84a879bd37670ae4f538a\/internal_photos\/bs\/2022\/F\/b\/Z6bO4ARQ2ps9JpvnXskA\/rancharia-8.jpg 1000w, https:\/\/s2.glbimg.com\/id0kYypEAYh_CSNxq8G-SN6bITY=\/0x455:1200x1432\/984x0\/smart\/filters:strip_icc()\/i.s3.glbimg.com\/v1\/AUTH_59edd422c0c84a879bd37670ae4f538a\/internal_photos\/bs\/2022\/F\/b\/Z6bO4ARQ2ps9JpvnXskA\/rancharia-8.jpg 984w, https:\/\/s2.glbimg.com\/ZratBKh14bqclO84SyHKZK3XBv4=\/0x455:1200x1432\/640x0\/smart\/filters:strip_icc()\/i.s3.glbimg.com\/v1\/AUTH_59edd422c0c84a879bd37670ae4f538a\/internal_photos\/bs\/2022\/F\/b\/Z6bO4ARQ2ps9JpvnXskA\/rancharia-8.jpg 640w, https:\/\/s2.glbimg.com\/GlIaJrMQJ2fMu5W-tXkIqNPPqKE=\/0x455:1200x1432\/600x0\/smart\/filters:strip_icc()\/i.s3.glbimg.com\/v1\/AUTH_59edd422c0c84a879bd37670ae4f538a\/internal_photos\/bs\/2022\/F\/b\/Z6bO4ARQ2ps9JpvnXskA\/rancharia-8.jpg 600w\" alt=\"Acidente foi registrado na Estrada Vicinal Primo Melquiades da Silveira (RHR-154), que d\u00e1 acesso aos distritos de Agiss\u00ea e Gard\u00eania \u2014 Foto: Natalino Bueno\" \/><\/figure>\n<\/div>\n<p class=\"content-media__description \">Acidente foi registrado na Estrada Vicinal Primo Melquiades da Silveira (RHR-154), que d\u00e1 acesso aos distritos de Agiss\u00ea e Gard\u00eania \u2014 Foto: Natalino Bueno<\/p>\n<\/div>\n<\/div>\n<\/div>\n<div id=\"chunk-42h2t\">\n<div class=\"row medium-uncollapsed content-media content-photo\" data-block-type=\"backstage-photo\" data-block-id=\"21\">\n<div class=\"mc-column content-media__container\">\n<div class=\"content-media-container glb-skeleton-box\" style=\"text-align: justify;\">\n<figure class=\"content-media-figure\"><img decoding=\"async\" class=\"i-amphtml-fill-content i-amphtml-replaced-content\" src=\"https:\/\/s2.glbimg.com\/66Hre-qBH7rKI-_djB96S72bees=\/0x0:1600x1200\/984x0\/smart\/filters:strip_icc()\/i.s3.glbimg.com\/v1\/AUTH_59edd422c0c84a879bd37670ae4f538a\/internal_photos\/bs\/2022\/A\/B\/VAmiqJTwa8GLY58WYJUg\/rancharia-9.jpg\" sizes=\"(max-width: 1366px) 648px, 100vw\" srcset=\"https:\/\/s2.glbimg.com\/nB8K8OpiRx7SQdTa0vhMwTXisFY=\/0x0:1600x1200\/1000x0\/smart\/filters:strip_icc()\/i.s3.glbimg.com\/v1\/AUTH_59edd422c0c84a879bd37670ae4f538a\/internal_photos\/bs\/2022\/A\/B\/VAmiqJTwa8GLY58WYJUg\/rancharia-9.jpg 1000w, https:\/\/s2.glbimg.com\/66Hre-qBH7rKI-_djB96S72bees=\/0x0:1600x1200\/984x0\/smart\/filters:strip_icc()\/i.s3.glbimg.com\/v1\/AUTH_59edd422c0c84a879bd37670ae4f538a\/internal_photos\/bs\/2022\/A\/B\/VAmiqJTwa8GLY58WYJUg\/rancharia-9.jpg 984w, https:\/\/s2.glbimg.com\/67H5gmxp_IcvCiUWERBRsw-euGI=\/0x0:1600x1200\/640x0\/smart\/filters:strip_icc()\/i.s3.glbimg.com\/v1\/AUTH_59edd422c0c84a879bd37670ae4f538a\/internal_photos\/bs\/2022\/A\/B\/VAmiqJTwa8GLY58WYJUg\/rancharia-9.jpg 640w, https:\/\/s2.glbimg.com\/xRPVwucBryyhZIwjhSeL5YsHerU=\/0x0:1600x1200\/600x0\/smart\/filters:strip_icc()\/i.s3.glbimg.com\/v1\/AUTH_59edd422c0c84a879bd37670ae4f538a\/internal_photos\/bs\/2022\/A\/B\/VAmiqJTwa8GLY58WYJUg\/rancharia-9.jpg 600w\" alt=\"Acidente foi registrado na Estrada Vicinal Primo Melquiades da Silveira (RHR-154), que d\u00e1 acesso aos distritos de Agiss\u00ea e Gard\u00eania \u2014 Foto: Natalino Bueno\" \/><\/figure>\n<\/div>\n<p class=\"content-media__description \" style=\"text-align: justify;\">Acidente foi registrado na Estrada Vicinal Primo Melquiades da Silveira (RHR-154), que d\u00e1 acesso aos distritos de Agiss\u00ea e Gard\u00eania \u2014 Foto: Natalino Bueno<\/p>\n<div class=\"content-media-container glb-skeleton-box\" style=\"text-align: justify;\">\n<figure class=\"content-media-figure\"><img decoding=\"async\" class=\"i-amphtml-fill-content i-amphtml-replaced-content\" src=\"https:\/\/s2.glbimg.com\/Wz6iJgYUrVfIMrMKFUzsYxPFlRo=\/0x0:1600x1200\/984x0\/smart\/filters:strip_icc()\/i.s3.glbimg.com\/v1\/AUTH_59edd422c0c84a879bd37670ae4f538a\/internal_photos\/bs\/2022\/P\/o\/O4Jn1bQAuZZYI5zw6giA\/rancharia-10.jpg\" sizes=\"(max-width: 1366px) 648px, 100vw\" srcset=\"https:\/\/s2.glbimg.com\/rURLXXPZjIKOdyEh_CFVdvkVnF8=\/0x0:1600x1200\/1000x0\/smart\/filters:strip_icc()\/i.s3.glbimg.com\/v1\/AUTH_59edd422c0c84a879bd37670ae4f538a\/internal_photos\/bs\/2022\/P\/o\/O4Jn1bQAuZZYI5zw6giA\/rancharia-10.jpg 1000w, https:\/\/s2.glbimg.com\/Wz6iJgYUrVfIMrMKFUzsYxPFlRo=\/0x0:1600x1200\/984x0\/smart\/filters:strip_icc()\/i.s3.glbimg.com\/v1\/AUTH_59edd422c0c84a879bd37670ae4f538a\/internal_photos\/bs\/2022\/P\/o\/O4Jn1bQAuZZYI5zw6giA\/rancharia-10.jpg 984w, https:\/\/s2.glbimg.com\/jm6wG_niaijAd7sULXhPPTWcbaQ=\/0x0:1600x1200\/640x0\/smart\/filters:strip_icc()\/i.s3.glbimg.com\/v1\/AUTH_59edd422c0c84a879bd37670ae4f538a\/internal_photos\/bs\/2022\/P\/o\/O4Jn1bQAuZZYI5zw6giA\/rancharia-10.jpg 640w, https:\/\/s2.glbimg.com\/qZXzumMOqggSwrBxQ7TgoM3pEx4=\/0x0:1600x1200\/600x0\/smart\/filters:strip_icc()\/i.s3.glbimg.com\/v1\/AUTH_59edd422c0c84a879bd37670ae4f538a\/internal_photos\/bs\/2022\/P\/o\/O4Jn1bQAuZZYI5zw6giA\/rancharia-10.jpg 600w\" alt=\"Acidente foi registrado na Estrada Vicinal Primo Melquiades da Silveira (RHR-154), que d\u00e1 acesso aos distritos de Agiss\u00ea e Gard\u00eania \u2014 Foto: Natalino Bueno\" \/><\/figure>\n<\/div>\n<p class=\"content-media__description \" style=\"text-align: justify;\">Acidente foi registrado na Estrada Vicinal Primo Melquiades da Silveira (RHR-154), que d\u00e1 acesso aos distritos de Agiss\u00ea e Gard\u00eania \u2014 Foto: Natalino Bueno<\/p>\n<p style=\"text-align: justify;\">Fonte: G1<\/p>\n<\/div>\n<\/div>\n<\/div>\n<\/div>\n<\/div>\n<\/div>\n<\/div>\n<\/div>\n<\/div>\n<\/div>\n<\/div>\n<\/div>\n","protected":false},"excerpt":{"rendered":"<p>Acidente foi registrado \u00e0s 16h35 desta quarta-feira (7), na Estrada Vicinal Primo Melquiades da Silveira (RHR-154), que d\u00e1 acesso aos distritos de Agiss\u00ea e Gard\u00eania. Uma pessoa morreu v\u00edtima de acidente de tr\u00e2nsito na Estrada Vicinal Primo Melquiades da Silveira (RHR-154), que d\u00e1 acesso aos distritos de Agiss\u00ea e Gard\u00eania, na tarde desta quarta-feira (7), [&hellip;]<\/p>\n","protected":false},"author":1,"featured_media":71845,"comment_status":"closed","ping_status":"open","sticky":false,"template":"","format":"standard","meta":{"footnotes":""},"categories":[170,110],"tags":[],"class_list":["post-71844","post","type-post","status-publish","format-standard","has-post-thumbnail","hentry","category-acidentes","category-noticiasdestaque"],"_links":{"self":[{"href":"https:\/\/jorgezanoni.com.br\/2019\/wp-json\/wp\/v2\/posts\/71844","targetHints":{"allow":["GET"]}}],"collection":[{"href":"https:\/\/jorgezanoni.com.br\/2019\/wp-json\/wp\/v2\/posts"}],"about":[{"href":"https:\/\/jorgezanoni.com.br\/2019\/wp-json\/wp\/v2\/types\/post"}],"author":[{"embeddable":true,"href":"https:\/\/jorgezanoni.com.br\/2019\/wp-json\/wp\/v2\/users\/1"}],"replies":[{"embeddable":true,"href":"https:\/\/jorgezanoni.com.br\/2019\/wp-json\/wp\/v2\/comments?post=71844"}],"version-history":[{"count":1,"href":"https:\/\/jorgezanoni.com.br\/2019\/wp-json\/wp\/v2\/posts\/71844\/revisions"}],"predecessor-version":[{"id":71846,"href":"https:\/\/jorgezanoni.com.br\/2019\/wp-json\/wp\/v2\/posts\/71844\/revisions\/71846"}],"wp:featuredmedia":[{"embeddable":true,"href":"https:\/\/jorgezanoni.com.br\/2019\/wp-json\/wp\/v2\/media\/71845"}],"wp:attachment":[{"href":"https:\/\/jorgezanoni.com.br\/2019\/wp-json\/wp\/v2\/media?parent=71844"}],"wp:term":[{"taxonomy":"category","embeddable":true,"href":"https:\/\/jorgezanoni.com.br\/2019\/wp-json\/wp\/v2\/categories?post=71844"},{"taxonomy":"post_tag","embeddable":true,"href":"https:\/\/jorgezanoni.com.br\/2019\/wp-json\/wp\/v2\/tags?post=71844"}],"curies":[{"name":"wp","href":"https:\/\/api.w.org\/{rel}","templated":true}]}}