{"id":71826,"date":"2022-12-07T13:07:44","date_gmt":"2022-12-07T13:07:44","guid":{"rendered":"https:\/\/jorgezanoni.com.br\/2019\/?p=71826"},"modified":"2022-12-07T13:07:44","modified_gmt":"2022-12-07T13:07:44","slug":"ex-prefeito-pedretti-e-absolvido-pela-justica-no-casa-da-compra-da-area-do-conj-hab-florindo-tabacchi","status":"publish","type":"post","link":"https:\/\/jorgezanoni.com.br\/2019\/ex-prefeito-pedretti-e-absolvido-pela-justica-no-casa-da-compra-da-area-do-conj-hab-florindo-tabacchi\/","title":{"rendered":"Ex-Prefeito Pedretti \u00e9 absolvido pela Justi\u00e7a no casa da compra da \u00e1rea do Conj. Hab. Florindo Tabacchi"},"content":{"rendered":"<p style=\"text-align: justify;\">Ap\u00f3s processo judicial proposto pela Prefeitura de Dracena durante a gest\u00e3o do ex-prefeito Juliano Brito Bertolini e que analisou minuciosamente den\u00fancia feita por ele mesmo a respeito da aquisi\u00e7\u00e3o da \u00e1rea para a constru\u00e7\u00e3o de 300 casas populares (j\u00e1 entregues recentemente aos contemplados), a Justi\u00e7a de Dracena considerou que o valor pago pelo terreno durante a gest\u00e3o do ex-prefeito Pedretti se deu abaixo do valor de mercado, gerando, inclusive, economia aos cofres p\u00fablicos, motivo pelo qual ele foi absolvido. A defesa do ex-prefeito Pedretti foi feita pelo advogado dracenense Vladimir de Mattos, que n\u00e3o quis gravar entrevista mas afirmou estar feliz com a senten\u00e7a proferida pela ju\u00edza Aline Tabuchi Silva (1\u00aa Vara Judicial) e ainda elogiou a Justi\u00e7a local: \u201cH\u00e1 ju\u00edzes em Dracena\u201d, finalizou o advogado. O processo, que \u00e9 p\u00fablico, pode ser acessado no site oficial do TJ\/SP atrav\u00e9s da seguinte numera\u00e7\u00e3o \u00fanica: 1002777-58.2019.8.26.0168.<\/p>\n<p><img loading=\"lazy\" decoding=\"async\" class=\"alignnone size-full wp-image-71827\" src=\"https:\/\/jorgezanoni.com.br\/2019\/wp-content\/uploads\/2022\/12\/Pedretti-1.jpg\" alt=\"\" width=\"600\" height=\"496\" srcset=\"https:\/\/jorgezanoni.com.br\/2019\/wp-content\/uploads\/2022\/12\/Pedretti-1.jpg 600w, https:\/\/jorgezanoni.com.br\/2019\/wp-content\/uploads\/2022\/12\/Pedretti-1-300x248.jpg 300w, https:\/\/jorgezanoni.com.br\/2019\/wp-content\/uploads\/2022\/12\/Pedretti-1-508x420.jpg 508w\" sizes=\"auto, (max-width: 600px) 100vw, 600px\" \/>Ex-Prefeito Jos\u00e9 Antonio Pedretti<\/p>\n<p><img loading=\"lazy\" decoding=\"async\" class=\"alignnone size-full wp-image-71830\" src=\"https:\/\/jorgezanoni.com.br\/2019\/wp-content\/uploads\/2022\/12\/Pedretti-2-1.jpg\" alt=\"\" width=\"696\" height=\"979\" srcset=\"https:\/\/jorgezanoni.com.br\/2019\/wp-content\/uploads\/2022\/12\/Pedretti-2-1.jpg 696w, https:\/\/jorgezanoni.com.br\/2019\/wp-content\/uploads\/2022\/12\/Pedretti-2-1-213x300.jpg 213w, https:\/\/jorgezanoni.com.br\/2019\/wp-content\/uploads\/2022\/12\/Pedretti-2-1-299x420.jpg 299w\" sizes=\"auto, (max-width: 696px) 100vw, 696px\" \/>Advogado Dr. Vladimir de Mattos<\/p>\n<p>Fotos Redes Sociais<\/p>\n","protected":false},"excerpt":{"rendered":"<p>Ap\u00f3s processo judicial proposto pela Prefeitura de Dracena durante a gest\u00e3o do ex-prefeito Juliano Brito Bertolini e que analisou minuciosamente den\u00fancia feita por ele mesmo a respeito da aquisi\u00e7\u00e3o da \u00e1rea para a constru\u00e7\u00e3o de 300 casas populares (j\u00e1 entregues recentemente aos contemplados), a Justi\u00e7a de Dracena considerou que o valor pago pelo terreno durante [&hellip;]<\/p>\n","protected":false},"author":1,"featured_media":71829,"comment_status":"closed","ping_status":"open","sticky":false,"template":"","format":"standard","meta":{"footnotes":""},"categories":[120,110],"tags":[],"class_list":["post-71826","post","type-post","status-publish","format-standard","has-post-thumbnail","hentry","category-justicahabitacaotecnologia","category-noticiasdestaque"],"_links":{"self":[{"href":"https:\/\/jorgezanoni.com.br\/2019\/wp-json\/wp\/v2\/posts\/71826","targetHints":{"allow":["GET"]}}],"collection":[{"href":"https:\/\/jorgezanoni.com.br\/2019\/wp-json\/wp\/v2\/posts"}],"about":[{"href":"https:\/\/jorgezanoni.com.br\/2019\/wp-json\/wp\/v2\/types\/post"}],"author":[{"embeddable":true,"href":"https:\/\/jorgezanoni.com.br\/2019\/wp-json\/wp\/v2\/users\/1"}],"replies":[{"embeddable":true,"href":"https:\/\/jorgezanoni.com.br\/2019\/wp-json\/wp\/v2\/comments?post=71826"}],"version-history":[{"count":1,"href":"https:\/\/jorgezanoni.com.br\/2019\/wp-json\/wp\/v2\/posts\/71826\/revisions"}],"predecessor-version":[{"id":71831,"href":"https:\/\/jorgezanoni.com.br\/2019\/wp-json\/wp\/v2\/posts\/71826\/revisions\/71831"}],"wp:featuredmedia":[{"embeddable":true,"href":"https:\/\/jorgezanoni.com.br\/2019\/wp-json\/wp\/v2\/media\/71829"}],"wp:attachment":[{"href":"https:\/\/jorgezanoni.com.br\/2019\/wp-json\/wp\/v2\/media?parent=71826"}],"wp:term":[{"taxonomy":"category","embeddable":true,"href":"https:\/\/jorgezanoni.com.br\/2019\/wp-json\/wp\/v2\/categories?post=71826"},{"taxonomy":"post_tag","embeddable":true,"href":"https:\/\/jorgezanoni.com.br\/2019\/wp-json\/wp\/v2\/tags?post=71826"}],"curies":[{"name":"wp","href":"https:\/\/api.w.org\/{rel}","templated":true}]}}