{"id":71809,"date":"2022-12-06T22:49:07","date_gmt":"2022-12-06T22:49:07","guid":{"rendered":"https:\/\/jorgezanoni.com.br\/2019\/?p=71809"},"modified":"2022-12-06T22:49:07","modified_gmt":"2022-12-06T22:49:07","slug":"alunos-do-anglo-cid-participam-de-semana-da-biblioteca","status":"publish","type":"post","link":"https:\/\/jorgezanoni.com.br\/2019\/alunos-do-anglo-cid-participam-de-semana-da-biblioteca\/","title":{"rendered":"Alunos do Anglo-CID participam de Semana da Biblioteca"},"content":{"rendered":"<div dir=\"ltr\" style=\"text-align: justify;\"><span style=\"font-size: large;\">A leitura estimula a imagina\u00e7\u00e3o, a criatividade, o racioc\u00ednio, a mem\u00f3ria, al\u00e9m de contribuir para a constru\u00e7\u00e3o do vocabul\u00e1rio e melhora a escrita. O mundo da Biblioteca envolve as crian\u00e7as na magia das hist\u00f3rias.<\/span><\/div>\n<div dir=\"ltr\" style=\"text-align: justify;\"><span style=\"font-size: large;\"><br \/>\nA bibliotec\u00e1ria da Fundec Iuli Carla Rozzi organizou a Semana da Biblioteca de 28 a 30 de novembro com atividades para os alunos do ensino fundamental I do Col\u00e9gio Anglo-CID.<\/span><\/div>\n<div dir=\"ltr\" style=\"text-align: justify;\"><span style=\"font-size: large;\"><br \/>\nDurante a semana, os alunos ouviram a hist\u00f3ria &#8220;A \u00e1rvore generosa&#8221;, de Shel Silverstein, na tradu\u00e7\u00e3o de Fernando Sabino. &#8220;Buscamos trazer ainda mais as crian\u00e7as para dentro da biblioteca, apresentando uma hist\u00f3ria de afeto e generosidade&#8221;, destacou Iuli Rozzi.<\/span><\/div>\n<div dir=\"ltr\" style=\"text-align: justify;\"><span style=\"font-size: large;\"><br \/>\nAs turminhas do Anglo-CID tamb\u00e9m assistiram ao espet\u00e1culo da Cia Luju de Teatro, com a visita dos animados palha\u00e7os Jujuba e Pipoca que mostraram traquinagens e m\u00e1gicas.<\/span><\/div>\n<div dir=\"ltr\" style=\"text-align: justify;\"><span style=\"font-size: large;\"><br \/>\nPara finalizar a semana, os estudantes contaram com o Cine Biblio, que apresentou o filme Klaus, contando uma linda hist\u00f3ria de amizade no Natal, que mostra que n\u00e3o existe diferen\u00e7a entre as pessoas.<\/span><\/div>\n<div dir=\"ltr\" style=\"text-align: justify;\"><span style=\"font-size: large;\"><br \/>\nA bibliotec\u00e1ria Iuli Rozzi destacou que o principal objetivo deste evento \u00e9 incentivar a leitura como ferramenta base para a educa\u00e7\u00e3o e forma\u00e7\u00e3o dos indiv\u00edduos. &#8220;O importante \u00e9 despertar nos estudantes o prazer da leitura e ainda, refor\u00e7ar a import\u00e2ncia do livro como difusor de conhecimentos.\u00a0 Al\u00e9m disso, a \u00a0biblioteca vai al\u00e9m dos livros, este ambiente proporciona conhecimento, cultura e transforma\u00e7\u00e3o social&#8221;, completou.<\/span><\/div>\n<div dir=\"ltr\" style=\"text-align: justify;\"><span style=\"font-size: large;\"><br \/>\nA diretora do Anglo-CID Eul\u00e1lia Pires Fava destacou que esse projeto da bibliotec\u00e1ria transporta os alunos para um mundo de fantasia e imagina\u00e7\u00e3o, desenvolvendo a criatividade, a sensibilidade e a empatia com o pr\u00f3ximo. &#8220;As crian\u00e7as ficaram euf\u00f3ricas com essas atividades e a alegria se fez presente nesses momentos. Parabenizamos a Iuli pela iniciativa e esperamos que este projeto se repita no pr\u00f3ximo ano letivo&#8221;, finalizou a diretora.<\/span><\/div>\n<div dir=\"ltr\"><\/div>\n<div dir=\"ltr\">Fonte: Depto. de Comunica\u00e7\u00e3o Fundec<\/div>\n","protected":false},"excerpt":{"rendered":"<p>A leitura estimula a imagina\u00e7\u00e3o, a criatividade, o racioc\u00ednio, a mem\u00f3ria, al\u00e9m de contribuir para a constru\u00e7\u00e3o do vocabul\u00e1rio e melhora a escrita. O mundo da Biblioteca envolve as crian\u00e7as na magia das hist\u00f3rias. A bibliotec\u00e1ria da Fundec Iuli Carla Rozzi organizou a Semana da Biblioteca de 28 a 30 de novembro com atividades para [&hellip;]<\/p>\n","protected":false},"author":1,"featured_media":71810,"comment_status":"closed","ping_status":"open","sticky":false,"template":"","format":"standard","meta":{"footnotes":""},"categories":[110,122],"tags":[],"class_list":["post-71809","post","type-post","status-publish","format-standard","has-post-thumbnail","hentry","category-noticiasdestaque","category-saudeeducacaoeconcurso"],"_links":{"self":[{"href":"https:\/\/jorgezanoni.com.br\/2019\/wp-json\/wp\/v2\/posts\/71809","targetHints":{"allow":["GET"]}}],"collection":[{"href":"https:\/\/jorgezanoni.com.br\/2019\/wp-json\/wp\/v2\/posts"}],"about":[{"href":"https:\/\/jorgezanoni.com.br\/2019\/wp-json\/wp\/v2\/types\/post"}],"author":[{"embeddable":true,"href":"https:\/\/jorgezanoni.com.br\/2019\/wp-json\/wp\/v2\/users\/1"}],"replies":[{"embeddable":true,"href":"https:\/\/jorgezanoni.com.br\/2019\/wp-json\/wp\/v2\/comments?post=71809"}],"version-history":[{"count":1,"href":"https:\/\/jorgezanoni.com.br\/2019\/wp-json\/wp\/v2\/posts\/71809\/revisions"}],"predecessor-version":[{"id":71811,"href":"https:\/\/jorgezanoni.com.br\/2019\/wp-json\/wp\/v2\/posts\/71809\/revisions\/71811"}],"wp:featuredmedia":[{"embeddable":true,"href":"https:\/\/jorgezanoni.com.br\/2019\/wp-json\/wp\/v2\/media\/71810"}],"wp:attachment":[{"href":"https:\/\/jorgezanoni.com.br\/2019\/wp-json\/wp\/v2\/media?parent=71809"}],"wp:term":[{"taxonomy":"category","embeddable":true,"href":"https:\/\/jorgezanoni.com.br\/2019\/wp-json\/wp\/v2\/categories?post=71809"},{"taxonomy":"post_tag","embeddable":true,"href":"https:\/\/jorgezanoni.com.br\/2019\/wp-json\/wp\/v2\/tags?post=71809"}],"curies":[{"name":"wp","href":"https:\/\/api.w.org\/{rel}","templated":true}]}}