{"id":71805,"date":"2022-12-06T15:16:30","date_gmt":"2022-12-06T15:16:30","guid":{"rendered":"https:\/\/jorgezanoni.com.br\/2019\/?p=71805"},"modified":"2022-12-06T15:16:30","modified_gmt":"2022-12-06T15:16:30","slug":"empreendedorismo-gerente-regional-do-sebrae-realiza-palestra-no-encerramento-da-turma-2022","status":"publish","type":"post","link":"https:\/\/jorgezanoni.com.br\/2019\/empreendedorismo-gerente-regional-do-sebrae-realiza-palestra-no-encerramento-da-turma-2022\/","title":{"rendered":"Empreendedorismo: gerente regional do Sebrae realiza palestra no encerramento da turma 2022"},"content":{"rendered":"<p style=\"text-align: justify;\"><span style=\"font-size: large;\">Os alunos da Unifadra e dos cursos t\u00e9cnicos do CEP\/UME participaram da disciplina extracurricular e gratuita de Empreendedorismo, de agosto a novembro de 2022. O encerramento da turma foi realizado no dia 5 de novembro e contou com a palestra de Jos\u00e9 Carlos Cavalcante, gerente regional do Sebrae &#8211; Presidente Prudente (SP), com o tema &#8220;Empreender para Crescer <\/span>&amp; Inovar<span style=\"font-size: large;\">\u00a0para Competir&#8221;.<\/span><\/p>\n<p><span style=\"font-size: large;\">A atividade foi integrada \u00e0 programa\u00e7\u00e3o do ECAP (Encontro Cient\u00edfico da Alta Paulista) e tamb\u00e9m p\u00f4de ser acompanhada pelos participantes do evento. Na ocasi\u00e3o, estiveram presentes o diretor acad\u00eamico da Unifadra Enio Garbelini, a diretora do CEP\/UME C\u00e1tia Afonso, os consultores do Sebrae Selma, Fabiana e Caio; al\u00e9m de toda a equipe de professores que ministraram aulas no decorrer da disciplina.<\/span><\/p>\n<p><span style=\"font-size: large;\">Enio Garbelini deu as boas-vindas a todos e agradeceu a Cavalcante pela presen\u00e7a, enaltecendo o apoio do Sebrae como parceiro do projeto e destacando que a Fundec \u00e9 a \u00fanica institui\u00e7\u00e3o de ensino da regi\u00e3o a oferecer e dar continuidade, por mais de 10 anos, a esta disciplina de Empreendedorismo. Aos alunos concluintes, agradeceu pelo empenho e dedica\u00e7\u00e3o e ressaltou que os conhecimentos sobre empreendedorismo agregar\u00e3o muito para a forma\u00e7\u00e3o profissional e para a vida.<\/span><\/p>\n<p><span style=\"font-size: large;\">Ap\u00f3s a palestra, os alunos apresentaram os resultados finais do m\u00f3dulo Plano de Neg\u00f3cio. Usando a ferramenta Canvas, mostraram um quadro, composto por 9 quadrantes, onde foi poss\u00edvel visualizar todas as etapas de desenvolvimento de uma ideia de neg\u00f3cio.<\/span><\/p>\n<p><span style=\"font-size: large;\">Trabalhando em grupos, de forma din\u00e2mica, e trazendo diferenciais de neg\u00f3cio baseados na inova\u00e7\u00e3o e criatividade, a maioria dos alunos desenvolveu ideias baseadas em sua \u00e1rea de gradua\u00e7\u00e3o, entre elas: Atendimento Home Care (alunos de Enfermagem), Cl\u00ednica Psicol\u00f3gica (alunos de Psicologia), Cl\u00ednica Oncol\u00f3gica (alunos de Medicina). Outros alunos preferiram trabalhar ideias diferentes das \u00e1reas que est\u00e3o estudando como, por exemplo, um bar tem\u00e1tico e uma hamburgueria.<\/span><\/p>\n<p><span style=\"font-size: large;\">O professor Marcos Tanganini enfatizou que &#8220;a cada turma que se forma, a equipe de professores fica muito feliz, pois se cumpre a miss\u00e3o de entregar aos alunos conte\u00fados diferenciados e utilizados na pr\u00e1tica empreendedora, que s\u00e3o assimilados de forma bastante din\u00e2mica e pr\u00e1tica, desenvolvendo nos alunos compet\u00eancias e habilidades que facilitam o entendimento do mundo dos neg\u00f3cios. Outro ponto a ser destacado \u00e9 que, com esta disciplina, o Sebrae e a Fundec contribuem com o enriquecimento do capital humano da comunidade e da regi\u00e3o, pois nossos alunos estar\u00e3o agregando muito valor ao desenvolvimento e crescimento de empresas, de outras pessoas e da economia local e regional&#8221;, finaliza Tanganini.<\/span><\/p>\n<p><img loading=\"lazy\" decoding=\"async\" class=\"alignnone size-full wp-image-71806\" src=\"https:\/\/jorgezanoni.com.br\/2019\/wp-content\/uploads\/2022\/12\/sebrae.jpeg\" alt=\"\" width=\"700\" height=\"539\" srcset=\"https:\/\/jorgezanoni.com.br\/2019\/wp-content\/uploads\/2022\/12\/sebrae.jpeg 700w, https:\/\/jorgezanoni.com.br\/2019\/wp-content\/uploads\/2022\/12\/sebrae-300x231.jpeg 300w, https:\/\/jorgezanoni.com.br\/2019\/wp-content\/uploads\/2022\/12\/sebrae-696x536.jpeg 696w, https:\/\/jorgezanoni.com.br\/2019\/wp-content\/uploads\/2022\/12\/sebrae-545x420.jpeg 545w\" sizes=\"auto, (max-width: 700px) 100vw, 700px\" \/><\/p>\n<p>Fonte: Depto. Comunica\u00e7\u00e3o da Fundec<\/p>\n","protected":false},"excerpt":{"rendered":"<p>Os alunos da Unifadra e dos cursos t\u00e9cnicos do CEP\/UME participaram da disciplina extracurricular e gratuita de Empreendedorismo, de agosto a novembro de 2022. O encerramento da turma foi realizado no dia 5 de novembro e contou com a palestra de Jos\u00e9 Carlos Cavalcante, gerente regional do Sebrae &#8211; Presidente Prudente (SP), com o tema [&hellip;]<\/p>\n","protected":false},"author":1,"featured_media":71807,"comment_status":"closed","ping_status":"open","sticky":false,"template":"","format":"standard","meta":{"footnotes":""},"categories":[110,122],"tags":[],"class_list":["post-71805","post","type-post","status-publish","format-standard","has-post-thumbnail","hentry","category-noticiasdestaque","category-saudeeducacaoeconcurso"],"_links":{"self":[{"href":"https:\/\/jorgezanoni.com.br\/2019\/wp-json\/wp\/v2\/posts\/71805","targetHints":{"allow":["GET"]}}],"collection":[{"href":"https:\/\/jorgezanoni.com.br\/2019\/wp-json\/wp\/v2\/posts"}],"about":[{"href":"https:\/\/jorgezanoni.com.br\/2019\/wp-json\/wp\/v2\/types\/post"}],"author":[{"embeddable":true,"href":"https:\/\/jorgezanoni.com.br\/2019\/wp-json\/wp\/v2\/users\/1"}],"replies":[{"embeddable":true,"href":"https:\/\/jorgezanoni.com.br\/2019\/wp-json\/wp\/v2\/comments?post=71805"}],"version-history":[{"count":1,"href":"https:\/\/jorgezanoni.com.br\/2019\/wp-json\/wp\/v2\/posts\/71805\/revisions"}],"predecessor-version":[{"id":71808,"href":"https:\/\/jorgezanoni.com.br\/2019\/wp-json\/wp\/v2\/posts\/71805\/revisions\/71808"}],"wp:featuredmedia":[{"embeddable":true,"href":"https:\/\/jorgezanoni.com.br\/2019\/wp-json\/wp\/v2\/media\/71807"}],"wp:attachment":[{"href":"https:\/\/jorgezanoni.com.br\/2019\/wp-json\/wp\/v2\/media?parent=71805"}],"wp:term":[{"taxonomy":"category","embeddable":true,"href":"https:\/\/jorgezanoni.com.br\/2019\/wp-json\/wp\/v2\/categories?post=71805"},{"taxonomy":"post_tag","embeddable":true,"href":"https:\/\/jorgezanoni.com.br\/2019\/wp-json\/wp\/v2\/tags?post=71805"}],"curies":[{"name":"wp","href":"https:\/\/api.w.org\/{rel}","templated":true}]}}