{"id":71785,"date":"2022-12-06T01:00:27","date_gmt":"2022-12-06T01:00:27","guid":{"rendered":"https:\/\/jorgezanoni.com.br\/2019\/?p=71785"},"modified":"2022-12-06T01:00:27","modified_gmt":"2022-12-06T01:00:27","slug":"policiais-morrem-apos-acidente-em-rodovia-do-interior-de-sp","status":"publish","type":"post","link":"https:\/\/jorgezanoni.com.br\/2019\/policiais-morrem-apos-acidente-em-rodovia-do-interior-de-sp\/","title":{"rendered":"Policiais morrem ap\u00f3s acidente em rodovia do interior de SP"},"content":{"rendered":"<h2 class=\"content-head__subtitle\" style=\"text-align: justify;\"><strong>A ocorr\u00eancia ainda n\u00e3o foi apresentada \u00e0 Delegacia de Pol\u00edcia; trecho da SP-270 ficou interditado.<\/strong><\/h2>\n<div class=\"content-media-container glb-skeleton-box\" style=\"text-align: justify;\">\n<figure class=\"content-media-figure\"><img decoding=\"async\" class=\"i-amphtml-fill-content i-amphtml-replaced-content\" src=\"https:\/\/s2.glbimg.com\/6SHZDinlPOk3TNAYK_aLHIg3rdU=\/0x0:1600x777\/984x0\/smart\/filters:strip_icc()\/i.s3.glbimg.com\/v1\/AUTH_59edd422c0c84a879bd37670ae4f538a\/internal_photos\/bs\/2022\/1\/a\/EL2stNTVWznkdxXZ5eDg\/whatsapp-image-2022-12-05-at-15.08.12-1-.jpeg\" sizes=\"(max-width: 1366px) 648px, 100vw\" srcset=\"https:\/\/s2.glbimg.com\/fbVqU9xErZBYpAbAESdBFwn_nmI=\/0x0:1600x777\/1000x0\/smart\/filters:strip_icc()\/i.s3.glbimg.com\/v1\/AUTH_59edd422c0c84a879bd37670ae4f538a\/internal_photos\/bs\/2022\/1\/a\/EL2stNTVWznkdxXZ5eDg\/whatsapp-image-2022-12-05-at-15.08.12-1-.jpeg 1000w, https:\/\/s2.glbimg.com\/6SHZDinlPOk3TNAYK_aLHIg3rdU=\/0x0:1600x777\/984x0\/smart\/filters:strip_icc()\/i.s3.glbimg.com\/v1\/AUTH_59edd422c0c84a879bd37670ae4f538a\/internal_photos\/bs\/2022\/1\/a\/EL2stNTVWznkdxXZ5eDg\/whatsapp-image-2022-12-05-at-15.08.12-1-.jpeg 984w, https:\/\/s2.glbimg.com\/Z-UxHKoZiV-Utnp3J7hqyZFlkB4=\/0x0:1600x777\/640x0\/smart\/filters:strip_icc()\/i.s3.glbimg.com\/v1\/AUTH_59edd422c0c84a879bd37670ae4f538a\/internal_photos\/bs\/2022\/1\/a\/EL2stNTVWznkdxXZ5eDg\/whatsapp-image-2022-12-05-at-15.08.12-1-.jpeg 640w, https:\/\/s2.glbimg.com\/1Sb3mBusqtOXv8KnLa44BNNmtWo=\/0x0:1600x777\/600x0\/smart\/filters:strip_icc()\/i.s3.glbimg.com\/v1\/AUTH_59edd422c0c84a879bd37670ae4f538a\/internal_photos\/bs\/2022\/1\/a\/EL2stNTVWznkdxXZ5eDg\/whatsapp-image-2022-12-05-at-15.08.12-1-.jpeg 600w\" alt=\"Acidente entre caminhote e viatura da PM deixa dois policiais mortos no interior de SP \u2014 Foto: Redes sociais\" \/><\/figure>\n<\/div>\n<p class=\"content-media__description \" style=\"text-align: justify;\">Acidente entre caminhote e viatura da PM deixa dois policiais mortos no interior de SP \u2014 Foto: Redes sociais<\/p>\n<div id=\"chunk-87cue\" style=\"text-align: justify;\">\n<div class=\"mc-column content-text active-extra-styles \" data-block-type=\"unstyled\" data-block-weight=\"29\" data-block-id=\"3\">\n<p class=\"content-text__container \" data-track-category=\"Link no Texto\" data-track-links=\"\">Dois policiais militares morreram em um acidente na Rodovia Raposo Tavares (SP-270), entre\u00a0<a href=\"https:\/\/g1.globo.com\/sp\/itapetininga-regiao\/cidade\/paranapanema\/\">Paranapanema<\/a>\u00a0e\u00a0<a href=\"https:\/\/g1.globo.com\/sp\/itapetininga-regiao\/cidade\/itai\/\">Ita\u00ed (SP)<\/a>, nesta segunda-feira (5). A pista ficou interditada at\u00e9 o fim da tarde.<\/p>\n<\/div>\n<\/div>\n<div class=\"wall protected-content\">\n<div id=\"chunk-82ig5\" style=\"text-align: justify;\">\n<div class=\"mc-column content-text active-extra-styles \" data-block-type=\"unstyled\" data-block-weight=\"26\" data-block-id=\"4\">\n<p class=\"content-text__container \" data-track-category=\"Link no Texto\" data-track-links=\"\">O acidente aconteceu no quil\u00f4metro 279, quando o motorista de uma caminhonete perdeu o controle da dire\u00e7\u00e3o e colidiu com uma viatura da Pol\u00edcia Militar.<\/p>\n<\/div>\n<\/div>\n<div id=\"chunk-e67gq\" style=\"text-align: justify;\">\n<div class=\"mc-column content-text active-extra-styles \" data-block-type=\"unstyled\" data-block-weight=\"40\" data-block-id=\"5\">\n<p class=\"content-text__container \" data-track-category=\"Link no Texto\" data-track-links=\"\">De acordo com informa\u00e7\u00f5es da Defesa Civil de Paranapanema, os sargentos da PM, Jo\u00e3o de Souza e Oswaldo Alencar dos Santos, n\u00e3o resistiram aos ferimentos e morreram no local. J\u00e1 o motorista da caminhonete foi socorrido em estado grave.<\/p>\n<\/div>\n<\/div>\n<div id=\"chunk-9177h\" style=\"text-align: justify;\">\n<div class=\"row medium-uncollapsed content-media content-photo\" data-block-type=\"backstage-photo\" data-block-id=\"6\">\n<div class=\"mc-column content-media__container\">\n<div class=\"content-media-container glb-skeleton-box\">\n<figure class=\"content-media-figure\"><img decoding=\"async\" class=\"i-amphtml-fill-content i-amphtml-replaced-content\" src=\"https:\/\/s2.glbimg.com\/NhctwF1nyRCn6e38CmuKCNT2utM=\/0x0:1280x700\/984x0\/smart\/filters:strip_icc()\/i.s3.glbimg.com\/v1\/AUTH_59edd422c0c84a879bd37670ae4f538a\/internal_photos\/bs\/2022\/F\/3\/3AptSaT9m0RAOHLOGliw\/instrumentos-samba-caipira-2-.jpg\" sizes=\"(max-width: 1366px) 648px, 100vw\" srcset=\"https:\/\/s2.glbimg.com\/eyHILHyhEzWHYfTzmzegkswArvQ=\/0x0:1280x700\/1000x0\/smart\/filters:strip_icc()\/i.s3.glbimg.com\/v1\/AUTH_59edd422c0c84a879bd37670ae4f538a\/internal_photos\/bs\/2022\/F\/3\/3AptSaT9m0RAOHLOGliw\/instrumentos-samba-caipira-2-.jpg 1000w, https:\/\/s2.glbimg.com\/NhctwF1nyRCn6e38CmuKCNT2utM=\/0x0:1280x700\/984x0\/smart\/filters:strip_icc()\/i.s3.glbimg.com\/v1\/AUTH_59edd422c0c84a879bd37670ae4f538a\/internal_photos\/bs\/2022\/F\/3\/3AptSaT9m0RAOHLOGliw\/instrumentos-samba-caipira-2-.jpg 984w, https:\/\/s2.glbimg.com\/anU6lDRgiMyHmPQLZhtNAtGaevU=\/0x0:1280x700\/640x0\/smart\/filters:strip_icc()\/i.s3.glbimg.com\/v1\/AUTH_59edd422c0c84a879bd37670ae4f538a\/internal_photos\/bs\/2022\/F\/3\/3AptSaT9m0RAOHLOGliw\/instrumentos-samba-caipira-2-.jpg 640w, https:\/\/s2.glbimg.com\/CdkFJdFiBI-flI-pEARh_oUStho=\/0x0:1280x700\/600x0\/smart\/filters:strip_icc()\/i.s3.glbimg.com\/v1\/AUTH_59edd422c0c84a879bd37670ae4f538a\/internal_photos\/bs\/2022\/F\/3\/3AptSaT9m0RAOHLOGliw\/instrumentos-samba-caipira-2-.jpg 600w\" alt=\"Policiais militares, Jo\u00e3o de Souza (\u00e0 esquerda) e Oswaldo Alencar, morreram no local do acidente \u2014 Foto: Redes sociais\" \/><\/figure>\n<\/div>\n<p class=\"content-media__description \">Policiais militares, Jo\u00e3o de Souza (\u00e0 esquerda) e Oswaldo Alencar, morreram no local do acidente \u2014 Foto: Redes sociais<\/p>\n<div id=\"chunk-69pgg\">\n<div class=\"mc-column content-text active-extra-styles \" data-block-type=\"unstyled\" data-block-weight=\"19\" data-block-id=\"8\">\n<p class=\"content-text__container \" data-track-category=\"Link no Texto\" data-track-links=\"\">Em nota, o Departamento de Estradas e Rodagens (DER) informou que o trecho ficou interditado at\u00e9 \u00e0s 16h30.<\/p>\n<\/div>\n<\/div>\n<div class=\"mc-column content-text active-extra-styles\" data-block-type=\"raw\" data-block-weight=\"1\" data-block-id=\"9\">\n<p class=\"content-text__container\"><span style=\"color: #111111; font-family: Roboto, sans-serif; font-size: 27px;\">Luto<\/span><\/p>\n<p>A Prefeitura de Ita\u00ed decretou luto de tr\u00eas dias em mem\u00f3ria aos sargentos Jo\u00e3o de Souza e Oswaldo Alencar dos Santos.. Em uma nota, divulgada nas redes sociais, lamentou o falecimento dos policiais.<\/p>\n<\/div>\n<div id=\"chunk-878fm\">\n<div class=\"row medium-uncollapsed content-media content-photo\" data-block-type=\"backstage-photo\" data-block-id=\"11\">\n<div class=\"mc-column content-media__container\">\n<div class=\"content-media-container glb-skeleton-box\">\n<figure class=\"content-media-figure\"><img decoding=\"async\" class=\"i-amphtml-fill-content i-amphtml-replaced-content\" src=\"https:\/\/s2.glbimg.com\/IMvVGT9EJIEzkWT9KOosgSCeKPk=\/0x0:960x960\/984x0\/smart\/filters:strip_icc()\/i.s3.glbimg.com\/v1\/AUTH_59edd422c0c84a879bd37670ae4f538a\/internal_photos\/bs\/2022\/k\/S\/e19CSgQWyadE2jmiUfpA\/fdb1e821-5caf-48fc-bc5d-ff896e4b1769.jfif\" sizes=\"(max-width: 1366px) 648px, 100vw\" srcset=\"https:\/\/s2.glbimg.com\/Mqm7TPQrS14rX3LzhmJ__btylUA=\/0x0:960x960\/1000x0\/smart\/filters:strip_icc()\/i.s3.glbimg.com\/v1\/AUTH_59edd422c0c84a879bd37670ae4f538a\/internal_photos\/bs\/2022\/k\/S\/e19CSgQWyadE2jmiUfpA\/fdb1e821-5caf-48fc-bc5d-ff896e4b1769.jfif 1000w, https:\/\/s2.glbimg.com\/IMvVGT9EJIEzkWT9KOosgSCeKPk=\/0x0:960x960\/984x0\/smart\/filters:strip_icc()\/i.s3.glbimg.com\/v1\/AUTH_59edd422c0c84a879bd37670ae4f538a\/internal_photos\/bs\/2022\/k\/S\/e19CSgQWyadE2jmiUfpA\/fdb1e821-5caf-48fc-bc5d-ff896e4b1769.jfif 984w, https:\/\/s2.glbimg.com\/iQU-Af3kZVoR_Chv6UPrIWbbu2E=\/0x0:960x960\/640x0\/smart\/filters:strip_icc()\/i.s3.glbimg.com\/v1\/AUTH_59edd422c0c84a879bd37670ae4f538a\/internal_photos\/bs\/2022\/k\/S\/e19CSgQWyadE2jmiUfpA\/fdb1e821-5caf-48fc-bc5d-ff896e4b1769.jfif 640w, https:\/\/s2.glbimg.com\/vK4kH65HOpcyTgNkEKp_1y-Odx4=\/0x0:960x960\/600x0\/smart\/filters:strip_icc()\/i.s3.glbimg.com\/v1\/AUTH_59edd422c0c84a879bd37670ae4f538a\/internal_photos\/bs\/2022\/k\/S\/e19CSgQWyadE2jmiUfpA\/fdb1e821-5caf-48fc-bc5d-ff896e4b1769.jfif 600w\" alt=\"Prefeitura de Ita\u00ed (SP) lamenta morte de policiais em acidente rodovi\u00e1rio \u2014 Foto: Redes sociais\" \/><\/figure>\n<\/div>\n<p class=\"content-media__description \">Prefeitura de Ita\u00ed (SP) lamenta morte de policiais em acidente rodovi\u00e1rio \u2014 Foto: Redes sociais<\/p>\n<\/div>\n<\/div>\n<\/div>\n<div id=\"chunk-cn7ae\">\n<div class=\"mc-column content-text active-extra-styles \" data-block-type=\"unstyled\" data-block-weight=\"18\" data-block-id=\"12\">\n<p class=\"content-text__container \" data-track-category=\"Link no Texto\" data-track-links=\"\">At\u00e9 a conclus\u00e3o desta reportagem, a PM n\u00e3o havia divulgado informa\u00e7\u00f5es sobre os policiais envolvidos no acidente.<\/p>\n<p data-track-category=\"Link no Texto\" data-track-links=\"\">Fonrte: G1<\/p>\n<p style=\"text-align: justify;\" data-track-category=\"Link no Texto\" data-track-links=\"\"><strong>NOTA DO VIG\u00c9SIMO QUINTO BPM\/I<\/strong><\/p>\n<div class=\"x1a8lsjc x1swvt13 x1pi30zi\" style=\"text-align: justify;\">\n<div class=\"x1jx94hy x78zum5 x1q0g3np\">\n<div class=\"x78zum5 xdt5ytf xz62fqu x16ldp7u\">\n<div class=\"xu06os2 x1ok221b\">\n<h3 class=\"x1heor9g x1qlqyl8 x1pd3egz x1a2a7pz x1gslohp x1yc453h\"><span class=\"xt0psk2\"><a class=\"x1i10hfl xjbqb8w x6umtig x1b1mbwd xaqea5y xav7gou x9f619 x1ypdohk xt0psk2 xe8uvvx xdj266r x11i5rnm xat24cr x1mh8g0r xexx8yu x4uap5 x18d9i69 xkhd6sd x16tdsg8 x1hl2dhg xggy1nq x1a2a7pz xt0b8zv xzsf02u x1s688f\" tabindex=\"0\" role=\"link\" href=\"https:\/\/www.facebook.com\/POLICIAMILITARDESP?__cft__[0]=AZUE_pM7Rh-B-Jn5dCKGPjK00FStzajXwITtcUAYHdHACp3XaEmZw58J-g-pZPs57hs_nTO9uJ6V853BOa7rMPqGhwZAC1nZf3uqh40Zw9j9FG91xEO81uTxLdAYh23q2T3qwk9LrK7FlR01xRm3sOYBQe-cX45uReU0me8hPs2NRmD-vIhMDFvtmv5uIJnQ_43LR5G30gKjrknQdcuQx_U2&amp;__tn__=-UC%2CP-y-R\"><strong>Pol\u00edcia Militar do Estado de S\u00e3o Paulo<\/strong><\/a><\/span><span class=\"x1dor1uw x1n2onr6\">\u00a0<i class=\"\" data-visualcompletion=\"css-img\" aria-label=\"Conta verificada\"><\/i><\/span><\/h3>\n<\/div>\n<div class=\"xu06os2 x1ok221b\">NOTA DE FALECIMENTO<\/div>\n<\/div>\n<\/div>\n<\/div>\n<div class=\"\" dir=\"auto\">\n<div class=\"\" dir=\"auto\">\n<div class=\"x1iorvi4 x1pi30zi x1l90r2v x1swvt13\" data-ad-comet-preview=\"message\" data-ad-preview=\"message\">\n<div class=\"x78zum5 xdt5ytf xz62fqu x16ldp7u\">\n<div class=\"xu06os2 x1ok221b\">\n<div class=\"x11i5rnm xat24cr x1mh8g0r x1vvkbs xtlvy1s x126k92a\" style=\"text-align: justify;\">\n<div dir=\"auto\">\u00c9 com extremo pesar que a Pol\u00edcia Militar do Estado de S\u00e3o Paulo informa que na tarde desta segunda-feira (5), os Cabos PM Osvaldo Alencar dos Santos e Jo\u00e3o de Souza, ambos pertencentes ao 53\u00ba Batalh\u00e3o de Pol\u00edcia Militar do Interior, faleceram ap\u00f3s se envolverem em um grave acidente de tr\u00e2nsito.<\/div>\n<\/div>\n<div class=\"x11i5rnm xat24cr x1mh8g0r x1vvkbs xtlvy1s x126k92a\" style=\"text-align: justify;\">\n<div dir=\"auto\">Por volta das 12h, a equipe de servi\u00e7o seguia com a viatura a fim de apresentar um procurado da justi\u00e7a no DP de Ita\u00ed, pela rodovia Raposo Tavares (SP-270), sentido Paranapanema-Ita\u00ed (SP), quando, por motivos ainda desconhecidos, bateu violentamente frontalmente em outro ve\u00edculo. Os policiais militares foram socorridos, mas n\u00e3o resistiram aos ferimentos e entraram em \u00f3bito.<\/div>\n<div dir=\"auto\">O preso tamb\u00e9m foi socorrido e segue internado em estado grave.<\/div>\n<\/div>\n<div class=\"x11i5rnm xat24cr x1mh8g0r x1vvkbs xtlvy1s x126k92a\" style=\"text-align: justify;\">\n<div dir=\"auto\">O Cabo Alencar, era casado, tinha 52 anos, ingressou na Pol\u00edcia Militar em 21 de maio de 2001, exerceu suas fun\u00e7\u00f5es ao longo de 21 anos de carreira com grande dedica\u00e7\u00e3o e zelo com o que lhe era confiado, sendo um profissional dedicado, amigo e exemplar.<\/div>\n<\/div>\n<div class=\"x11i5rnm xat24cr x1mh8g0r x1vvkbs xtlvy1s x126k92a\" style=\"text-align: justify;\">\n<div dir=\"auto\">O Cabo Jo\u00e3o, possu\u00eda uni\u00e3o est\u00e1vel, tinha 46 anos, ingressou na Pol\u00edcia Militar em 12 de junho de 2006, exerceu suas fun\u00e7\u00f5es ao longo de 16 anos de carreira com grande dedica\u00e7\u00e3o e zelo com o que lhe era confiado, sendo um profissional dedicado, amigo e exemplar.<\/div>\n<\/div>\n<div class=\"x11i5rnm xat24cr x1mh8g0r x1vvkbs xtlvy1s x126k92a\" style=\"text-align: justify;\">\n<div dir=\"auto\">Nesse momento de dor, unimos nossos sentimentos aos da fam\u00edlia e elevamos nossos pensamentos a Deus, rogando-lhe que, por meio de seu grande amor, possa consolar os cora\u00e7\u00f5es e curar as feridas dessa separa\u00e7\u00e3o.<\/div>\n<div dir=\"auto\"><\/div>\n<\/div>\n<div class=\"x11i5rnm xat24cr x1mh8g0r x1vvkbs xtlvy1s x126k92a\">\n<div dir=\"auto\" style=\"text-align: justify;\">COMUNICA\u00c7\u00c3O SOCIAL PMESP<\/div>\n<div dir=\"auto\" style=\"text-align: justify;\">Centro de Comunica\u00e7\u00e3o Social PMESP<\/div>\n<\/div>\n<\/div>\n<\/div>\n<\/div>\n<\/div>\n<\/div>\n<h2 id=\"jsc_c_28y\" class=\"x1heor9g x1qlqyl8 x1pd3egz x1a2a7pz x1gslohp x1yc453h\"><\/h2>\n<\/div>\n<\/div>\n<\/div>\n<\/div>\n<\/div>\n<div id=\"chunk-f5ai2\">\n<div class=\"content-ads content-ads--reveal\" data-block-type=\"ads\" data-block-id=\"7\">\n<div id=\"banner_materia2\" class=\"tag-manager-publicidade-container mc-has-reveal mc-has-ad-lazyload tag-manager-publicidade-banner_materia2 tag-manager-publicidade-container--carregado tag-manager-publicidade-container--visivel\" style=\"text-align: justify;\" data-id=\"banner_materia2\" data-req=\"true\" data-google-query-id=\"CKLUmovi4_sCFdOqlQIdPaIGIA\" data-cid=\"138415250125\" data-lid=\"6054538462\"><\/div>\n<\/div>\n<\/div>\n<\/div>\n","protected":false},"excerpt":{"rendered":"<p>A ocorr\u00eancia ainda n\u00e3o foi apresentada \u00e0 Delegacia de Pol\u00edcia; trecho da SP-270 ficou interditado. Acidente entre caminhote e viatura da PM deixa dois policiais mortos no interior de SP \u2014 Foto: Redes sociais Dois policiais militares morreram em um acidente na Rodovia Raposo Tavares (SP-270), entre\u00a0Paranapanema\u00a0e\u00a0Ita\u00ed (SP), nesta segunda-feira (5). A pista ficou interditada [&hellip;]<\/p>\n","protected":false},"author":1,"featured_media":71789,"comment_status":"closed","ping_status":"open","sticky":false,"template":"","format":"standard","meta":{"footnotes":""},"categories":[174,110],"tags":[],"class_list":["post-71785","post","type-post","status-publish","format-standard","has-post-thumbnail","hentry","category-aniversariantes","category-noticiasdestaque"],"_links":{"self":[{"href":"https:\/\/jorgezanoni.com.br\/2019\/wp-json\/wp\/v2\/posts\/71785","targetHints":{"allow":["GET"]}}],"collection":[{"href":"https:\/\/jorgezanoni.com.br\/2019\/wp-json\/wp\/v2\/posts"}],"about":[{"href":"https:\/\/jorgezanoni.com.br\/2019\/wp-json\/wp\/v2\/types\/post"}],"author":[{"embeddable":true,"href":"https:\/\/jorgezanoni.com.br\/2019\/wp-json\/wp\/v2\/users\/1"}],"replies":[{"embeddable":true,"href":"https:\/\/jorgezanoni.com.br\/2019\/wp-json\/wp\/v2\/comments?post=71785"}],"version-history":[{"count":1,"href":"https:\/\/jorgezanoni.com.br\/2019\/wp-json\/wp\/v2\/posts\/71785\/revisions"}],"predecessor-version":[{"id":71790,"href":"https:\/\/jorgezanoni.com.br\/2019\/wp-json\/wp\/v2\/posts\/71785\/revisions\/71790"}],"wp:featuredmedia":[{"embeddable":true,"href":"https:\/\/jorgezanoni.com.br\/2019\/wp-json\/wp\/v2\/media\/71789"}],"wp:attachment":[{"href":"https:\/\/jorgezanoni.com.br\/2019\/wp-json\/wp\/v2\/media?parent=71785"}],"wp:term":[{"taxonomy":"category","embeddable":true,"href":"https:\/\/jorgezanoni.com.br\/2019\/wp-json\/wp\/v2\/categories?post=71785"},{"taxonomy":"post_tag","embeddable":true,"href":"https:\/\/jorgezanoni.com.br\/2019\/wp-json\/wp\/v2\/tags?post=71785"}],"curies":[{"name":"wp","href":"https:\/\/api.w.org\/{rel}","templated":true}]}}