{"id":7178,"date":"2019-09-24T23:59:10","date_gmt":"2019-09-24T23:59:10","guid":{"rendered":"https:\/\/jorgezanoni.com.br\/2019\/?p=7178"},"modified":"2019-09-24T23:59:10","modified_gmt":"2019-09-24T23:59:10","slug":"representantes-do-mec-se-reunem-com-investigadores-apos-operacao-revelar-compra-de-vagas-em-medicina","status":"publish","type":"post","link":"https:\/\/jorgezanoni.com.br\/2019\/representantes-do-mec-se-reunem-com-investigadores-apos-operacao-revelar-compra-de-vagas-em-medicina\/","title":{"rendered":"Representantes do MEC se re\u00fanem com investigadores ap\u00f3s opera\u00e7\u00e3o revelar compra de vagas em medicina"},"content":{"rendered":"<h2 class=\"content-head__subtitle\" style=\"text-align: justify;\"><strong>Reuni\u00e3o solicitada pelo Minist\u00e9rio P\u00fablico Federal (MPF) come\u00e7ou por volta das 14h e foi realizada na sede da Procuradoria da Rep\u00fablica de Jales (SP). Doze pessoas permanecem presas.<\/strong><\/h2>\n<div class=\"mc-column content-text active-extra-styles \" data-block-type=\"unstyled\" data-block-weight=\"42\" data-block-id=\"2\">\n<p class=\"content-text__container \" style=\"text-align: justify;\" data-track-category=\"Link no Texto\" data-track-links=\"\">Representantes do Minist\u00e9rio da Educa\u00e7\u00e3o (MEC) se reuniram nesta ter\u00e7a-feira (24) com os respons\u00e1veis pela investiga\u00e7\u00e3o da opera\u00e7\u00e3o\u00a0<a href=\"https:\/\/g1.globo.com\/sp\/sao-jose-do-rio-preto-aracatuba\/noticia\/2019\/09\/03\/policia-federal-deflagra-operacao-contra-desvio-de-verba-no-fies.ghtml\">Vagotomia<\/a>, que revelou um esquema de supostas fraudes envolvendo libera\u00e7\u00e3o de financiamentos de programas do Governo Federal para estudantes ingressarem na Universidade Brasil.<\/p>\n<\/div>\n<div class=\"wall protected-content\">\n<div class=\"mc-column content-text active-extra-styles \" style=\"text-align: justify;\" data-block-type=\"unstyled\" data-block-weight=\"34\" data-block-id=\"3\">\n<p class=\"content-text__container \" data-track-category=\"Link no Texto\" data-track-links=\"\">A reuni\u00e3o foi solicitada pelo Minist\u00e9rio P\u00fablico Federal (MPF) e come\u00e7ou por volta das 14h na sede da Procuradoria da Rep\u00fablica de Jales (SP). O delegado da Pol\u00edcia Federal, Cristiano P\u00e1dua, esteve presente.<\/p>\n<\/div>\n<div class=\"mc-column content-text active-extra-styles \" style=\"text-align: justify;\" data-block-type=\"unstyled\" data-block-weight=\"30\" data-block-id=\"4\">\n<p class=\"content-text__container \" data-track-category=\"Link no Texto\" data-track-links=\"\">De acordo com informa\u00e7\u00f5es obtidas pela\u00a0<strong>TV TEM<\/strong>, o encontro foi para tratar da situa\u00e7\u00e3o da Universidade Brasil e encontrar poss\u00edveis medidas para reverter os preju\u00edzos causados aos cofres p\u00fablicos.<\/p>\n<\/div>\n<div class=\"mc-column content-text active-extra-styles \" style=\"text-align: justify;\" data-block-type=\"unstyled\" data-block-weight=\"37\" data-block-id=\"5\">\n<p class=\"content-text__container \" data-track-category=\"Link no Texto\" data-track-links=\"\">Al\u00e9m disso, foi solicitado que o Minist\u00e9rio da Educa\u00e7\u00e3o encontre formas para que os alunos beneficiados pela fraude devolvam o dinheiro do Financiamento Estudantil (Fies) e Programa Universidade para Todos (Prouni) liberado supostamente de forma ilegal.<\/p>\n<\/div>\n<div class=\"mc-column content-text active-extra-styles \" data-block-type=\"unstyled\" data-block-weight=\"38\" data-block-id=\"6\">\n<p class=\"content-text__container \" style=\"text-align: justify;\" data-track-category=\"Link no Texto\" data-track-links=\"\">A imprensa n\u00e3o p\u00f4de acompanhar a reuni\u00e3o. Os representantes n\u00e3o quiseram gravar entrevista, mas disseram \u00e0 equipe da\u00a0<strong>TV TEM<\/strong>\u00a0que foram at\u00e9 Jales para se colocar \u00e0 disposi\u00e7\u00e3o de todos os \u00f3rg\u00e3os respons\u00e1veis pela opera\u00e7\u00e3o Vagatomia.<\/p>\n<\/div>\n<div class=\"mc-column content-text active-extra-styles\" data-block-type=\"raw\" data-block-weight=\"1\" data-block-id=\"7\">\n<div class=\"content-intertitle\">\n<h2>Opera\u00e7\u00e3o<\/h2>\n<p><img loading=\"lazy\" decoding=\"async\" class=\"alignnone size-full wp-image-7179\" src=\"https:\/\/jorgezanoni.com.br\/2019\/wp-content\/uploads\/2019\/09\/jales-1.jpeg\" alt=\"\" width=\"1000\" height=\"750\" srcset=\"https:\/\/jorgezanoni.com.br\/2019\/wp-content\/uploads\/2019\/09\/jales-1.jpeg 1000w, https:\/\/jorgezanoni.com.br\/2019\/wp-content\/uploads\/2019\/09\/jales-1-300x225.jpeg 300w, https:\/\/jorgezanoni.com.br\/2019\/wp-content\/uploads\/2019\/09\/jales-1-768x576.jpeg 768w, https:\/\/jorgezanoni.com.br\/2019\/wp-content\/uploads\/2019\/09\/jales-1-80x60.jpeg 80w, https:\/\/jorgezanoni.com.br\/2019\/wp-content\/uploads\/2019\/09\/jales-1-265x198.jpeg 265w, https:\/\/jorgezanoni.com.br\/2019\/wp-content\/uploads\/2019\/09\/jales-1-696x522.jpeg 696w, https:\/\/jorgezanoni.com.br\/2019\/wp-content\/uploads\/2019\/09\/jales-1-560x420.jpeg 560w\" sizes=\"auto, (max-width: 1000px) 100vw, 1000px\" \/><\/p>\n<div class=\"row medium-uncollapsed content-media content-photo\" data-block-type=\"backstage-photo\" data-block-id=\"8\">\n<div class=\"mc-column content-media__container\">\n<p class=\"content-media__description \" style=\"text-align: justify;\">PF deflagra opera\u00e7\u00e3o contra desvio de verba do Fies em Fernand\u00f3polis \u2014 Foto: Pol\u00edcia Federal\/Divulga\u00e7\u00e3o<\/p>\n<\/div>\n<\/div>\n<div class=\"mc-column content-text active-extra-styles \" style=\"text-align: justify;\" data-block-type=\"unstyled\" data-block-weight=\"29\" data-block-id=\"10\">\n<p class=\"content-text__container \" data-track-category=\"Link no Texto\" data-track-links=\"\">A opera\u00e7\u00e3o intitulada como Vagatomia foi deflagrada no dia 3 de agosto depois das investiga\u00e7\u00f5es apontarem que estariam ocorrendo irregularidades no campus de um curso de medicina em Fernand\u00f3polis.<\/p>\n<\/div>\n<div class=\"mc-column content-text active-extra-styles \" style=\"text-align: justify;\" data-block-type=\"unstyled\" data-block-weight=\"31\" data-block-id=\"11\">\n<p class=\"content-text__container \" data-track-category=\"Link no Texto\" data-track-links=\"\">De acordo com a PF, o esquema contava com \u201cassessorias educacionais\u201d, que vendiam vagas no curso de medicina, financiamentos Fies e Prouni, al\u00e9m de fraudes em cursos relacionados ao Exame Revalida.<\/p>\n<\/div>\n<div class=\"mc-column content-text active-extra-styles \" data-block-type=\"unstyled\" data-block-weight=\"34\" data-block-id=\"12\">\n<p class=\"content-text__container \" style=\"text-align: justify;\" data-track-category=\"Link no Texto\" data-track-links=\"\">Essas assessorias tinham o apoio dos donos e toda a estrutura administrativa da universidade para negociar centenas de vagas para alunos, que aceitaram pagar pelas fraudes em troca de matr\u00edcula no curso de medicina.<\/p>\n<div class=\"mc-column content-text active-extra-styles \" style=\"text-align: justify;\" data-block-type=\"unstyled\" data-block-weight=\"53\" data-block-id=\"14\">\n<p class=\"content-text__container \" data-track-category=\"Link no Texto\" data-track-links=\"\">Ao todo, 250 policiais federais foram \u00e0s ruas para cumprir 77 mandados nas cidades de Fernand\u00f3polis, S\u00e3o Paulo, S\u00e3o Jos\u00e9 do Rio Preto (SP), Santos (SP), Presidente Prudente (SP), S\u00e3o Bernardo do Campo (SP), Porto Feliz (SP), Meridiano (SP), Murutinga do Sul (SP), S\u00e3o Jo\u00e3o das Duas Pontes (SP) e \u00c1gua Boa (MT).<\/p>\n<\/div>\n<div class=\"mc-column content-text active-extra-styles \" style=\"text-align: justify;\" data-block-type=\"unstyled\" data-block-weight=\"27\" data-block-id=\"15\">\n<p class=\"content-text__container \" data-track-category=\"Link no Texto\" data-track-links=\"\">Ao todo, 12 pessoas ainda continuam presas. Entre elas, uma m\u00e9dica e o empres\u00e1rio e reitor da universidade,\u00a0<a href=\"https:\/\/g1.globo.com\/sp\/sao-jose-do-rio-preto-aracatuba\/noticia\/2019\/09\/03\/policia-federal-deflagra-operacao-contra-desvio-de-verba-no-fies.ghtml\">o engenheiro Jos\u00e9 Fernando Pinto Costa, de 63 anos.<\/a><\/p>\n<\/div>\n<div class=\"mc-column content-text active-extra-styles \" data-block-type=\"unstyled\" data-block-weight=\"27\" data-block-id=\"16\">\n<p class=\"content-text__container \" style=\"text-align: justify;\" data-track-category=\"Link no Texto\" data-track-links=\"\"><a href=\"https:\/\/g1.globo.com\/sp\/sao-jose-do-rio-preto-aracatuba\/noticia\/2019\/09\/13\/justica-determina-soltura-de-10-suspeitos-presos-em-operacao-contra-fraude-no-fies-e-venda-de-vagas-em-universidade.ghtml\">Outros dez suspeitos foram libertados no dia 13 de agosto\u00a0<\/a>depois da Justi\u00e7a determinou a soltura. O filho do reitor, Stephano Bruno, foi um dos beneficiados.<\/p>\n<p data-track-category=\"Link no Texto\" data-track-links=\"\"><img loading=\"lazy\" decoding=\"async\" class=\"alignnone size-full wp-image-7180\" src=\"https:\/\/jorgezanoni.com.br\/2019\/wp-content\/uploads\/2019\/09\/jales1.jpg\" alt=\"\" width=\"1000\" height=\"1024\" srcset=\"https:\/\/jorgezanoni.com.br\/2019\/wp-content\/uploads\/2019\/09\/jales1.jpg 1000w, https:\/\/jorgezanoni.com.br\/2019\/wp-content\/uploads\/2019\/09\/jales1-293x300.jpg 293w, https:\/\/jorgezanoni.com.br\/2019\/wp-content\/uploads\/2019\/09\/jales1-768x786.jpg 768w, https:\/\/jorgezanoni.com.br\/2019\/wp-content\/uploads\/2019\/09\/jales1-356x364.jpg 356w, https:\/\/jorgezanoni.com.br\/2019\/wp-content\/uploads\/2019\/09\/jales1-696x713.jpg 696w, https:\/\/jorgezanoni.com.br\/2019\/wp-content\/uploads\/2019\/09\/jales1-410x420.jpg 410w\" sizes=\"auto, (max-width: 1000px) 100vw, 1000px\" \/><\/p>\n<div class=\"row medium-uncollapsed content-media content-photo\" data-block-type=\"backstage-photo\" data-block-id=\"18\">\n<div class=\"mc-column content-media__container\">\n<p class=\"content-media__description \" style=\"text-align: justify;\">Dono de universidade e filho foram presos durante opera\u00e7\u00e3o da PF \u2014 Foto: Reprodu\u00e7\u00e3o\/TV TEM<\/p>\n<\/div>\n<\/div>\n<div class=\"mc-column content-text active-extra-styles \" style=\"text-align: justify;\" data-block-type=\"unstyled\" data-block-weight=\"21\" data-block-id=\"19\">\n<p class=\"content-text__container \" data-track-category=\"Link no Texto\" data-track-links=\"\">Mesmo em liberdade, os suspeitos continuam sob investiga\u00e7\u00e3o e ter\u00e3o que cumprir uma s\u00e9rie de medidas cautelares determinadas pela Justi\u00e7a Federal.<\/p>\n<\/div>\n<div class=\"mc-column content-text active-extra-styles \" style=\"text-align: justify;\" data-block-type=\"unstyled\" data-block-weight=\"47\" data-block-id=\"20\">\n<p class=\"content-text__container \" data-track-category=\"Link no Texto\" data-track-links=\"\">Stephano Bruno e Jos\u00e9 Fernando Pinto Costa s\u00e3o apontados pela pol\u00edcia como chefes da organiza\u00e7\u00e3o. O grupo pode ter usado R$ 500 milh\u00f5es do fundo de forma fraudulenta e as vagas\u00a0<a href=\"https:\/\/g1.globo.com\/sp\/sao-jose-do-rio-preto-aracatuba\/noticia\/2019\/09\/04\/estudantes-pagavam-ate-r-120-mil-por-vaga-com-bolsa-do-fies-pegavam-lugar-de-alunos-carentes-diz-pf.ghtml\">eram compradas pelos estudantes por at\u00e9 R$ 120 mil.<\/a>\u00a0<a href=\"https:\/\/g1.globo.com\/sp\/sao-jose-do-rio-preto-aracatuba\/noticia\/2019\/09\/08\/conversas-telefonicas-mostram-como-universidade-brasil-negociava-vagas-em-medicina-e-bolsas-do-fies.ghtml\">\u00c1udios revelam como funcionava o esquema.<\/a><\/p>\n<\/div>\n<div class=\"mc-column content-text active-extra-styles \" data-block-type=\"unstyled\" data-block-weight=\"33\" data-block-id=\"21\">\n<p class=\"content-text__container \" style=\"text-align: justify;\" data-track-category=\"Link no Texto\" data-track-links=\"\">Investiga\u00e7\u00f5es da Pol\u00edcia Federal apontam que os dois usavam\u00a0<a href=\"https:\/\/g1.globo.com\/sp\/sao-jose-do-rio-preto-aracatuba\/noticia\/2019\/09\/03\/dono-de-universidade-e-filho-usavam-dinheiro-de-fraude-no-fies-para-comprar-jatos-imoveis-e-carros-de-luxo-diz-pf.ghtm\">o dinheiro desviado para comprar jatinhos, helic\u00f3pteros, im\u00f3veis e at\u00e9 para fazer viagens internacionais<\/a>, enquanto faltavam materiais b\u00e1sicos na Universidade Brasil como papel higi\u00eanico.<\/p>\n<div class=\"mc-column content-text active-extra-styles\" style=\"text-align: justify;\" data-block-type=\"raw\" data-block-weight=\"5\" data-block-id=\"24\">\n<div class=\"content-intertitle\">\n<h2>O que dizem os citados<\/h2>\n<\/div>\n<\/div>\n<div class=\"mc-column content-text active-extra-styles \" style=\"text-align: justify;\" data-block-type=\"unstyled\" data-block-weight=\"31\" data-block-id=\"25\">\n<p class=\"content-text__container \" data-track-category=\"Link no Texto\" data-track-links=\"\">A defesa do reitor e da Universidade Brasil negou qualquer esquema fraudulento e disse que at\u00e9 o momento n\u00e3o h\u00e1 nenhum elemento que aponte que ele sabia do que estava acontecendo.<\/p>\n<\/div>\n<div class=\"mc-column content-text active-extra-styles \" style=\"text-align: justify;\" data-block-type=\"unstyled\" data-block-weight=\"21\" data-block-id=\"26\">\n<p class=\"content-text__container \" data-track-category=\"Link no Texto\" data-track-links=\"\">Al\u00e9m disso, a defesa tamb\u00e9m alega que a universidade est\u00e1 \u00e0 disposi\u00e7\u00e3o para ajudar nas investiga\u00e7\u00f5es e identificar os respons\u00e1veis.<\/p>\n<\/div>\n<div class=\"mc-column content-text active-extra-styles \" style=\"text-align: justify;\" data-block-type=\"unstyled\" data-block-weight=\"45\" data-block-id=\"27\">\n<p class=\"content-text__container \" data-track-category=\"Link no Texto\" data-track-links=\"\">O Minist\u00e9rio da Educa\u00e7\u00e3o afirmou que tem colaborado com as investiga\u00e7\u00f5es e est\u00e1 \u00e0 disposi\u00e7\u00e3o da Pol\u00edcia Federal e do Minist\u00e9rio P\u00fablico Federal (MPF) tamb\u00e9m que instaurou um processo administrativo e a universidade foi suspensa cautelarmente para novos contratos do Fies e do Prouni.<\/p>\n<\/div>\n<div class=\"mc-column content-text active-extra-styles \" data-block-type=\"unstyled\" data-block-weight=\"51\" data-block-id=\"28\">\n<p class=\"content-text__container \" style=\"text-align: justify;\" data-track-category=\"Link no Texto\" data-track-links=\"\">H\u00e1 cerca de uma hora, o MPF liberou a ata da reuni\u00e3o. Nela, o MEC educa\u00e7\u00e3o refor\u00e7ou o que se comprometeu a viabilizar a repara\u00e7\u00e3o dos danos pelos alunos irregularmente beneficiados pelo Fies para repara\u00e7\u00e3o dos danos ao er\u00e1rio e que, em dez dias, ir\u00e1 comunicar o resultado ao MPF.<\/p>\n<p style=\"text-align: justify;\" data-track-category=\"Link no Texto\" data-track-links=\"\">Fonte: https:\/\/g1.globo.com\/sp\/sao-jose-do-rio-preto-aracatuba\/noticia\/2019\/09\/24\/representantes-do-mec-se-reunem-com-investigadores-apos-operacao-revelar-compra-de-vagas-em-medicina.ghtml<\/p>\n<\/div>\n<\/div>\n<\/div>\n<div class=\"content-ads content-ads--reveal\" data-block-type=\"ads\" data-block-id=\"17\">\n<div id=\"banner_materia__c63c70ee-9f38-4736-bd52-eeb669081bce\" class=\"tag-manager-publicidade-container mc-has-reveal mc-has-ad-lazyload tag-manager-publicidade-banner_materia__c63c70ee-9f38-4736-bd52-eeb669081bce tag-manager-publicidade-container--carregado tag-manager-publicidade-container--visivel\" data-id=\"banner_materia__c63c70ee-9f38-4736-bd52-eeb669081bce\" data-google-query-id=\"CILjpMrT6uQCFQR_wQodwpQBOw\" data-cid=\"138286138410\" data-lid=\"5162978121\"><\/div>\n<\/div>\n<\/div>\n<div class=\"row medium-uncollapsed content-media content-photo\" data-block-type=\"backstage-photo\" data-block-id=\"13\">\n<div class=\"mc-column content-media__container\">\n<div class=\"progressive-img can-open-lightbox\" data-min-size=\"1008x567\" data-min-size-url=\"https:\/\/s2.glbimg.com\/QhjgAgAKGTZsqJGsqz-4pYKp6-0=\/0x0:1600x900\/1008x0\/smart\/filters:strip_icc()\/i.s3.glbimg.com\/v1\/AUTH_59edd422c0c84a879bd37670ae4f538a\/internal_photos\/bs\/2019\/w\/r\/zE9UKDRoSbpSCD5aRoXw\/cats.jpg\" data-max-size=\"1600x900\" data-max-size-url=\"https:\/\/s2.glbimg.com\/vWPyyNGE-MZKvzRKVYobviS_Y7s=\/0x0:1600x900\/1600x0\/smart\/filters:strip_icc()\/i.s3.glbimg.com\/v1\/AUTH_59edd422c0c84a879bd37670ae4f538a\/internal_photos\/bs\/2019\/w\/r\/zE9UKDRoSbpSCD5aRoXw\/cats.jpg\" data-media-index=\"1\"><\/div>\n<\/div>\n<\/div>\n<\/div>\n<\/div>\n<\/div>\n","protected":false},"excerpt":{"rendered":"<p>Reuni\u00e3o solicitada pelo Minist\u00e9rio P\u00fablico Federal (MPF) come\u00e7ou por volta das 14h e foi realizada na sede da Procuradoria da Rep\u00fablica de Jales (SP). Doze pessoas permanecem presas. Representantes do Minist\u00e9rio da Educa\u00e7\u00e3o (MEC) se reuniram nesta ter\u00e7a-feira (24) com os respons\u00e1veis pela investiga\u00e7\u00e3o da opera\u00e7\u00e3o\u00a0Vagotomia, que revelou um esquema de supostas fraudes envolvendo libera\u00e7\u00e3o [&hellip;]<\/p>\n","protected":false},"author":1,"featured_media":7181,"comment_status":"closed","ping_status":"open","sticky":false,"template":"","format":"standard","meta":{"footnotes":""},"categories":[120,110],"tags":[],"class_list":["post-7178","post","type-post","status-publish","format-standard","has-post-thumbnail","hentry","category-justicahabitacaotecnologia","category-noticiasdestaque"],"_links":{"self":[{"href":"https:\/\/jorgezanoni.com.br\/2019\/wp-json\/wp\/v2\/posts\/7178","targetHints":{"allow":["GET"]}}],"collection":[{"href":"https:\/\/jorgezanoni.com.br\/2019\/wp-json\/wp\/v2\/posts"}],"about":[{"href":"https:\/\/jorgezanoni.com.br\/2019\/wp-json\/wp\/v2\/types\/post"}],"author":[{"embeddable":true,"href":"https:\/\/jorgezanoni.com.br\/2019\/wp-json\/wp\/v2\/users\/1"}],"replies":[{"embeddable":true,"href":"https:\/\/jorgezanoni.com.br\/2019\/wp-json\/wp\/v2\/comments?post=7178"}],"version-history":[{"count":0,"href":"https:\/\/jorgezanoni.com.br\/2019\/wp-json\/wp\/v2\/posts\/7178\/revisions"}],"wp:featuredmedia":[{"embeddable":true,"href":"https:\/\/jorgezanoni.com.br\/2019\/wp-json\/wp\/v2\/media\/7181"}],"wp:attachment":[{"href":"https:\/\/jorgezanoni.com.br\/2019\/wp-json\/wp\/v2\/media?parent=7178"}],"wp:term":[{"taxonomy":"category","embeddable":true,"href":"https:\/\/jorgezanoni.com.br\/2019\/wp-json\/wp\/v2\/categories?post=7178"},{"taxonomy":"post_tag","embeddable":true,"href":"https:\/\/jorgezanoni.com.br\/2019\/wp-json\/wp\/v2\/tags?post=7178"}],"curies":[{"name":"wp","href":"https:\/\/api.w.org\/{rel}","templated":true}]}}