{"id":7173,"date":"2019-09-24T23:40:29","date_gmt":"2019-09-24T23:40:29","guid":{"rendered":"https:\/\/jorgezanoni.com.br\/2019\/?p=7173"},"modified":"2019-09-24T23:40:29","modified_gmt":"2019-09-24T23:40:29","slug":"no-combate-a-pornografia-infantil-policia-federal-deflagra-operacao-protecao-integral","status":"publish","type":"post","link":"https:\/\/jorgezanoni.com.br\/2019\/no-combate-a-pornografia-infantil-policia-federal-deflagra-operacao-protecao-integral\/","title":{"rendered":"No combate \u00e0 pornografia infantil, Pol\u00edcia Federal deflagra Opera\u00e7\u00e3o Prote\u00e7\u00e3o Integral"},"content":{"rendered":"<div class=\"row content-head non-featured \">\n<div class=\"medium-centered subtitle\">\n<h2 class=\"content-head__subtitle\" style=\"text-align: justify;\"><strong>Em Presidente Prudente, foram cumpridos dois mandados de busca e apreens\u00e3o. A\u00e7\u00e3o tamb\u00e9m j\u00e1 resultou na pris\u00e3o em flagrante de um homem, de 25 anos.<\/strong><\/h2>\n<p style=\"text-align: justify;\"><img loading=\"lazy\" decoding=\"async\" class=\"alignnone size-full wp-image-7174\" src=\"https:\/\/jorgezanoni.com.br\/2019\/wp-content\/uploads\/2019\/09\/pf-3.jpeg\" alt=\"\" width=\"1000\" height=\"877\" srcset=\"https:\/\/jorgezanoni.com.br\/2019\/wp-content\/uploads\/2019\/09\/pf-3.jpeg 1000w, https:\/\/jorgezanoni.com.br\/2019\/wp-content\/uploads\/2019\/09\/pf-3-300x263.jpeg 300w, https:\/\/jorgezanoni.com.br\/2019\/wp-content\/uploads\/2019\/09\/pf-3-768x674.jpeg 768w, https:\/\/jorgezanoni.com.br\/2019\/wp-content\/uploads\/2019\/09\/pf-3-696x610.jpeg 696w, https:\/\/jorgezanoni.com.br\/2019\/wp-content\/uploads\/2019\/09\/pf-3-479x420.jpeg 479w\" sizes=\"auto, (max-width: 1000px) 100vw, 1000px\" \/>Celulares, HD e pendrive foram apreendidos em Presidente Prudente \u2014 Foto: Pol\u00edcia Federal\/Cedida<\/p>\n<div class=\"mc-column content-text active-extra-styles \" style=\"text-align: justify;\" data-block-type=\"unstyled\" data-block-weight=\"47\" data-block-id=\"2\">\n<p class=\"content-text__container \" data-track-category=\"Link no Texto\" data-track-links=\"\">A Pol\u00edcia Federal deflagrou na manh\u00e3 desta ter\u00e7a-feira (24) a Opera\u00e7\u00e3o Prote\u00e7\u00e3o Integral para o cumprimento de nove mandados de busca e apreens\u00e3o. A a\u00e7\u00e3o visa ao combate \u00e0 pornografia infantil e ocorreu em\u00a0<a href=\"https:\/\/g1.globo.com\/sp\/presidente-prudente-regiao\/cidade\/presidente-prudente\/\">Presidente Prudente (SP)<\/a>, Mar\u00edlia (SP), Bauru (SP), S\u00e3o Paulo (SP) e Bras\u00edlia (DF).<\/p>\n<\/div>\n<div class=\"wall protected-content\">\n<div class=\"mc-column content-text active-extra-styles \" style=\"text-align: justify;\" data-block-type=\"unstyled\" data-block-weight=\"41\" data-block-id=\"3\">\n<p class=\"content-text__container \" data-track-category=\"Link no Texto\" data-track-links=\"\">A investiga\u00e7\u00e3o teve in\u00edcio em 2016, baseada em informa\u00e7\u00f5es decorrentes da Opera\u00e7\u00e3o G\u00eanesis, e visou a identificar pessoas que estariam se utilizando de servi\u00e7os da internet hospedados nos Estados Unidos da Am\u00e9rica (EUA) para distribui\u00e7\u00e3o de material contendo pornografia infantil.<\/p>\n<\/div>\n<div class=\"mc-column content-text active-extra-styles \" style=\"text-align: justify;\" data-block-type=\"unstyled\" data-block-weight=\"33\" data-block-id=\"4\">\n<p class=\"content-text__container \" data-track-category=\"Link no Texto\" data-track-links=\"\">As apura\u00e7\u00f5es da Pol\u00edcia Federal identificaram os locais de onde teriam compartilhado o material de pornografia infantil e, nesta ter\u00e7a-feira (24), foram realizadas as buscas e apreens\u00f5es em nove endere\u00e7os nas cidades citadas.<\/p>\n<\/div>\n<div class=\"mc-column content-text active-extra-styles \" style=\"text-align: justify;\" data-block-type=\"unstyled\" data-block-weight=\"22\" data-block-id=\"5\">\n<p class=\"content-text__container \" data-track-category=\"Link no Texto\" data-track-links=\"\">Em Presidente Prudente, foram cumpridos dois mandados de busca e apreens\u00e3o, que resultaram em HD, pendrive, celulares e fitas de v\u00eddeo confiscados.<\/p>\n<\/div>\n<div class=\"mc-column content-text active-extra-styles \" style=\"text-align: justify;\" data-block-type=\"unstyled\" data-block-weight=\"29\" data-block-id=\"6\">\n<p class=\"content-text__container \" data-track-category=\"Link no Texto\" data-track-links=\"\">At\u00e9 o momento desta publica\u00e7\u00e3o, um homem de 25 anos havia sido preso em flagrante, em Quintana (SP), e conduzido \u00e0 Delegacia da Pol\u00edcia Federal, em Mar\u00edlia<\/p>\n<\/div>\n<div class=\"mc-column content-text active-extra-styles \" style=\"text-align: justify;\" data-block-type=\"unstyled\" data-block-weight=\"46\" data-block-id=\"7\">\n<p class=\"content-text__container \" data-track-category=\"Link no Texto\" data-track-links=\"\">Ele responder\u00e1 pelos crimes descritos nos artigos 241-A e 241-B, do Estatuto da Crian\u00e7a e do Adolescente (ECA), que tratam sobre a distribui\u00e7\u00e3o e o armazenamento de pornografia infantil. As pena s\u00e3o de tr\u00eas a seis anos e de um a quatro anos de reclus\u00e3o, respectivamente.<\/p>\n<\/div>\n<div class=\"mc-column content-text active-extra-styles \" data-block-type=\"unstyled\" data-block-weight=\"23\" data-block-id=\"9\">\n<p class=\"content-text__container \" style=\"text-align: justify;\" data-track-category=\"Link no Texto\" data-track-links=\"\">A opera\u00e7\u00e3o foi batizada de \u201cProte\u00e7\u00e3o Integral\u201d em refer\u00eancia ao princ\u00edpio que norteia o Estatuto da Crian\u00e7a e Adolescente, em toda sua estrutura.<\/p>\n<p data-track-category=\"Link no Texto\" data-track-links=\"\"><img loading=\"lazy\" decoding=\"async\" class=\"alignnone size-full wp-image-7175\" src=\"https:\/\/jorgezanoni.com.br\/2019\/wp-content\/uploads\/2019\/09\/pf1-2.jpeg\" alt=\"\" width=\"1000\" height=\"750\" srcset=\"https:\/\/jorgezanoni.com.br\/2019\/wp-content\/uploads\/2019\/09\/pf1-2.jpeg 1000w, https:\/\/jorgezanoni.com.br\/2019\/wp-content\/uploads\/2019\/09\/pf1-2-300x225.jpeg 300w, https:\/\/jorgezanoni.com.br\/2019\/wp-content\/uploads\/2019\/09\/pf1-2-768x576.jpeg 768w, https:\/\/jorgezanoni.com.br\/2019\/wp-content\/uploads\/2019\/09\/pf1-2-80x60.jpeg 80w, https:\/\/jorgezanoni.com.br\/2019\/wp-content\/uploads\/2019\/09\/pf1-2-265x198.jpeg 265w, https:\/\/jorgezanoni.com.br\/2019\/wp-content\/uploads\/2019\/09\/pf1-2-696x522.jpeg 696w, https:\/\/jorgezanoni.com.br\/2019\/wp-content\/uploads\/2019\/09\/pf1-2-560x420.jpeg 560w\" sizes=\"auto, (max-width: 1000px) 100vw, 1000px\" \/><\/p>\n<div class=\"row medium-uncollapsed content-media content-photo\" data-block-type=\"backstage-photo\" data-block-id=\"10\">\n<div class=\"mc-column content-media__container\">\n<p class=\"content-media__description \" style=\"text-align: justify;\">Delegados Daniel Cora\u00e7a J\u00fanior e Leopoldo Andrade de Souza deram detalhes da opera\u00e7\u00e3o \u2014 Foto: Junior Paschoalotto\/TV Fronteira<\/p>\n<\/div>\n<\/div>\n<div class=\"mc-column content-text active-extra-styles\" style=\"text-align: justify;\" data-block-type=\"raw\" data-block-weight=\"3\" data-block-id=\"11\">\n<div class=\"content-intertitle\">\n<h2>Monitoramento e comunica\u00e7\u00f5es<\/h2>\n<\/div>\n<\/div>\n<div class=\"mc-column content-text active-extra-styles \" style=\"text-align: justify;\" data-block-type=\"unstyled\" data-block-weight=\"52\" data-block-id=\"12\">\n<p class=\"content-text__container \" data-track-category=\"Link no Texto\" data-track-links=\"\">Em coletiva de imprensa, o delegado-chefe da PF em Presidente Prudente, Daniel Cora\u00e7a J\u00fanior, e o delegado coordenador da opera\u00e7\u00e3o, Leopoldo Andrade de Souza, explicaram que os investigados da regi\u00e3o apareceram a partir da comunica\u00e7\u00e3o feita pela divis\u00e3o da PF em Bras\u00edlia voltada a este tipo de crime com o exterior.<\/p>\n<\/div>\n<div class=\"mc-column content-text active-extra-styles \" style=\"text-align: justify;\" data-block-type=\"unstyled\" data-block-weight=\"47\" data-block-id=\"13\">\n<p class=\"content-text__container \" data-track-category=\"Link no Texto\" data-track-links=\"\">\u201cEsses alertas s\u00e3o enviados pelos Estados Unidos. Os EUA mandam para a nossa divis\u00e3o em Bras\u00edlia e a nossa divis\u00e3o, atrav\u00e9s do Projeto G\u00eanesis, re\u00fane todas essas informa\u00e7\u00f5es, analisa e encaminha a cada delegacia que tem a atribui\u00e7\u00e3o para investigar o fato ocorrido na sua regi\u00e3o\u201d, afirmaram.<\/p>\n<\/div>\n<div class=\"mc-column content-text active-extra-styles \" style=\"text-align: justify;\" data-block-type=\"unstyled\" data-block-weight=\"32\" data-block-id=\"14\">\n<p class=\"content-text__container \" data-track-category=\"Link no Texto\" data-track-links=\"\">Assim que as informa\u00e7\u00f5es chegaram a Presidente Prudente, foi instaurado um inqu\u00e9rito para que as investiga\u00e7\u00f5es fossem iniciadas. Os trabalhos de campo e de intelig\u00eancia identificam quem acessou e de onde acessou.<\/p>\n<\/div>\n<div class=\"mc-column content-text active-extra-styles \" data-block-type=\"unstyled\" data-block-weight=\"38\" data-block-id=\"15\">\n<p class=\"content-text__container \" style=\"text-align: justify;\" data-track-category=\"Link no Texto\" data-track-links=\"\">\u201cHoje conseguimos arrecadar e apreender materiais, HDs, pendrives, CDs nas resid\u00eancias dos alvos em Presidente Prudente. Esse material ser\u00e1 periciado, n\u00f3s faremos uma an\u00e1lise t\u00e9cnica para verificar o conte\u00fado, e ali encontrar algum material de pornografia infantil\u201d, explicaram.<\/p>\n<div class=\"mc-column content-text active-extra-styles \" style=\"text-align: justify;\" data-block-type=\"unstyled\" data-block-weight=\"65\" data-block-id=\"18\">\n<p class=\"content-text__container \" data-track-category=\"Link no Texto\" data-track-links=\"\">Foi esclarecido que o material \u201ctransita\u201d por outros pa\u00edses e existe um servi\u00e7o de monitoramento da internet que visa a coibir esse tipo de crime. \u201cEnt\u00e3o, se a organiza\u00e7\u00e3o l\u00e1 nos Estados Unidos recebe l\u00e1 e v\u00ea que a origem \u00e9 o Brasil, encaminha pra gente, a mesma coisa das organiza\u00e7\u00f5es no Brasil, quando percebem que \u00e9 de origem estrangeira. As pol\u00edcias se conversam\u201d, afirmaram.<\/p>\n<\/div>\n<div class=\"mc-column content-text active-extra-styles \" style=\"text-align: justify;\" data-block-type=\"unstyled\" data-block-weight=\"24\" data-block-id=\"19\">\n<p class=\"content-text__container \" data-track-category=\"Link no Texto\" data-track-links=\"\">No decorrer da investiga\u00e7\u00e3o, embora tenha havido o cumprimento dos mandados nesta ter\u00e7a-feira (24), j\u00e1 ocorreram outras duas pris\u00f5es em flagrante, em Presidente Prudente.<\/p>\n<\/div>\n<div class=\"mc-column content-text active-extra-styles \" style=\"text-align: justify;\" data-block-type=\"unstyled\" data-block-weight=\"25\" data-block-id=\"20\">\n<p class=\"content-text__container \" data-track-category=\"Link no Texto\" data-track-links=\"\">O Projeto G\u00eanesis tem por finalidade atender todas as demandas que chegam do exterior, organizar, tratar a mat\u00e9ria e encaminhar \u00e0s delegacias de atribui\u00e7\u00e3o territorial.<\/p>\n<\/div>\n<div class=\"mc-column content-text active-extra-styles \" style=\"text-align: justify;\" data-block-type=\"unstyled\" data-block-weight=\"9\" data-block-id=\"21\">\n<p class=\"content-text__container \" data-track-category=\"Link no Texto\" data-track-links=\"\">O pr\u00f3ximo passo \u00e9 a per\u00edcia dos materiais apreendidos.<\/p>\n<\/div>\n<div class=\"mc-column content-text active-extra-styles \" style=\"text-align: justify;\" data-block-type=\"unstyled\" data-block-weight=\"29\" data-block-id=\"22\">\n<p class=\"content-text__container \" data-track-category=\"Link no Texto\" data-track-links=\"\">Ainda conforme os delegados, n\u00e3o h\u00e1 um perfil espec\u00edfico tra\u00e7ado para este tipo de criminoso. Contudo, existe uma situa\u00e7\u00e3o \u201cem comum entre deles: foram abusados sexualmente enquanto crian\u00e7as\u201d.<\/p>\n<\/div>\n<div class=\"mc-column content-text active-extra-styles \" data-block-type=\"unstyled\" data-block-weight=\"52\" data-block-id=\"23\">\n<p class=\"content-text__container \" style=\"text-align: justify;\" data-track-category=\"Link no Texto\" data-track-links=\"\">\u201cEnt\u00e3o, geralmente, o abusado pode vir a se tornar o abusador no futuro. \u00c9 uma quest\u00e3o bem delicada que precisa ser estudada pelos \u00f3rg\u00e3os de sa\u00fade p\u00fablica para verificar uma sa\u00edda mais humana e que realmente consiga uma puni\u00e7\u00e3o \u00e0 altura para esse tipo de crime, porque precisam de tratamento\u201d, foi pontuado.<\/p>\n<p style=\"text-align: justify;\" data-track-category=\"Link no Texto\" data-track-links=\"\">Fonte: G1<\/p>\n<\/div>\n<\/div>\n<\/div>\n<\/div>\n<\/div>\n<\/div>\n<div class=\"content__signa-share\">\n<div class=\"content__signature\">\n<div class=\"content-publication-data\">\n<div class=\"content-publication-data__text\"><\/div>\n<\/div>\n<\/div>\n<\/div>\n","protected":false},"excerpt":{"rendered":"<p>Em Presidente Prudente, foram cumpridos dois mandados de busca e apreens\u00e3o. A\u00e7\u00e3o tamb\u00e9m j\u00e1 resultou na pris\u00e3o em flagrante de um homem, de 25 anos. Celulares, HD e pendrive foram apreendidos em Presidente Prudente \u2014 Foto: Pol\u00edcia Federal\/Cedida A Pol\u00edcia Federal deflagrou na manh\u00e3 desta ter\u00e7a-feira (24) a Opera\u00e7\u00e3o Prote\u00e7\u00e3o Integral para o cumprimento de [&hellip;]<\/p>\n","protected":false},"author":1,"featured_media":7176,"comment_status":"closed","ping_status":"open","sticky":false,"template":"","format":"standard","meta":{"footnotes":""},"categories":[110,2],"tags":[],"class_list":["post-7173","post","type-post","status-publish","format-standard","has-post-thumbnail","hentry","category-noticiasdestaque","category-policial"],"_links":{"self":[{"href":"https:\/\/jorgezanoni.com.br\/2019\/wp-json\/wp\/v2\/posts\/7173","targetHints":{"allow":["GET"]}}],"collection":[{"href":"https:\/\/jorgezanoni.com.br\/2019\/wp-json\/wp\/v2\/posts"}],"about":[{"href":"https:\/\/jorgezanoni.com.br\/2019\/wp-json\/wp\/v2\/types\/post"}],"author":[{"embeddable":true,"href":"https:\/\/jorgezanoni.com.br\/2019\/wp-json\/wp\/v2\/users\/1"}],"replies":[{"embeddable":true,"href":"https:\/\/jorgezanoni.com.br\/2019\/wp-json\/wp\/v2\/comments?post=7173"}],"version-history":[{"count":0,"href":"https:\/\/jorgezanoni.com.br\/2019\/wp-json\/wp\/v2\/posts\/7173\/revisions"}],"wp:featuredmedia":[{"embeddable":true,"href":"https:\/\/jorgezanoni.com.br\/2019\/wp-json\/wp\/v2\/media\/7176"}],"wp:attachment":[{"href":"https:\/\/jorgezanoni.com.br\/2019\/wp-json\/wp\/v2\/media?parent=7173"}],"wp:term":[{"taxonomy":"category","embeddable":true,"href":"https:\/\/jorgezanoni.com.br\/2019\/wp-json\/wp\/v2\/categories?post=7173"},{"taxonomy":"post_tag","embeddable":true,"href":"https:\/\/jorgezanoni.com.br\/2019\/wp-json\/wp\/v2\/tags?post=7173"}],"curies":[{"name":"wp","href":"https:\/\/api.w.org\/{rel}","templated":true}]}}