{"id":71720,"date":"2022-12-03T19:48:13","date_gmt":"2022-12-03T19:48:13","guid":{"rendered":"https:\/\/jorgezanoni.com.br\/2019\/?p=71720"},"modified":"2022-12-03T19:50:28","modified_gmt":"2022-12-03T19:50:28","slug":"hoje-e-comemorado-o-dia-do-delegado-de-policia-2","status":"publish","type":"post","link":"https:\/\/jorgezanoni.com.br\/2019\/hoje-e-comemorado-o-dia-do-delegado-de-policia-2\/","title":{"rendered":"Hoje \u00e9 comemorado o &#8220;Dia do Delegado de Pol\u00edcia&#8221;"},"content":{"rendered":"<p style=\"text-align: justify;\"><strong>&#8220;HOMENAGEM DO SITE JZ A TODOS OS DELEGADOS, ESPECIALMENTE DE DRACENA E REGI\u00c3O&#8221;.<\/strong><\/p>\n<p style=\"text-align: justify;\">O dia 3 de dezembro foi escolhido para comemorar o Dia do Delegado de Poli\u0301cia em raza\u0303o do imperador Dom Pedro II, por interme\u0301dio da Lei n\u00ba 261, de 3 de dezembro de 1841, instituir a figura do Chefe de Poli\u0301cia para o Munici\u0301pio da Corte e para cada uma das provi\u0301ncias do Impe\u0301rio, criando cargos de Delegado e Subdelegado. No sistema jur\u00eddico brasileiro, o cargo de Delegado de Pol\u00edcia sempre foi sin\u00f4nimo de \u201cautoridade policial\u201d, n\u00e3o por ser ele o \u201cchefe\u201d de todas as demais Pol\u00edcias, mas sim por titular as fun\u00e7\u00f5es de mando que, no art. 4\u00ba do C\u00f3digo de Processo Penal, s\u00e3o dadas as \u201cautoridades policiais\u201d, i.e., aquelas pr\u00f3prias de pol\u00edcia judici\u00e1ria (auxiliar do ju\u00edzo) e de repress\u00e3o criminal (apura\u00e7\u00e3o de autoria e materialidade das infra\u00e7\u00f5es penais). Data oficializada pela Lei n\u00ba 13.567, de 21 de dezembro de 2017.<\/p>\n<p><img loading=\"lazy\" decoding=\"async\" class=\"alignnone size-full wp-image-71722\" src=\"https:\/\/jorgezanoni.com.br\/2019\/wp-content\/uploads\/2022\/12\/delegado1.jpg\" alt=\"\" width=\"700\" height=\"700\" srcset=\"https:\/\/jorgezanoni.com.br\/2019\/wp-content\/uploads\/2022\/12\/delegado1.jpg 700w, https:\/\/jorgezanoni.com.br\/2019\/wp-content\/uploads\/2022\/12\/delegado1-300x300.jpg 300w, https:\/\/jorgezanoni.com.br\/2019\/wp-content\/uploads\/2022\/12\/delegado1-150x150.jpg 150w, https:\/\/jorgezanoni.com.br\/2019\/wp-content\/uploads\/2022\/12\/delegado1-696x696.jpg 696w, https:\/\/jorgezanoni.com.br\/2019\/wp-content\/uploads\/2022\/12\/delegado1-420x420.jpg 420w\" sizes=\"auto, (max-width: 700px) 100vw, 700px\" \/><\/p>\n<p style=\"text-align: justify;\">Fonte: Com. Social Pol\u00edcia Civil<\/p>\n","protected":false},"excerpt":{"rendered":"<p>&#8220;HOMENAGEM DO SITE JZ A TODOS OS DELEGADOS, ESPECIALMENTE DE DRACENA E REGI\u00c3O&#8221;. O dia 3 de dezembro foi escolhido para comemorar o Dia do Delegado de Poli\u0301cia em raza\u0303o do imperador Dom Pedro II, por interme\u0301dio da Lei n\u00ba 261, de 3 de dezembro de 1841, instituir a figura do Chefe de Poli\u0301cia para [&hellip;]<\/p>\n","protected":false},"author":1,"featured_media":71721,"comment_status":"closed","ping_status":"open","sticky":false,"template":"","format":"standard","meta":{"footnotes":""},"categories":[110,2],"tags":[],"class_list":["post-71720","post","type-post","status-publish","format-standard","has-post-thumbnail","hentry","category-noticiasdestaque","category-policial"],"_links":{"self":[{"href":"https:\/\/jorgezanoni.com.br\/2019\/wp-json\/wp\/v2\/posts\/71720","targetHints":{"allow":["GET"]}}],"collection":[{"href":"https:\/\/jorgezanoni.com.br\/2019\/wp-json\/wp\/v2\/posts"}],"about":[{"href":"https:\/\/jorgezanoni.com.br\/2019\/wp-json\/wp\/v2\/types\/post"}],"author":[{"embeddable":true,"href":"https:\/\/jorgezanoni.com.br\/2019\/wp-json\/wp\/v2\/users\/1"}],"replies":[{"embeddable":true,"href":"https:\/\/jorgezanoni.com.br\/2019\/wp-json\/wp\/v2\/comments?post=71720"}],"version-history":[{"count":3,"href":"https:\/\/jorgezanoni.com.br\/2019\/wp-json\/wp\/v2\/posts\/71720\/revisions"}],"predecessor-version":[{"id":71725,"href":"https:\/\/jorgezanoni.com.br\/2019\/wp-json\/wp\/v2\/posts\/71720\/revisions\/71725"}],"wp:featuredmedia":[{"embeddable":true,"href":"https:\/\/jorgezanoni.com.br\/2019\/wp-json\/wp\/v2\/media\/71721"}],"wp:attachment":[{"href":"https:\/\/jorgezanoni.com.br\/2019\/wp-json\/wp\/v2\/media?parent=71720"}],"wp:term":[{"taxonomy":"category","embeddable":true,"href":"https:\/\/jorgezanoni.com.br\/2019\/wp-json\/wp\/v2\/categories?post=71720"},{"taxonomy":"post_tag","embeddable":true,"href":"https:\/\/jorgezanoni.com.br\/2019\/wp-json\/wp\/v2\/tags?post=71720"}],"curies":[{"name":"wp","href":"https:\/\/api.w.org\/{rel}","templated":true}]}}