{"id":71716,"date":"2022-12-03T19:25:29","date_gmt":"2022-12-03T19:25:29","guid":{"rendered":"https:\/\/jorgezanoni.com.br\/2019\/?p=71716"},"modified":"2022-12-03T19:25:29","modified_gmt":"2022-12-03T19:25:29","slug":"transtorno-dismorfico-corporal-sintomas-causas-e-tratamentos-por-cidinha-pascoaloto","status":"publish","type":"post","link":"https:\/\/jorgezanoni.com.br\/2019\/transtorno-dismorfico-corporal-sintomas-causas-e-tratamentos-por-cidinha-pascoaloto\/","title":{"rendered":"Transtorno Dism\u00f3rfico Corporal: sintomas, causas e tratamentos  (por Cidinha Pascoaloto)"},"content":{"rendered":"<p style=\"text-align: justify;\">O Transtorno dism\u00f3rfico corporal (TDC) \u00e9 uma doen\u00e7a mental, que acontece quando uma pessoa tem preocupa\u00e7\u00e3o em excesso com alguma parte de sua apar\u00eancia f\u00edsica. Mas nem sempre essa parte que incomoda apresenta algum defeito por serem sutis ou inexistente.<\/p>\n<p style=\"text-align: justify;\">\u00a0Esse transtorno geralmente faz com que a pessoa tenha distor\u00e7\u00e3o de sua autoimagem e isso traz grandes preju\u00edzos, pois a pessoa n\u00e3o consegue se ver exatamente com ela \u00e9. \u00a0Geralmente come\u00e7a na adolesc\u00eancia e ocorre com mais frequ\u00eancia em mulheres.<\/p>\n<p style=\"text-align: justify;\">O transtorno \u00e9 cr\u00f4nico e pode durar uma vida inteira, e os sintomas podem aparecer gradativamente ou de maneira s\u00fabita.<\/p>\n<p style=\"text-align: justify;\">\u00a0As queixas s\u00e3o bem simples como n\u00e3o gosto do meu nariz, minhas pernas s\u00e3o finas ou grossas demais, minha barriga me incomoda ela \u00e9 horrorosa, minha boca \u00e9 torta e muitas vezes o indiv\u00edduo passa a maior parte do tempo preocupado e voltado para esses detalhes.<\/p>\n<p style=\"text-align: justify;\">\u00a0\u00a0A sociedade nos imp\u00f5e um padr\u00e3o de beleza quase imposs\u00edvel de ser alcan\u00e7ado. H\u00e1 supervaloriza\u00e7\u00e3o de padr\u00f5es est\u00e9ticos. A beleza idealizada pode ser gatilho para o transtorno dim\u00f3rfico corporal.<\/p>\n<p style=\"text-align: justify;\">Quando o indiv\u00edduo tem esse julgamento sobre si olha-se constantemente no espelho ou evita olhar para n\u00e3o ver a apar\u00eancia que n\u00e3o lhe agrada. O transtorno dism\u00f3rfico corporal pode n\u00e3o ser diagnosticado porque a pessoa por constrangimento n\u00e3o revela seus sintomas.<\/p>\n<p style=\"text-align: justify;\">\u00a0\u00c9 comum se submeterem a tratamentos est\u00e9ticos para corre\u00e7\u00f5es de defeitos que as vezes n\u00e3o s\u00e3o percebidos por pessoas a sua volta.<\/p>\n<p style=\"text-align: justify;\">Tamb\u00e9m tem indiv\u00edduos que deixam de se relacionar socialmente ou se isolam com medo de rejei\u00e7\u00e3o. O transtorno dism\u00f3rfico corporal traz muito sofrimento para o portador como transtorno depressivo maior, ang\u00fastia, ansiedade uso de drogas e at\u00e9 mesmo o suic\u00eddio.<\/p>\n<p style=\"text-align: justify;\">O tratamento \u00e9 medicamentoso e acompanhado de terapias com interven\u00e7\u00f5es psicol\u00f3gicas.<\/p>\n<p><img loading=\"lazy\" decoding=\"async\" class=\"alignnone size-full wp-image-71717\" src=\"https:\/\/jorgezanoni.com.br\/2019\/wp-content\/uploads\/2022\/12\/Cidinha-Pascoaloto.jpg\" alt=\"\" width=\"500\" height=\"755\" srcset=\"https:\/\/jorgezanoni.com.br\/2019\/wp-content\/uploads\/2022\/12\/Cidinha-Pascoaloto.jpg 500w, https:\/\/jorgezanoni.com.br\/2019\/wp-content\/uploads\/2022\/12\/Cidinha-Pascoaloto-199x300.jpg 199w, https:\/\/jorgezanoni.com.br\/2019\/wp-content\/uploads\/2022\/12\/Cidinha-Pascoaloto-278x420.jpg 278w\" sizes=\"auto, (max-width: 500px) 100vw, 500px\" \/><\/p>\n<p style=\"text-align: justify;\">Cidinha Pascoaloto-Psic\u00f3loga -CRP 06\/158174 Terapia cognitivo Comportamental Com em pessoas enlutadas (TCC)Atendimento online, contato: +55(18) 99725-641<\/p>\n","protected":false},"excerpt":{"rendered":"<p>O Transtorno dism\u00f3rfico corporal (TDC) \u00e9 uma doen\u00e7a mental, que acontece quando uma pessoa tem preocupa\u00e7\u00e3o em excesso com alguma parte de sua apar\u00eancia f\u00edsica. Mas nem sempre essa parte que incomoda apresenta algum defeito por serem sutis ou inexistente. \u00a0Esse transtorno geralmente faz com que a pessoa tenha distor\u00e7\u00e3o de sua autoimagem e isso [&hellip;]<\/p>\n","protected":false},"author":1,"featured_media":71718,"comment_status":"closed","ping_status":"open","sticky":false,"template":"","format":"standard","meta":{"footnotes":""},"categories":[175],"tags":[],"class_list":["post-71716","post","type-post","status-publish","format-standard","has-post-thumbnail","hentry","category-artigos"],"_links":{"self":[{"href":"https:\/\/jorgezanoni.com.br\/2019\/wp-json\/wp\/v2\/posts\/71716","targetHints":{"allow":["GET"]}}],"collection":[{"href":"https:\/\/jorgezanoni.com.br\/2019\/wp-json\/wp\/v2\/posts"}],"about":[{"href":"https:\/\/jorgezanoni.com.br\/2019\/wp-json\/wp\/v2\/types\/post"}],"author":[{"embeddable":true,"href":"https:\/\/jorgezanoni.com.br\/2019\/wp-json\/wp\/v2\/users\/1"}],"replies":[{"embeddable":true,"href":"https:\/\/jorgezanoni.com.br\/2019\/wp-json\/wp\/v2\/comments?post=71716"}],"version-history":[{"count":1,"href":"https:\/\/jorgezanoni.com.br\/2019\/wp-json\/wp\/v2\/posts\/71716\/revisions"}],"predecessor-version":[{"id":71719,"href":"https:\/\/jorgezanoni.com.br\/2019\/wp-json\/wp\/v2\/posts\/71716\/revisions\/71719"}],"wp:featuredmedia":[{"embeddable":true,"href":"https:\/\/jorgezanoni.com.br\/2019\/wp-json\/wp\/v2\/media\/71718"}],"wp:attachment":[{"href":"https:\/\/jorgezanoni.com.br\/2019\/wp-json\/wp\/v2\/media?parent=71716"}],"wp:term":[{"taxonomy":"category","embeddable":true,"href":"https:\/\/jorgezanoni.com.br\/2019\/wp-json\/wp\/v2\/categories?post=71716"},{"taxonomy":"post_tag","embeddable":true,"href":"https:\/\/jorgezanoni.com.br\/2019\/wp-json\/wp\/v2\/tags?post=71716"}],"curies":[{"name":"wp","href":"https:\/\/api.w.org\/{rel}","templated":true}]}}