{"id":71712,"date":"2022-12-03T18:22:02","date_gmt":"2022-12-03T18:22:02","guid":{"rendered":"https:\/\/jorgezanoni.com.br\/2019\/?p=71712"},"modified":"2022-12-03T18:22:24","modified_gmt":"2022-12-03T18:22:24","slug":"policia-militar-atraves-da-forca-tatica-prende-homem-por-trafico-de-drogas-em-dracena","status":"publish","type":"post","link":"https:\/\/jorgezanoni.com.br\/2019\/policia-militar-atraves-da-forca-tatica-prende-homem-por-trafico-de-drogas-em-dracena\/","title":{"rendered":"Pol\u00edcia Militar atrav\u00e9s da For\u00e7a T\u00e1tica prende homem por Tr\u00e1fico de Drogas em Dracena"},"content":{"rendered":"<p style=\"text-align: justify;\"><strong>Fato aconteceu \u00e0s 12:20 Horas de sexta-feira (2), sendo preso um homem de 42 anos com 0,004 Kg de Maconha e 0.0001 Kg. de Crack.<\/strong><\/p>\n<p style=\"text-align: justify;\">DURANTE PATRULHAMENTO DE FOR\u00c7A T\u00c1TICA PELO MUNIC\u00cdPIO DE DRACENA A EQUIPE DEPAROU COM O VE\u00cdCULO VECTRA DE COR PRETA, CONDUZIDO POR UM INDIV\u00cdDUO DE 42 ANOS<br \/>\nAO TENTAR REALIZAR ABORDAGEM ELE EMPREENDEU FUGA POR ALGUMAS RUAS DO BAIRRO JARDIM BRASIL\u00c2NDIA, ONDE ARREMESSOU ALGO PELA JANELA APARENTANDO SER ENTORPECENTE E, AP\u00d3S COLIDIU O VE\u00cdCULO EM UM MURO.<br \/>\nREALIZADA BUSCA PESSOAL NADA HAVIA, COM APOIO DE OUTRA EQUIPE POLICIAL FOI REALIZADA REVISTA NO INTERIOR DO VE\u00cdCULO E OBTIDO \u00caXITO EM LOCALIZAR AS DROGAS.<br \/>\nO INDIV\u00cdDUO PERMANECEU PRESO \u00c0 DISPOSI\u00c7\u00c3O DA JUSTI\u00c7A.<\/p>\n<p style=\"text-align: justify;\">Fonte: Com. Social Pol\u00edcia Militar<\/p>\n","protected":false},"excerpt":{"rendered":"<p>Fato aconteceu \u00e0s 12:20 Horas de sexta-feira (2), sendo preso um homem de 42 anos com 0,004 Kg de Maconha e 0.0001 Kg. de Crack. DURANTE PATRULHAMENTO DE FOR\u00c7A T\u00c1TICA PELO MUNIC\u00cdPIO DE DRACENA A EQUIPE DEPAROU COM O VE\u00cdCULO VECTRA DE COR PRETA, CONDUZIDO POR UM INDIV\u00cdDUO DE 42 ANOS AO TENTAR REALIZAR ABORDAGEM [&hellip;]<\/p>\n","protected":false},"author":1,"featured_media":71713,"comment_status":"closed","ping_status":"open","sticky":false,"template":"","format":"standard","meta":{"footnotes":""},"categories":[110,2],"tags":[],"class_list":["post-71712","post","type-post","status-publish","format-standard","has-post-thumbnail","hentry","category-noticiasdestaque","category-policial"],"_links":{"self":[{"href":"https:\/\/jorgezanoni.com.br\/2019\/wp-json\/wp\/v2\/posts\/71712","targetHints":{"allow":["GET"]}}],"collection":[{"href":"https:\/\/jorgezanoni.com.br\/2019\/wp-json\/wp\/v2\/posts"}],"about":[{"href":"https:\/\/jorgezanoni.com.br\/2019\/wp-json\/wp\/v2\/types\/post"}],"author":[{"embeddable":true,"href":"https:\/\/jorgezanoni.com.br\/2019\/wp-json\/wp\/v2\/users\/1"}],"replies":[{"embeddable":true,"href":"https:\/\/jorgezanoni.com.br\/2019\/wp-json\/wp\/v2\/comments?post=71712"}],"version-history":[{"count":2,"href":"https:\/\/jorgezanoni.com.br\/2019\/wp-json\/wp\/v2\/posts\/71712\/revisions"}],"predecessor-version":[{"id":71715,"href":"https:\/\/jorgezanoni.com.br\/2019\/wp-json\/wp\/v2\/posts\/71712\/revisions\/71715"}],"wp:featuredmedia":[{"embeddable":true,"href":"https:\/\/jorgezanoni.com.br\/2019\/wp-json\/wp\/v2\/media\/71713"}],"wp:attachment":[{"href":"https:\/\/jorgezanoni.com.br\/2019\/wp-json\/wp\/v2\/media?parent=71712"}],"wp:term":[{"taxonomy":"category","embeddable":true,"href":"https:\/\/jorgezanoni.com.br\/2019\/wp-json\/wp\/v2\/categories?post=71712"},{"taxonomy":"post_tag","embeddable":true,"href":"https:\/\/jorgezanoni.com.br\/2019\/wp-json\/wp\/v2\/tags?post=71712"}],"curies":[{"name":"wp","href":"https:\/\/api.w.org\/{rel}","templated":true}]}}