{"id":71645,"date":"2022-11-30T17:27:29","date_gmt":"2022-11-30T17:27:29","guid":{"rendered":"https:\/\/jorgezanoni.com.br\/2019\/?p=71645"},"modified":"2022-11-30T17:27:29","modified_gmt":"2022-11-30T17:27:29","slug":"unifadra-forma-a-1a-turma-de-medicina-de-dracena","status":"publish","type":"post","link":"https:\/\/jorgezanoni.com.br\/2019\/unifadra-forma-a-1a-turma-de-medicina-de-dracena\/","title":{"rendered":"Unifadra forma a 1\u00aa turma de Medicina de Dracena"},"content":{"rendered":"<p style=\"text-align: justify;\"><span style=\"font-size: large;\">Nesta quinta-feira, dia 1\u00ba de dezembro, a partir das 19h30, a Unifadra realizar\u00e1 a cerim\u00f4nia de cola\u00e7\u00e3o de grau dos alunos da 1\u00aa turma do curso de Medicina de Dracena, que recebe o nome de &#8220;Dr. Haroldo Deponte&#8221;. Este \u00e9 um momento hist\u00f3rico para a hist\u00f3ria da cidade e a solenidade contar\u00e1 com homenagens e pronunciamentos, sendo transmitida ao vivo no canal oficial da Fundec pelo link: <\/span><a href=\"https:\/\/youtu.be\/z3sgIcL5QYM\" target=\"_blank\" rel=\"noopener noreferrer\">https:\/\/youtu.be\/z3sgIcL5QYM<\/a><\/p>\n<p>Fonte: Depto. Comunica\u00e7\u00e3o Fundec<\/p>\n<div><\/div>\n<div><\/div>\n","protected":false},"excerpt":{"rendered":"<p>Nesta quinta-feira, dia 1\u00ba de dezembro, a partir das 19h30, a Unifadra realizar\u00e1 a cerim\u00f4nia de cola\u00e7\u00e3o de grau dos alunos da 1\u00aa turma do curso de Medicina de Dracena, que recebe o nome de &#8220;Dr. Haroldo Deponte&#8221;. Este \u00e9 um momento hist\u00f3rico para a hist\u00f3ria da cidade e a solenidade contar\u00e1 com homenagens e [&hellip;]<\/p>\n","protected":false},"author":1,"featured_media":71646,"comment_status":"closed","ping_status":"open","sticky":false,"template":"","format":"standard","meta":{"footnotes":""},"categories":[110,122],"tags":[],"class_list":["post-71645","post","type-post","status-publish","format-standard","has-post-thumbnail","hentry","category-noticiasdestaque","category-saudeeducacaoeconcurso"],"_links":{"self":[{"href":"https:\/\/jorgezanoni.com.br\/2019\/wp-json\/wp\/v2\/posts\/71645","targetHints":{"allow":["GET"]}}],"collection":[{"href":"https:\/\/jorgezanoni.com.br\/2019\/wp-json\/wp\/v2\/posts"}],"about":[{"href":"https:\/\/jorgezanoni.com.br\/2019\/wp-json\/wp\/v2\/types\/post"}],"author":[{"embeddable":true,"href":"https:\/\/jorgezanoni.com.br\/2019\/wp-json\/wp\/v2\/users\/1"}],"replies":[{"embeddable":true,"href":"https:\/\/jorgezanoni.com.br\/2019\/wp-json\/wp\/v2\/comments?post=71645"}],"version-history":[{"count":1,"href":"https:\/\/jorgezanoni.com.br\/2019\/wp-json\/wp\/v2\/posts\/71645\/revisions"}],"predecessor-version":[{"id":71647,"href":"https:\/\/jorgezanoni.com.br\/2019\/wp-json\/wp\/v2\/posts\/71645\/revisions\/71647"}],"wp:featuredmedia":[{"embeddable":true,"href":"https:\/\/jorgezanoni.com.br\/2019\/wp-json\/wp\/v2\/media\/71646"}],"wp:attachment":[{"href":"https:\/\/jorgezanoni.com.br\/2019\/wp-json\/wp\/v2\/media?parent=71645"}],"wp:term":[{"taxonomy":"category","embeddable":true,"href":"https:\/\/jorgezanoni.com.br\/2019\/wp-json\/wp\/v2\/categories?post=71645"},{"taxonomy":"post_tag","embeddable":true,"href":"https:\/\/jorgezanoni.com.br\/2019\/wp-json\/wp\/v2\/tags?post=71645"}],"curies":[{"name":"wp","href":"https:\/\/api.w.org\/{rel}","templated":true}]}}