{"id":71639,"date":"2022-11-30T16:33:45","date_gmt":"2022-11-30T16:33:45","guid":{"rendered":"https:\/\/jorgezanoni.com.br\/2019\/?p=71639"},"modified":"2022-11-30T16:33:45","modified_gmt":"2022-11-30T16:33:45","slug":"operacao-medusa-justica-condena-autor-de-roubo-e-estupro-praticados-em-dracena-a-pena-superior-a-22-anos-de-reclusao","status":"publish","type":"post","link":"https:\/\/jorgezanoni.com.br\/2019\/operacao-medusa-justica-condena-autor-de-roubo-e-estupro-praticados-em-dracena-a-pena-superior-a-22-anos-de-reclusao\/","title":{"rendered":"\u201cOPERA\u00c7\u00c3O MEDUSA\u201d Justi\u00e7a condena autor de Roubo e Estupro praticados em Dracena a pena superior a 22 anos de reclus\u00e3o"},"content":{"rendered":"<p style=\"text-align: justify;\">A Pol\u00edcia Civil, por interm\u00e9dio das Unidades Especializadas &#8211; DIG\/DISE, divulgou nesta ter\u00e7a-feira (29), que o homem de 49 anos, suspeito da autoria do caso de roubo e estupro ocorrido numa propriedade rural, no m\u00eas de julho em Dracena, foi condenado pela ju\u00edza da 3\u00aa Vara Criminal de Dracena, ap\u00f3s den\u00fancia oferecida pela 3 Promotoria de Justi\u00e7a de Dracena, a uma pena de 22 anos, 5 cinco meses e 10 dias de reclus\u00e3o em regime inicial fechado e multa. A senten\u00e7a condenat\u00f3ria em primeira inst\u00e2ncia foi divulgada ontem (28) pelo Tribunal de Justi\u00e7a de S\u00e3o Paulo.<\/p>\n<p style=\"text-align: justify;\">O CRIME: O homem, de 49 anos, era o principal suspeito de ter cometido o crime de roubo a um casal morador em uma ch\u00e1cara e, em seguida, praticado crime de estrupo contra uma das v\u00edtimas. O crime ocorreu na madrugada do dia 23, no m\u00eas de julho.<\/p>\n<p style=\"text-align: justify;\">O TRABALHO DE POL\u00cdCIA JUDICI\u00c1RIA: As investiga\u00e7\u00f5es policiais, que duraram aproximadamente um m\u00eas, foram realizadas por agentes integrantes das Unidades Especializadas (Delegacia de Investiga\u00e7\u00f5es Gerais &#8211; DIG e Delegacia de Investiga\u00e7\u00f5es Sobre Entorpecentes &#8211; DISE), que contaram ainda com apoio operacional e log\u00edstico do Centro de Intelig\u00eancia Policial da Delegacia Seccional de Pol\u00edcia de Dracena, da Ger\u00eancia de Intelig\u00eancia Policial &#8211; Ginpol, da Pol\u00edcia Civil do Estado da Alagoas e do Servi\u00e7o Aerot\u00e1tico (SAT) do Dope Departamento de Opera\u00e7\u00f5es Policias Estrat\u00e9gicas da Policia Civil de S\u00e3o Paulo.<\/p>\n<p style=\"text-align: justify;\">O acusado, ap\u00f3s representa\u00e7\u00e3o da Autoridade Policial no bojo do Inqu\u00e9rito Policial instaurado para apura\u00e7\u00e3o dos fatos, foi preso temporariamente no dia 23\/08\/2022, em uma a\u00e7\u00e3o interestadual entre as Pol\u00edcias Civis do Estado de S\u00e3o Paulo e de Alagoas, no munic\u00edpio de Arapiraca\/AL, cidade alagoana para onde o homem fugiu ap\u00f3s ter cometidos os crimes.<\/p>\n<p style=\"text-align: justify;\">No dia 13 de setembro, uma aeronave da Policia Civil de S\u00e3o Paulo, modelo EC 130B4, pilotada por agentes do Servi\u00e7o Aerot\u00e1tico (SAT) do Dope &#8211; Departamento de Opera\u00e7\u00f5es Policias Estrat\u00e9gicas, realizou o recambiamento do preso da cidade Arapiraca\/AL para a cidade Dracena, onde foram realizadas oitivas e formalizado o indiciamento do acusado e, posteriormente, decretada a sua pris\u00e3o preventiva.<\/p>\n<p style=\"text-align: justify;\">Fonte: Com. Social Pol\u00edcia Civil<\/p>\n","protected":false},"excerpt":{"rendered":"<p>A Pol\u00edcia Civil, por interm\u00e9dio das Unidades Especializadas &#8211; DIG\/DISE, divulgou nesta ter\u00e7a-feira (29), que o homem de 49 anos, suspeito da autoria do caso de roubo e estupro ocorrido numa propriedade rural, no m\u00eas de julho em Dracena, foi condenado pela ju\u00edza da 3\u00aa Vara Criminal de Dracena, ap\u00f3s den\u00fancia oferecida pela 3 Promotoria [&hellip;]<\/p>\n","protected":false},"author":1,"featured_media":71640,"comment_status":"closed","ping_status":"open","sticky":false,"template":"","format":"standard","meta":{"footnotes":""},"categories":[110,2],"tags":[],"class_list":["post-71639","post","type-post","status-publish","format-standard","has-post-thumbnail","hentry","category-noticiasdestaque","category-policial"],"_links":{"self":[{"href":"https:\/\/jorgezanoni.com.br\/2019\/wp-json\/wp\/v2\/posts\/71639","targetHints":{"allow":["GET"]}}],"collection":[{"href":"https:\/\/jorgezanoni.com.br\/2019\/wp-json\/wp\/v2\/posts"}],"about":[{"href":"https:\/\/jorgezanoni.com.br\/2019\/wp-json\/wp\/v2\/types\/post"}],"author":[{"embeddable":true,"href":"https:\/\/jorgezanoni.com.br\/2019\/wp-json\/wp\/v2\/users\/1"}],"replies":[{"embeddable":true,"href":"https:\/\/jorgezanoni.com.br\/2019\/wp-json\/wp\/v2\/comments?post=71639"}],"version-history":[{"count":1,"href":"https:\/\/jorgezanoni.com.br\/2019\/wp-json\/wp\/v2\/posts\/71639\/revisions"}],"predecessor-version":[{"id":71641,"href":"https:\/\/jorgezanoni.com.br\/2019\/wp-json\/wp\/v2\/posts\/71639\/revisions\/71641"}],"wp:featuredmedia":[{"embeddable":true,"href":"https:\/\/jorgezanoni.com.br\/2019\/wp-json\/wp\/v2\/media\/71640"}],"wp:attachment":[{"href":"https:\/\/jorgezanoni.com.br\/2019\/wp-json\/wp\/v2\/media?parent=71639"}],"wp:term":[{"taxonomy":"category","embeddable":true,"href":"https:\/\/jorgezanoni.com.br\/2019\/wp-json\/wp\/v2\/categories?post=71639"},{"taxonomy":"post_tag","embeddable":true,"href":"https:\/\/jorgezanoni.com.br\/2019\/wp-json\/wp\/v2\/tags?post=71639"}],"curies":[{"name":"wp","href":"https:\/\/api.w.org\/{rel}","templated":true}]}}