{"id":71611,"date":"2022-11-29T15:51:50","date_gmt":"2022-11-29T15:51:50","guid":{"rendered":"https:\/\/jorgezanoni.com.br\/2019\/?p=71611"},"modified":"2022-11-29T15:51:50","modified_gmt":"2022-11-29T15:51:50","slug":"policia-militar-prende-homem-por-trafico-de-drogas-no-bairro-metropole-em-dracena","status":"publish","type":"post","link":"https:\/\/jorgezanoni.com.br\/2019\/policia-militar-prende-homem-por-trafico-de-drogas-no-bairro-metropole-em-dracena\/","title":{"rendered":"Pol\u00edcia Militar prende homem por Tr\u00e1fico de Drogas no Bairro Metr\u00f3pole em Dracena"},"content":{"rendered":"<p style=\"text-align: justify;\"><strong>A ocorr\u00eancia foi registrada na noite desta segunda-feira (28) \u00e0s 20:20 Horas na Avenida Joaquina Maria Andr\u00e9 no Bairro Metr\u00f3pole, em Dracena.\u00a0Dois maiores de 23 e 20 anos foram indiciados, um permaneceu \u00e0 disposi\u00e7\u00e3o da Justi\u00e7a.<\/strong><\/p>\n<p style=\"text-align: justify;\">DURANTE PATRULHAMENTO DE FOR\u00c7A T\u00c1TICA PELA CIDADE DE DRACENA, AO AVISTAR DOIS INDIV\u00cdDUOS QUE AO PERCEBEREM A VIATURA, TENTARAM SE EVADIR, POR\u00c9M SEM \u00caXITO.<br \/>\nABORDADOS E AP\u00d3S BUSCA PESSOAL, FOI LOCALIZADO COM O INDICIADO (01) UMA POR\u00c7\u00c3O DE MACONHA E COM O INDICIADO 02 TAMB\u00c9M FORA LOCALIZADO UMA POR\u00c7\u00c3O DO MESMO ENTORPECENTE. AO SEREM QUESTIONADOS, INDICIADO 01 CONFESSOU QUE HAVIA COMPRADO A DROGA DO INDICIADO 02. INDICIADO 02 CONFESSOU A MERCANCIA DA DROGA, INFORMANDO QUE A POR\u00c7\u00c3O QUE TRAZIA CONSIGO IRIA VENDE-LA NA ESCOLA ESTADUAL ISAC PEREIRA. QUESTIONADO SE HAVIA MAIS ENTORPECENTE EM SUA RESID\u00caNCIA, INFORMOU QUE SIM E AP\u00d3S DILIG\u00caNCIAS NO LOCAL, FOI LOCALIZADO MAIS UMA QUANTIDADE DE MACONHA.<br \/>\nDADOS E PARTES AO PLANT\u00c3O POLICIAL, ONDE A AUTORIDADE DE PLANT\u00c3O TOMOU CI\u00caNCIA DOA FATOS, RATIFICANDO A PRIS\u00c3O EM FLAGRANTE, MANTENDO O INDICIADO 02 PRESO E \u00c0 DISPOSI\u00c7\u00c3O DA JUSTI\u00c7A, LIBERANDO O INDICIADO 01 EM SEGUIDA.<\/p>\n<p style=\"text-align: justify;\">Fonte: Com. Social Pol\u00edcia Militar<\/p>\n","protected":false},"excerpt":{"rendered":"<p>A ocorr\u00eancia foi registrada na noite desta segunda-feira (28) \u00e0s 20:20 Horas na Avenida Joaquina Maria Andr\u00e9 no Bairro Metr\u00f3pole, em Dracena.\u00a0Dois maiores de 23 e 20 anos foram indiciados, um permaneceu \u00e0 disposi\u00e7\u00e3o da Justi\u00e7a. DURANTE PATRULHAMENTO DE FOR\u00c7A T\u00c1TICA PELA CIDADE DE DRACENA, AO AVISTAR DOIS INDIV\u00cdDUOS QUE AO PERCEBEREM A VIATURA, TENTARAM [&hellip;]<\/p>\n","protected":false},"author":1,"featured_media":71612,"comment_status":"closed","ping_status":"open","sticky":false,"template":"","format":"standard","meta":{"footnotes":""},"categories":[110,2],"tags":[],"class_list":["post-71611","post","type-post","status-publish","format-standard","has-post-thumbnail","hentry","category-noticiasdestaque","category-policial"],"_links":{"self":[{"href":"https:\/\/jorgezanoni.com.br\/2019\/wp-json\/wp\/v2\/posts\/71611","targetHints":{"allow":["GET"]}}],"collection":[{"href":"https:\/\/jorgezanoni.com.br\/2019\/wp-json\/wp\/v2\/posts"}],"about":[{"href":"https:\/\/jorgezanoni.com.br\/2019\/wp-json\/wp\/v2\/types\/post"}],"author":[{"embeddable":true,"href":"https:\/\/jorgezanoni.com.br\/2019\/wp-json\/wp\/v2\/users\/1"}],"replies":[{"embeddable":true,"href":"https:\/\/jorgezanoni.com.br\/2019\/wp-json\/wp\/v2\/comments?post=71611"}],"version-history":[{"count":1,"href":"https:\/\/jorgezanoni.com.br\/2019\/wp-json\/wp\/v2\/posts\/71611\/revisions"}],"predecessor-version":[{"id":71613,"href":"https:\/\/jorgezanoni.com.br\/2019\/wp-json\/wp\/v2\/posts\/71611\/revisions\/71613"}],"wp:featuredmedia":[{"embeddable":true,"href":"https:\/\/jorgezanoni.com.br\/2019\/wp-json\/wp\/v2\/media\/71612"}],"wp:attachment":[{"href":"https:\/\/jorgezanoni.com.br\/2019\/wp-json\/wp\/v2\/media?parent=71611"}],"wp:term":[{"taxonomy":"category","embeddable":true,"href":"https:\/\/jorgezanoni.com.br\/2019\/wp-json\/wp\/v2\/categories?post=71611"},{"taxonomy":"post_tag","embeddable":true,"href":"https:\/\/jorgezanoni.com.br\/2019\/wp-json\/wp\/v2\/tags?post=71611"}],"curies":[{"name":"wp","href":"https:\/\/api.w.org\/{rel}","templated":true}]}}